{"id":6405,"date":"2017-06-05T14:44:55","date_gmt":"2017-06-05T17:44:55","guid":{"rendered":"http:\/\/www.jornaldaconstrucaocivil.com.br\/?p=6405"},"modified":"2017-06-05T14:44:55","modified_gmt":"2017-06-05T17:44:55","slug":"dia-mundial-do-meio-ambiente-importancia-do-cerrado-e-da-caatinga","status":"publish","type":"post","link":"https:\/\/construcaocivil.siriusmarketingedesign.com.br\/?p=6405","title":{"rendered":"Dia Mundial do Meio Ambiente: Import\u00e2ncia do Cerrado e da Caatinga"},"content":{"rendered":"<p style=\"text-align: justify;\"><span style=\"color: #000080;\"><em><strong>Peti\u00e7\u00e3o pede transforma\u00e7\u00e3o do Cerrado e da Caatinga em Patrim\u00f4nio Nacional<\/strong><\/em><\/span><\/p>\n<p style=\"text-align: justify;\"><span style=\"color: #000000;\">Mais de 50 organiza\u00e7\u00f5es alertam para a import\u00e2ncia estrat\u00e9gica do Cerrado para a quest\u00e3o h\u00eddrica. Medida pode garantir maior prote\u00e7\u00e3o aos dois biomas<\/span><\/p>\n<p style=\"text-align: justify;\"><span style=\"color: #000000;\"><span style=\"color: #993300;\">Junho, 2017<\/span> &#8211; No Dia Mundial do Meio Ambiente &#8211; 5 de junho &#8211; a <span style=\"color: #993300;\">Campanha Nacional em Defesa do Cerrado<\/span>, encabe\u00e7ada por mais de 50 organiza\u00e7\u00f5es e institui\u00e7\u00f5es do Brasil todo, lan\u00e7a o abaixo-assinado pela aprova\u00e7\u00e3o da <span style=\"color: #0000ff;\">PEC 504\/2010<\/span>. Atualmente, segundo a Constitui\u00e7\u00e3o, s\u00e3o patrim\u00f4nios nacionais a Amaz\u00f4nia, a Mata Atl\u00e2ntica, a Serra do Mar, o Pantanal e a Zona Costeira.<\/span><\/p>\n<p style=\"text-align: justify;\"><a href=\"http:\/\/www.jornaldaconstrucaocivil.com.br\/wp-content\/uploads\/2017\/06\/AA-Serrado.png\"><img loading=\"lazy\" decoding=\"async\" class=\"wp-image-6406 alignleft\" src=\"http:\/\/www.jornaldaconstrucaocivil.com.br\/wp-content\/uploads\/2017\/06\/AA-Serrado-1024x391.png\" alt=\"AA Serrado\" width=\"450\" height=\"172\" \/><\/a><\/p>\n<p style=\"text-align: justify;\"><span style=\"color: #000000;\">O Cerrado ocupa um quarto do territ\u00f3rio nacional e est\u00e1 localizado no cora\u00e7\u00e3o do Brasil, abrangendo 13 estados. Apesar de sua import\u00e2ncia para o equil\u00edbrio ambiental, o Cerrado tem sido destru\u00eddo nas \u00faltimas d\u00e9cadas para a expans\u00e3o do agroneg\u00f3cio e grandes empreendimentos e mais de 50% da sua vegeta\u00e7\u00e3o j\u00e1 foi desmatada. A Caatinga, bioma exclusivamente brasileiro, abriga uma diversidade de esp\u00e9cies ainda pouco conhecida por grande parte da popula\u00e7\u00e3o. Atualmente 46% de vegeta\u00e7\u00e3o nativa da Caatinga foi devastada.<\/span><\/p>\n<p style=\"text-align: justify;\"><span style=\"color: #000000;\">A legisla\u00e7\u00e3o brasileira n\u00e3o garante plena prote\u00e7\u00e3o ao Cerrado, que possui a menor porcentagem de \u00e1reas sobre prote\u00e7\u00e3o integral (3%). J\u00e1 a Caatinga possui somente 7% de seu territ\u00f3rio em \u00e1reas de prote\u00e7\u00e3o integral. Para fins de compara\u00e7\u00e3o, a Amaz\u00f4nia tem 50% do seu territ\u00f3rio protegido. Na semana passada aconteceu uma audi\u00eancia p\u00fablica sobre o tema na C\u00e2mara dos Deputados para discutir o impacto dessa realidade nas \u00e1reas urbanas.<\/span><\/p>\n<p style=\"text-align: justify;\"><span style=\"color: #000000;\">A destrui\u00e7\u00e3o desses biomas, em especial do Cerrado, impacta diretamente na quest\u00e3o h\u00eddrica. Diferentes estudos da Universidade de Goi\u00e1s, da Universidade de Bras\u00edlia, da Universidade Federal do Mato Grosso do Sul e da Brown University (publicada na revista cient\u00edfica Global Change Biology em 2016) apontam que o desmatamento no Cerrado \u00e9 uma das causas para a crise de abastecimento de \u00e1gua pot\u00e1vel que assolou diferentes estados do pa\u00eds. Isso porque o bioma \u00e9 considerado o ber\u00e7o das \u00e1guas: \u00e9 no Cerrado onde est\u00e3o localizados os tr\u00eas grandes aqu\u00edferos que abastecem boa parte do pa\u00eds: Guarani, Urucuia e Bambu\u00ed.\u00a0 A \u00e1gua que vai para a torneira dos brasileiros tem grande chance de ser do Cerrado.<\/span><\/p>\n<p style=\"text-align: justify;\"><span style=\"color: #000000;\">A peti\u00e7\u00e3o pede que os biomas Cerrado e Caatinga tenham a mesma prote\u00e7\u00e3o que a Amaz\u00f4nia, o Pantanal e a Mata Atl\u00e2ntica j\u00e1 possuem.<span style=\"color: #000080;\"><em> \u201cSe o Congresso aprovar a lei que transforma o Cerrado e a Caatinga em Patrim\u00f4nio Nacional, teremos mais for\u00e7a para impedir o desmatamento e a expuls\u00e3o dos povos\u201d<\/em><\/span>, explica Pedro Alves dos Santos,\u00a0 da comunidade Sussuarana, em Campos Lindos, no Tocantins. \u00c9 Pedro quem representa os povos e comunidades tradicionais desses dois biomas e as organiza\u00e7\u00f5es que comp\u00f5em a Campanha Nacional no abaixo assinado lan\u00e7ado.<\/span><\/p>\n<p style=\"text-align: justify;\"><span style=\"color: #000000;\">A Proposta de Emenda \u00e0 Constitui\u00e7\u00e3o <span style=\"color: #0000ff;\">(PEC) 504\/10<\/span> altera o \u00a7 4\u00ba do art. 225 da Constitui\u00e7\u00e3o Federal para incluir o Cerrado e a Caatinga entre os biomas considerados patrim\u00f4nio nacional. S\u00f3 em 2017, a PEC foi colocada em pauta 13 vezes, por\u00e9m n\u00e3o foi apreciada.<\/span><\/p>\n<p style=\"text-align: justify;\">Saiba mais sobre a campanha<span style=\"text-decoration: underline;\"><span style=\"color: #0000ff;\"><strong> <a style=\"color: #0000ff; text-decoration: underline;\" href=\"http:\/\/www.semcerrado.org.br\/\" target=\"_blank\" rel=\"noreferrer\">www.semcerrado.org.br<\/a><\/strong><\/span><\/span><\/p>\n<p>&nbsp;<\/p>\n","protected":false},"excerpt":{"rendered":"<p>Peti\u00e7\u00e3o pede transforma\u00e7\u00e3o do Cerrado e da Caatinga em Patrim\u00f4nio Nacional Mais de 50 organiza\u00e7\u00f5es alertam para a import\u00e2ncia estrat\u00e9gica do Cerrado para a quest\u00e3o h\u00eddrica. Medida pode garantir maior prote\u00e7\u00e3o aos dois biomas Junho, 2017 &#8211; No Dia Mundial do Meio Ambiente &#8211; 5 de junho &#8211; a Campanha Nacional em Defesa do Cerrado, [&hellip;]<\/p>\n","protected":false},"author":1,"featured_media":6406,"comment_status":"open","ping_status":"open","sticky":false,"template":"","format":"standard","meta":{"_uag_custom_page_level_css":"","footnotes":""},"categories":[37],"tags":[833,867,1435,1717,1757,2155,3207,3581,7438,8750],"class_list":["post-6405","post","type-post","status-publish","format-standard","has-post-thumbnail","hentry","category-sustentabilidade","tag-aquiferos-guarani-urucuia-bambui","tag-areas-urbanas","tag-biomas-do-cerrado","tag-camara-dos-deputados","tag-campanha-nacional-em-defesa-do-cerrado","tag-cerrado-e-caatinga","tag-crise-hidrica","tag-destruicao-do-cerrado","tag-meio-ambiente","tag-pec-5042010"],"blocksy_meta":[],"spectra_blocks_featured_image_url":[],"spectra_blocks_author_info":{"display_name":"Jornal da Constru\u00e7\u00e3o Civil","avatar_url":"https:\/\/secure.gravatar.com\/avatar\/973c9774fd44ddaceb026973c4962faa70fc512bc4c9da68e8ebb40fecee6540?s=96&d=mm&r=g","author_link":"https:\/\/construcaocivil.siriusmarketingedesign.com.br\/?author=1","description":"Desde de 2013, levando muitas informa\u00e7\u00f5es, lan\u00e7amentos e produtos de qualidade para toda cadeia produtiva da constru\u00e7\u00e3o. O Futuro da constru\u00e7\u00e3o passa por aqui,"},"uagb_featured_image_src":{"full":false,"thumbnail":false,"medium":false,"medium_large":false,"large":false,"1536x1536":false,"2048x2048":false},"uagb_author_info":{"display_name":"Jornal da Constru\u00e7\u00e3o Civil","author_link":"https:\/\/construcaocivil.siriusmarketingedesign.com.br\/?author=1"},"uagb_comment_info":0,"uagb_excerpt":"Peti\u00e7\u00e3o pede transforma\u00e7\u00e3o do Cerrado e da Caatinga em Patrim\u00f4nio Nacional Mais de 50 organiza\u00e7\u00f5es alertam para a import\u00e2ncia estrat\u00e9gica do Cerrado para a quest\u00e3o h\u00eddrica. Medida pode garantir maior prote\u00e7\u00e3o aos dois biomas Junho, 2017 &#8211; No Dia Mundial do Meio Ambiente &#8211; 5 de junho &#8211; a Campanha Nacional em Defesa do Cerrado,&hellip;","_links":{"self":[{"href":"https:\/\/construcaocivil.siriusmarketingedesign.com.br\/index.php?rest_route=\/wp\/v2\/posts\/6405","targetHints":{"allow":["GET"]}}],"collection":[{"href":"https:\/\/construcaocivil.siriusmarketingedesign.com.br\/index.php?rest_route=\/wp\/v2\/posts"}],"about":[{"href":"https:\/\/construcaocivil.siriusmarketingedesign.com.br\/index.php?rest_route=\/wp\/v2\/types\/post"}],"author":[{"embeddable":true,"href":"https:\/\/construcaocivil.siriusmarketingedesign.com.br\/index.php?rest_route=\/wp\/v2\/users\/1"}],"replies":[{"embeddable":true,"href":"https:\/\/construcaocivil.siriusmarketingedesign.com.br\/index.php?rest_route=%2Fwp%2Fv2%2Fcomments&post=6405"}],"version-history":[{"count":0,"href":"https:\/\/construcaocivil.siriusmarketingedesign.com.br\/index.php?rest_route=\/wp\/v2\/posts\/6405\/revisions"}],"wp:attachment":[{"href":"https:\/\/construcaocivil.siriusmarketingedesign.com.br\/index.php?rest_route=%2Fwp%2Fv2%2Fmedia&parent=6405"}],"wp:term":[{"taxonomy":"category","embeddable":true,"href":"https:\/\/construcaocivil.siriusmarketingedesign.com.br\/index.php?rest_route=%2Fwp%2Fv2%2Fcategories&post=6405"},{"taxonomy":"post_tag","embeddable":true,"href":"https:\/\/construcaocivil.siriusmarketingedesign.com.br\/index.php?rest_route=%2Fwp%2Fv2%2Ftags&post=6405"}],"curies":[{"name":"wp","href":"https:\/\/api.w.org\/{rel}","templated":true}]}}