{"id":6415,"date":"2017-06-05T20:42:04","date_gmt":"2017-06-05T23:42:04","guid":{"rendered":"http:\/\/www.jornaldaconstrucaocivil.com.br\/?p=6415"},"modified":"2017-06-05T20:42:04","modified_gmt":"2017-06-05T23:42:04","slug":"organics-brasil-promove-congresso-internacional-sobre-comunicacao-e-o-consumidor-de-organicos-no-mundo","status":"publish","type":"post","link":"https:\/\/construcaocivil.siriusmarketingedesign.com.br\/?p=6415","title":{"rendered":"Organics Brasil promove Congresso Internacional sobre comunica\u00e7\u00e3o e o consumidor de org\u00e2nicos no mundo"},"content":{"rendered":"<p style=\"text-align: justify;\"><span style=\"color: #000000;\"><span style=\"color: #993300;\">Junho, 2017<\/span> &#8211; O Projeto Organics Brasil, parceria do ORGANIS e Apex-Brasil, realiza o 13\u00ba F\u00f3rum Internacional da Produ\u00e7\u00e3o Org\u00e2nica e Sustent\u00e1vel, na Bio Brazil Fair \u2502Biofach Am\u00e9rica Latina, abordando a comunica\u00e7\u00e3o e o perfil do consumidor nos mercados da \u00c1sia, Europa, Am\u00e9rica do Norte e autoridades em pesquisa e agricultura org\u00e2nica mundial.<\/span><\/p>\n<p style=\"text-align: justify;\"><span style=\"color: #000000;\"><span style=\"color: #003366;\"><em>&#8220;Todos os anos elegemos um tema relevante para o Congresso Internacional e trazemos as lideran\u00e7as mais representativas do mercado global do setor para fazer uma atualiza\u00e7\u00e3o de estat\u00edsticas, estrat\u00e9gias, al\u00e9m de conhecer o mercado nacional para replicar, em seus pa\u00edses e em outros eventos, o potencial do Brasil no setor de org\u00e2nicos. Este ano, elegemos o consumidor e como aproveitar as oportunidades de demanda de saudabilidade para crescer&#8221;<\/em><\/span>, explica Ming Liu, diretor do Projeto Organics Brasil.<\/span><\/p>\n<p style=\"text-align: justify;\"><span style=\"color: #993300;\">O Congresso Internacional ser\u00e1 dia 8 de junho das 13h40 \u00e0s 18h, na Arena do Conhecimento, com:<\/span><\/p>\n<p style=\"text-align: justify;\"><span style=\"color: #000000;\"><span style=\"color: #993300;\">Denise Godinho<\/span>, diretora de comunica\u00e7\u00e3o da <span style=\"text-decoration: underline;\"><span style=\"color: #0000ff;\"><a style=\"color: #0000ff; text-decoration: underline;\" href=\"https:\/\/www.ifoam.bio\/en\/about-us\/history\" target=\"_blank\" rel=\"noreferrer\">IFOAM<\/a><\/span><\/span> (Federa\u00e7\u00e3o Internacional da Agricultura Org\u00e2nica) \u2013 Comunica\u00e7\u00e3o com o consumidor org\u00e2nico \u2013 voc\u00ea est\u00e1 atingindo seu alvo?;<\/span><\/p>\n<p style=\"text-align: justify;\"><span style=\"color: #000000;\"><span style=\"color: #993300;\">Amarjit Sahota<\/span> \u2013 CEO do <span style=\"text-decoration: underline;\"><span style=\"color: #0000ff;\"><a style=\"color: #0000ff; text-decoration: underline;\" href=\"http:\/\/www.ecoviaint.com\/\" target=\"_blank\" rel=\"noreferrer\">Eco Via Internacional<\/a><\/span><\/span>\u00a0(antigo Organic Monitor) \u2013 Mercado global org\u00e2nico;<\/span><\/p>\n<p style=\"text-align: justify;\"><span style=\"color: #000000;\"><span style=\"color: #993300;\">Tia Loftsgard<\/span> \u2013 Diretora Executiva da<span style=\"text-decoration: underline;\"><span style=\"color: #0000ff;\"> <a style=\"color: #0000ff; text-decoration: underline;\" href=\"https:\/\/www.ota.com\/canada-ota\" target=\"_blank\" rel=\"noreferrer\">Canada Organic Trade Association<\/a><\/span><\/span>&#8211; (COTA) \u2013 Mercado Org\u00e2nico do Canad\u00e1 e os l\u00edderes da produ\u00e7\u00e3o org\u00e2nica;<\/span><\/p>\n<p style=\"text-align: justify;\"><span style=\"color: #000000;\"><span style=\"color: #993300;\">Maria Mascaraque<\/span> \u2013<span style=\"text-decoration: underline;\"><span style=\"color: #0000ff;\"> <a style=\"color: #0000ff; text-decoration: underline;\" href=\"http:\/\/www.euromonitor.com\/\" target=\"_blank\" rel=\"noreferrer\">Euromonitor Internacional<\/a><\/span><\/span> \u00a0\u2013 Certifica\u00e7\u00e3o org\u00e2nica:oportunidades dentro da ind\u00fastria de alimentos e bebidas;<\/span><\/p>\n<p style=\"text-align: justify;\"><span style=\"color: #000000;\"><span style=\"color: #993300;\">Iride Ciaccia<\/span> \u2013 diretora da <span style=\"text-decoration: underline;\"><span style=\"color: #0000ff;\"><a style=\"color: #0000ff; text-decoration: underline;\" href=\"http:\/\/www.lcinternational.it\/\" target=\"_blank\" rel=\"noreferrer\">LC International<\/a><\/span><\/span>\u00a0(empresa italiana de consultoria em empreendedorismo) \u2013 Informa\u00e7\u00e3o e atividades de promo\u00e7\u00e3o para os produtos org\u00e2nicos e certifica\u00e7\u00e3o europ\u00e9ia na \u00c1sia, \u00cdndia e Brasil<\/span><\/p>\n<p style=\"text-align: justify;\">Fonte: <span style=\"color: #000000;\">Imprensa\/\u00a0Conselho Brasileiro da Produ\u00e7\u00e3o Org\u00e2nica e Sustent\u00e1vel \u2013 ORGANIS<\/span><\/p>\n<p style=\"text-align: justify;\">Site:<span style=\"text-decoration: underline;\"><span style=\"color: #0000ff; text-decoration: underline;\">\u00a0www.biobrazilfair.com.br<\/span><\/span><\/p>\n<p>&nbsp;<\/p>\n","protected":false},"excerpt":{"rendered":"<p>Junho, 2017 &#8211; O Projeto Organics Brasil, parceria do ORGANIS e Apex-Brasil, realiza o 13\u00ba F\u00f3rum Internacional da Produ\u00e7\u00e3o Org\u00e2nica e Sustent\u00e1vel, na Bio Brazil Fair \u2502Biofach Am\u00e9rica Latina, abordando a comunica\u00e7\u00e3o e o perfil do consumidor nos mercados da \u00c1sia, Europa, Am\u00e9rica do Norte e autoridades em pesquisa e agricultura org\u00e2nica mundial. &#8220;Todos os [&hellip;]<\/p>\n","protected":false},"author":1,"featured_media":0,"comment_status":"open","ping_status":"open","sticky":false,"template":"","format":"standard","meta":{"_uag_custom_page_level_css":"","footnotes":""},"categories":[27],"tags":[529,1411,1789,2792,3848,4681,5873,6759,7690,8517,8735,10679],"class_list":["post-6415","post","type-post","status-publish","format-standard","hentry","category-acontece","tag-agricultura","tag-bio-brazil-fair-2017","tag-canada-organic-trade-association","tag-conselho-nacional-da-producao-organica-e-sustentavel-organis","tag-eco-via-internacional","tag-euromonitor-internacional","tag-ifoam","tag-lc-international","tag-ming-liu","tag-organics-brasil","tag-pavilhao-da-bienal-do-ibirapuera","tag-sao-paulo-sp"],"blocksy_meta":[],"spectra_blocks_featured_image_url":null,"spectra_blocks_author_info":{"display_name":"Jornal da Constru\u00e7\u00e3o Civil","avatar_url":"https:\/\/secure.gravatar.com\/avatar\/973c9774fd44ddaceb026973c4962faa70fc512bc4c9da68e8ebb40fecee6540?s=96&d=mm&r=g","author_link":"https:\/\/construcaocivil.siriusmarketingedesign.com.br\/?author=1","description":"Desde de 2013, levando muitas informa\u00e7\u00f5es, lan\u00e7amentos e produtos de qualidade para toda cadeia produtiva da constru\u00e7\u00e3o. O Futuro da constru\u00e7\u00e3o passa por aqui,"},"uagb_featured_image_src":{"full":false,"thumbnail":false,"medium":false,"medium_large":false,"large":false,"1536x1536":false,"2048x2048":false},"uagb_author_info":{"display_name":"Jornal da Constru\u00e7\u00e3o Civil","author_link":"https:\/\/construcaocivil.siriusmarketingedesign.com.br\/?author=1"},"uagb_comment_info":0,"uagb_excerpt":"Junho, 2017 &#8211; O Projeto Organics Brasil, parceria do ORGANIS e Apex-Brasil, realiza o 13\u00ba F\u00f3rum Internacional da Produ\u00e7\u00e3o Org\u00e2nica e Sustent\u00e1vel, na Bio Brazil Fair \u2502Biofach Am\u00e9rica Latina, abordando a comunica\u00e7\u00e3o e o perfil do consumidor nos mercados da \u00c1sia, Europa, Am\u00e9rica do Norte e autoridades em pesquisa e agricultura org\u00e2nica mundial. &#8220;Todos os&hellip;","_links":{"self":[{"href":"https:\/\/construcaocivil.siriusmarketingedesign.com.br\/index.php?rest_route=\/wp\/v2\/posts\/6415","targetHints":{"allow":["GET"]}}],"collection":[{"href":"https:\/\/construcaocivil.siriusmarketingedesign.com.br\/index.php?rest_route=\/wp\/v2\/posts"}],"about":[{"href":"https:\/\/construcaocivil.siriusmarketingedesign.com.br\/index.php?rest_route=\/wp\/v2\/types\/post"}],"author":[{"embeddable":true,"href":"https:\/\/construcaocivil.siriusmarketingedesign.com.br\/index.php?rest_route=\/wp\/v2\/users\/1"}],"replies":[{"embeddable":true,"href":"https:\/\/construcaocivil.siriusmarketingedesign.com.br\/index.php?rest_route=%2Fwp%2Fv2%2Fcomments&post=6415"}],"version-history":[{"count":0,"href":"https:\/\/construcaocivil.siriusmarketingedesign.com.br\/index.php?rest_route=\/wp\/v2\/posts\/6415\/revisions"}],"wp:attachment":[{"href":"https:\/\/construcaocivil.siriusmarketingedesign.com.br\/index.php?rest_route=%2Fwp%2Fv2%2Fmedia&parent=6415"}],"wp:term":[{"taxonomy":"category","embeddable":true,"href":"https:\/\/construcaocivil.siriusmarketingedesign.com.br\/index.php?rest_route=%2Fwp%2Fv2%2Fcategories&post=6415"},{"taxonomy":"post_tag","embeddable":true,"href":"https:\/\/construcaocivil.siriusmarketingedesign.com.br\/index.php?rest_route=%2Fwp%2Fv2%2Ftags&post=6415"}],"curies":[{"name":"wp","href":"https:\/\/api.w.org\/{rel}","templated":true}]}}