{"id":6417,"date":"2017-06-06T14:49:32","date_gmt":"2017-06-06T17:49:32","guid":{"rendered":"http:\/\/www.jornaldaconstrucaocivil.com.br\/?p=6417"},"modified":"2017-06-06T14:49:32","modified_gmt":"2017-06-06T17:49:32","slug":"sinduscon-mg-e-seconci-mg-lancam-19o-premio-de-seguranca-do-trabalho","status":"publish","type":"post","link":"https:\/\/construcaocivil.siriusmarketingedesign.com.br\/?p=6417","title":{"rendered":"Sinduscon-MG e Seconci-MG lan\u00e7am 19\u00ba Pr\u00eamio de Seguran\u00e7a do Trabalho"},"content":{"rendered":"<p style=\"text-align: justify;\"><span style=\"color: #000000;\"><span style=\"color: #993300;\">Junho, 2017<\/span> &#8211; Fomentar nas empresas o compartilhamento de boas pr\u00e1ticas e a boa gest\u00e3o da Seguran\u00e7a no Trabalho \u00e9 o principal objetivo do Pr\u00eamio Seguran\u00e7a do Trabalho Sinduscon-MG\/Seconci-MG, que lan\u00e7a agora sua 19\u00aa edi\u00e7\u00e3o. Promovido pelas duas entidades, a premia\u00e7\u00e3o abrange as seguintes categorias: Empresa Prevencionista, Certificado de Empresa Prevencionista, Oper\u00e1rio Destaque na Seguran\u00e7a do Trabalho e Empresa Destaque na \u00c1rea de Viv\u00eancia.<\/span><\/p>\n<p style=\"text-align: justify;\"><a href=\"http:\/\/www.jornaldaconstrucaocivil.com.br\/wp-content\/uploads\/2017\/06\/AA-seguran\u00e7a3.jpg\"><img loading=\"lazy\" decoding=\"async\" class=\"wp-image-6418 alignleft\" src=\"http:\/\/www.jornaldaconstrucaocivil.com.br\/wp-content\/uploads\/2017\/06\/AA-seguran\u00e7a3.jpg\" alt=\"AA seguran\u00e7a3\" width=\"356\" height=\"178\" \/><\/a><\/p>\n<p style=\"text-align: justify;\"><span style=\"color: #000000;\">O pr\u00eamio Empresa Prevencionista ser\u00e1 conferido \u00e0 concorrente cadastrada no Sistema SEGCON que obtiver o melhor indicador de pontua\u00e7\u00e3o nas inspe\u00e7\u00f5es realizadas em suas obras pelo Departamento de Seguran\u00e7a do Trabalho do Seconci-MG.<\/span><\/p>\n<p style=\"text-align: justify;\"><span style=\"color: #000000;\">O SEGCON \u00e9 um sistema de inform\u00e1tica especializado em seguran\u00e7a do trabalho, que auxilia as empresas no direcionamento e avalia\u00e7\u00e3o da aplicabilidade das normas e requisitos legais de seguran\u00e7a em suas obras. O software \u00e9 uma ferramenta de an\u00e1lise do Pr\u00eamio e para participar a empresa dever\u00e1 ser usu\u00e1ria do mesmo. O programa, desenvolvido pelo Seconci-MG, encontra-se dispon\u00edvel para empresas associadas \u00e0s duas entidades promotoras da premia\u00e7\u00e3o. Para conhec\u00ea-lo e solicit\u00e1-lo, basta entrar em contato com o Departamento de Seguran\u00e7a do Trabalho do Seconci-MG, atrav\u00e9s do e-mail<span style=\"color: #0000ff;\"> seguranca3@seconci-mg.org.br<\/span>.<\/span><\/p>\n<p style=\"text-align: justify;\"><span style=\"color: #000000;\">Receber\u00e3o o Certificado de Empresa Prevencionista as empresas que alcan\u00e7arem as cinco melhores m\u00e9dias de pontua\u00e7\u00e3o, abaixo da vencedora, nas inspe\u00e7\u00f5es efetuadas nas obras inscritas.<\/span><\/p>\n<p style=\"text-align: justify;\"><span style=\"color: #000000;\">A categoria Oper\u00e1rio Destaque na Seguran\u00e7a do Trabalho ir\u00e1 contemplar o trabalhador pertencente ao quadro funcional da empresa participante que se destacar no desenvolvimento de algum mecanismo ou recurso que auxilie nas a\u00e7\u00f5es de seguran\u00e7a do trabalho implementadas pela empresa. Esse trabalhador dever\u00e1 ter dom\u00ednio da legisla\u00e7\u00e3o de seguran\u00e7a vigente, o que ser\u00e1 avaliado em prova espec\u00edfica, durante a fase de apura\u00e7\u00e3o.<\/span><\/p>\n<p style=\"text-align: justify;\"><span style=\"color: #000000;\">J\u00e1 a categoria Empresa Destaque na \u00c1rea de Viv\u00eancia ir\u00e1 premiar a competidora que tenha alcan\u00e7ado a maior m\u00e9dia de pontua\u00e7\u00e3o nas inspe\u00e7\u00f5es realizadas nas \u00e1reas de viv\u00eancia das obras inscritas, atestando a preocupa\u00e7\u00e3o da empresa com o bem estar de seus empregados.<\/span><\/p>\n<p style=\"text-align: justify;\"><span style=\"color: #000000;\">Podem participar do Pr\u00eamio empresas associadas ao Seconci-MG e ao Sinduscon-MG que estejam em dia com suas respectivas mensalidades sociais e com o recolhimento da contribui\u00e7\u00e3o sindical. Al\u00e9m disso, a empresa deve estar inscrita no Programa Brasileiro de Qualidade e Produtividade do Habitat (PBQP-H) e executando obras nas cidades de Belo Horizonte, Betim, Contagem, Lagoa Santa e Nova Lima.<\/span><\/p>\n<p style=\"text-align: justify;\"><span style=\"color: #000000;\">Cada participante pode inscrever quantas obras desejar. O prazo de confirma\u00e7\u00e3o da inscri\u00e7\u00e3o ser\u00e1 de 05 de junho a 31 de julho de 2017.<\/span><\/p>\n<p align=\"justify\"><span style=\"text-decoration: underline;\"><span style=\"color: #0000ff;\"><a style=\"color: #0000ff;\" href=\"http:\/\/www.sinduscon-mg.org.br\/wp-content\/uploads\/2017\/05\/Procedimentos-para-inscri%C3%A7%C3%A3o-2017-inicial.pdf\" target=\"_blank\" rel=\"noreferrer\"><span style=\"font-family: arial, helvetica, sans-serif;\">Clique aqui para conferir os procedimentos para realizar a inscri\u00e7\u00e3o<\/span><\/a><\/span><\/span><\/p>\n<p align=\"justify\"><span style=\"text-decoration: underline;\"><span style=\"font-family: arial, helvetica, sans-serif; color: #0000ff;\"><a style=\"color: #0000ff; text-decoration: underline;\" href=\"http:\/\/www.sinduscon-mg.org.br\/wp-content\/uploads\/2017\/05\/Regulamento-do-Pr%C3%AAmio-de-Seguran%C3%A7a-do-Trabalho-2017.pdf\" target=\"_blank\" rel=\"noreferrer\">Clique\u00a0<b>aqui<\/b><b>\u00a0<\/b>\u00a0para acessar o regulamento<\/a><\/span><\/span><\/p>\n","protected":false},"excerpt":{"rendered":"<p>Junho, 2017 &#8211; Fomentar nas empresas o compartilhamento de boas pr\u00e1ticas e a boa gest\u00e3o da Seguran\u00e7a no Trabalho \u00e9 o principal objetivo do Pr\u00eamio Seguran\u00e7a do Trabalho Sinduscon-MG\/Seconci-MG, que lan\u00e7a agora sua 19\u00aa edi\u00e7\u00e3o. Promovido pelas duas entidades, a premia\u00e7\u00e3o abrange as seguintes categorias: Empresa Prevencionista, Certificado de Empresa Prevencionista, Oper\u00e1rio Destaque na Seguran\u00e7a [&hellip;]<\/p>\n","protected":false},"author":1,"featured_media":6418,"comment_status":"open","ping_status":"open","sticky":false,"template":"","format":"standard","meta":{"_uag_custom_page_level_css":"","footnotes":""},"categories":[27],"tags":[394,2826,4184,9327,9588,10731,10778,11157],"class_list":["post-6417","post","type-post","status-publish","format-standard","has-post-thumbnail","hentry","category-acontece","tag-acidentes-e-mortes","tag-construcao-civil","tag-empresa-prevencionista","tag-premio-de-seguranca-do-trabalho","tag-programa-brasileiro-de-qualidade-e-produtividade-do-habitat-pbqp-h","tag-seconci-mg","tag-seguranca-do-trabalho","tag-sinduscon-mg"],"blocksy_meta":[],"spectra_blocks_featured_image_url":[],"spectra_blocks_author_info":{"display_name":"Jornal da Constru\u00e7\u00e3o Civil","avatar_url":"https:\/\/secure.gravatar.com\/avatar\/973c9774fd44ddaceb026973c4962faa70fc512bc4c9da68e8ebb40fecee6540?s=96&d=mm&r=g","author_link":"https:\/\/construcaocivil.siriusmarketingedesign.com.br\/?author=1","description":"Desde de 2013, levando muitas informa\u00e7\u00f5es, lan\u00e7amentos e produtos de qualidade para toda cadeia produtiva da constru\u00e7\u00e3o. O Futuro da constru\u00e7\u00e3o passa por aqui,"},"uagb_featured_image_src":{"full":false,"thumbnail":false,"medium":false,"medium_large":false,"large":false,"1536x1536":false,"2048x2048":false},"uagb_author_info":{"display_name":"Jornal da Constru\u00e7\u00e3o Civil","author_link":"https:\/\/construcaocivil.siriusmarketingedesign.com.br\/?author=1"},"uagb_comment_info":0,"uagb_excerpt":"Junho, 2017 &#8211; Fomentar nas empresas o compartilhamento de boas pr\u00e1ticas e a boa gest\u00e3o da Seguran\u00e7a no Trabalho \u00e9 o principal objetivo do Pr\u00eamio Seguran\u00e7a do Trabalho Sinduscon-MG\/Seconci-MG, que lan\u00e7a agora sua 19\u00aa edi\u00e7\u00e3o. Promovido pelas duas entidades, a premia\u00e7\u00e3o abrange as seguintes categorias: Empresa Prevencionista, Certificado de Empresa Prevencionista, Oper\u00e1rio Destaque na Seguran\u00e7a&hellip;","_links":{"self":[{"href":"https:\/\/construcaocivil.siriusmarketingedesign.com.br\/index.php?rest_route=\/wp\/v2\/posts\/6417","targetHints":{"allow":["GET"]}}],"collection":[{"href":"https:\/\/construcaocivil.siriusmarketingedesign.com.br\/index.php?rest_route=\/wp\/v2\/posts"}],"about":[{"href":"https:\/\/construcaocivil.siriusmarketingedesign.com.br\/index.php?rest_route=\/wp\/v2\/types\/post"}],"author":[{"embeddable":true,"href":"https:\/\/construcaocivil.siriusmarketingedesign.com.br\/index.php?rest_route=\/wp\/v2\/users\/1"}],"replies":[{"embeddable":true,"href":"https:\/\/construcaocivil.siriusmarketingedesign.com.br\/index.php?rest_route=%2Fwp%2Fv2%2Fcomments&post=6417"}],"version-history":[{"count":0,"href":"https:\/\/construcaocivil.siriusmarketingedesign.com.br\/index.php?rest_route=\/wp\/v2\/posts\/6417\/revisions"}],"wp:attachment":[{"href":"https:\/\/construcaocivil.siriusmarketingedesign.com.br\/index.php?rest_route=%2Fwp%2Fv2%2Fmedia&parent=6417"}],"wp:term":[{"taxonomy":"category","embeddable":true,"href":"https:\/\/construcaocivil.siriusmarketingedesign.com.br\/index.php?rest_route=%2Fwp%2Fv2%2Fcategories&post=6417"},{"taxonomy":"post_tag","embeddable":true,"href":"https:\/\/construcaocivil.siriusmarketingedesign.com.br\/index.php?rest_route=%2Fwp%2Fv2%2Ftags&post=6417"}],"curies":[{"name":"wp","href":"https:\/\/api.w.org\/{rel}","templated":true}]}}