{"id":6423,"date":"2017-06-07T13:40:22","date_gmt":"2017-06-07T16:40:22","guid":{"rendered":"http:\/\/www.jornaldaconstrucaocivil.com.br\/?p=6423"},"modified":"2017-06-07T13:40:22","modified_gmt":"2017-06-07T16:40:22","slug":"marica-vigas-da-nova-ponte-da-avenida-zumbi-dos-palmares-sao-instaladas","status":"publish","type":"post","link":"https:\/\/construcaocivil.siriusmarketingedesign.com.br\/?p=6423","title":{"rendered":"Maric\u00e1: Vigas da nova ponte da Avenida Zumbi dos Palmares s\u00e3o instaladas"},"content":{"rendered":"<figure id=\"attachment_6424\" aria-describedby=\"caption-attachment-6424\" style=\"width: 355px\" class=\"wp-caption alignleft\"><a href=\"http:\/\/www.jornaldaconstrucaocivil.com.br\/wp-content\/uploads\/2017\/06\/PONTE-MARICA.jpg\"><img loading=\"lazy\" decoding=\"async\" class=\"wp-image-6424\" src=\"http:\/\/www.jornaldaconstrucaocivil.com.br\/wp-content\/uploads\/2017\/06\/PONTE-MARICA.jpg\" width=\"355\" height=\"236\" \/><\/a><figcaption id=\"caption-attachment-6424\" class=\"wp-caption-text\"><span style=\"color: #ff0000;\">Instala\u00e7\u00f5es das Vigas pr\u00e9-moldadas protendidas, na Ponte Av. Zumbi dos Palmares-Maric\u00e1-RJ<\/span>. Cr\u00e9ditos: Divulga\u00e7\u00e3o<\/figcaption><\/figure>\n<p style=\"text-align: justify;\"><span style=\"color: #000000;\"><span style=\"color: #993300;\">Junho, 2017<\/span> &#8211; A constru\u00e7\u00e3o da nova ponte da Avenida Zumbi dos Palmares, que vai ligar o Barroco \u00e0 orla de Itaipua\u00e7u, entrou em\u00a0 nova fase. Ap\u00f3s a retirada da antiga estrutura antiga, foram finalizadas as cabeceiras e ontem, ter\u00e7a-feira (06\/06), come\u00e7aram a ser instaladas as vigas pr\u00e9-moldadas protendidas. As pe\u00e7as s\u00e3o feitas de concreto e contam com os chamados <span style=\"color: #993300;\">&#8220;elementos de protens\u00e3o&#8221;<\/span>, que s\u00e3o cabos ou vergalh\u00f5es que passam por dentro do molde, melhorando a resist\u00eancia e o comportamento sob condi\u00e7\u00f5es de carga. A escolha desse modelo tamb\u00e9m permite v\u00e3os maiores &#8211; sem a necessidade de pilares &#8211; al\u00e9m de reduzir o consumo de concreto e a\u00e7o por conta da maior resist\u00eancia. O prefeito Fabiano Horta acompanhou a instala\u00e7\u00e3o das primeiras vigas, opera\u00e7\u00e3o que exigiu o uso de guindaste e de uma lan\u00e7a. <span style=\"color: #000080;\"><em>&#8220;Hoje a ponte recebeu essas vigas de sustenta\u00e7\u00e3o e, at\u00e9 o fim do m\u00eas, vamos inaugurar essa importante passagem litor\u00e2nea de Itaipua\u00e7u&#8221;<\/em><\/span>, afirmou.<\/span><\/p>\n<figure id=\"attachment_6425\" aria-describedby=\"caption-attachment-6425\" style=\"width: 324px\" class=\"wp-caption alignright\"><a href=\"http:\/\/www.jornaldaconstrucaocivil.com.br\/wp-content\/uploads\/2017\/06\/OBRAS-NA-PONTE.jpg\"><img loading=\"lazy\" decoding=\"async\" class=\"wp-image-6425\" src=\"http:\/\/www.jornaldaconstrucaocivil.com.br\/wp-content\/uploads\/2017\/06\/OBRAS-NA-PONTE.jpg\" alt=\"OBRAS NA PONTE\" width=\"324\" height=\"182\" \/><\/a><figcaption id=\"caption-attachment-6425\" class=\"wp-caption-text\"><span style=\"color: #ff0000;\">Fernando Horta, prefeito de Maric\u00e1 e o Engenheiro Respons\u00e1vel pela obra, Jorge Heleno acompanham instala\u00e7\u00f5es das vigas.<\/span> Cr\u00e9ditos: Divulga\u00e7\u00e3o<\/figcaption><\/figure>\n<p style=\"text-align: justify;\"><span style=\"color: #000000;\">Quem mora perto gostou do que viu.<span style=\"color: #000080;\"><em> &#8220;A obra da ponte e a da Pra\u00e7a do Barroco valorizaram a minha pousada. Essa ponte tem uma bela estrutura e est\u00e1 melhorando o local&#8221;<\/em><\/span>, avaliou o comerciante e morador do bairro Benito Chirollo, de 81 anos, 25 deles ali. O cronograma segue dentro do previsto.<span style=\"color: #000080;\"><em> \u201cEssa fase da obra j\u00e1 pode ser considerada a conclus\u00e3o, pois est\u00e3o sendo feitas duas etapas ao mesmo momento: a superestrutura e a mesoestrutura&#8221;<\/em><\/span>, explicou o engenheiro da Secretaria de Obras e respons\u00e1vel pela obra, Jorge Heleno. <span style=\"color: #000080;\"><em>&#8220;Dentro de uma semana estas duas etapas estar\u00e3o conclu\u00eddas e partiremos para finalizar&#8221;<\/em><\/span>, completou.<\/span><\/p>\n<p style=\"text-align: justify;\"><span style=\"color: #000000;\">A ponte ter\u00e1 27 metros de v\u00e3o livre, 10,5 metros de largura, estacas met\u00e1licas profundas na funda\u00e7\u00e3o, estrutura pr\u00e9-moldada, duas faixas de rolagem para ve\u00edculos de m\u00e3o dupla e dois passeios de pedestres protegido com barreiras. Ao lado do canteiro de obras foi constru\u00edda uma passagem para pedestres. Enquanto durar a obra, os ve\u00edculos devem fazer um desvio de 1.800 metros e seguir pela 36 para chegar \u00e0 praia. O acesso fica na Rua Professor Cardoso de Menezes (antiga Rua Um).<\/span><\/p>\n<p style=\"text-align: justify;\">Fonte: Imprensa\/Prefeitura de Maric\u00e1-RJ<\/p>\n","protected":false},"excerpt":{"rendered":"<p>Junho, 2017 &#8211; A constru\u00e7\u00e3o da nova ponte da Avenida Zumbi dos Palmares, que vai ligar o Barroco \u00e0 orla de Itaipua\u00e7u, entrou em\u00a0 nova fase. Ap\u00f3s a retirada da antiga estrutura antiga, foram finalizadas as cabeceiras e ontem, ter\u00e7a-feira (06\/06), come\u00e7aram a ser instaladas as vigas pr\u00e9-moldadas protendidas. As pe\u00e7as s\u00e3o feitas de concreto [&hellip;]<\/p>\n","protected":false},"author":1,"featured_media":6424,"comment_status":"open","ping_status":"open","sticky":false,"template":"","format":"standard","meta":{"_uag_custom_page_level_css":"","footnotes":""},"categories":[31],"tags":[2661,4025,6096,6191,7295,9093,9278,10108],"class_list":["post-6423","post","type-post","status-publish","format-standard","has-post-thumbnail","hentry","category-infraestrutura","tag-concreto-e-aco","tag-elementos-de-protensao-vergalhoes","tag-infraestrutura","tag-instalacoes-vigas-pre-moldadas-protendidas","tag-marica-rj","tag-ponte-av-zumbi-dos-palmares","tag-prefeito-fernando-horta","tag-regiao-metropolitano-rj"],"blocksy_meta":[],"spectra_blocks_featured_image_url":[],"spectra_blocks_author_info":{"display_name":"Jornal da Constru\u00e7\u00e3o Civil","avatar_url":"https:\/\/secure.gravatar.com\/avatar\/973c9774fd44ddaceb026973c4962faa70fc512bc4c9da68e8ebb40fecee6540?s=96&d=mm&r=g","author_link":"https:\/\/construcaocivil.siriusmarketingedesign.com.br\/?author=1","description":"Desde de 2013, levando muitas informa\u00e7\u00f5es, lan\u00e7amentos e produtos de qualidade para toda cadeia produtiva da constru\u00e7\u00e3o. O Futuro da constru\u00e7\u00e3o passa por aqui,"},"uagb_featured_image_src":{"full":false,"thumbnail":false,"medium":false,"medium_large":false,"large":false,"1536x1536":false,"2048x2048":false},"uagb_author_info":{"display_name":"Jornal da Constru\u00e7\u00e3o Civil","author_link":"https:\/\/construcaocivil.siriusmarketingedesign.com.br\/?author=1"},"uagb_comment_info":0,"uagb_excerpt":"Junho, 2017 &#8211; A constru\u00e7\u00e3o da nova ponte da Avenida Zumbi dos Palmares, que vai ligar o Barroco \u00e0 orla de Itaipua\u00e7u, entrou em\u00a0 nova fase. Ap\u00f3s a retirada da antiga estrutura antiga, foram finalizadas as cabeceiras e ontem, ter\u00e7a-feira (06\/06), come\u00e7aram a ser instaladas as vigas pr\u00e9-moldadas protendidas. As pe\u00e7as s\u00e3o feitas de concreto&hellip;","_links":{"self":[{"href":"https:\/\/construcaocivil.siriusmarketingedesign.com.br\/index.php?rest_route=\/wp\/v2\/posts\/6423","targetHints":{"allow":["GET"]}}],"collection":[{"href":"https:\/\/construcaocivil.siriusmarketingedesign.com.br\/index.php?rest_route=\/wp\/v2\/posts"}],"about":[{"href":"https:\/\/construcaocivil.siriusmarketingedesign.com.br\/index.php?rest_route=\/wp\/v2\/types\/post"}],"author":[{"embeddable":true,"href":"https:\/\/construcaocivil.siriusmarketingedesign.com.br\/index.php?rest_route=\/wp\/v2\/users\/1"}],"replies":[{"embeddable":true,"href":"https:\/\/construcaocivil.siriusmarketingedesign.com.br\/index.php?rest_route=%2Fwp%2Fv2%2Fcomments&post=6423"}],"version-history":[{"count":0,"href":"https:\/\/construcaocivil.siriusmarketingedesign.com.br\/index.php?rest_route=\/wp\/v2\/posts\/6423\/revisions"}],"wp:attachment":[{"href":"https:\/\/construcaocivil.siriusmarketingedesign.com.br\/index.php?rest_route=%2Fwp%2Fv2%2Fmedia&parent=6423"}],"wp:term":[{"taxonomy":"category","embeddable":true,"href":"https:\/\/construcaocivil.siriusmarketingedesign.com.br\/index.php?rest_route=%2Fwp%2Fv2%2Fcategories&post=6423"},{"taxonomy":"post_tag","embeddable":true,"href":"https:\/\/construcaocivil.siriusmarketingedesign.com.br\/index.php?rest_route=%2Fwp%2Fv2%2Ftags&post=6423"}],"curies":[{"name":"wp","href":"https:\/\/api.w.org\/{rel}","templated":true}]}}