{"id":6445,"date":"2017-06-07T16:03:45","date_gmt":"2017-06-07T19:03:45","guid":{"rendered":"http:\/\/www.jornaldaconstrucaocivil.com.br\/?p=6445"},"modified":"2017-06-07T16:03:45","modified_gmt":"2017-06-07T19:03:45","slug":"plaza-shopping-niteroi-celebra-a-semana-do-meio-ambiente-2","status":"publish","type":"post","link":"https:\/\/construcaocivil.siriusmarketingedesign.com.br\/?p=6445","title":{"rendered":"Plaza Shopping Niter\u00f3i celebra a Semana do Meio Ambiente"},"content":{"rendered":"<p style=\"text-align: justify;\"><span style=\"color: #000080;\"><em><strong>Shopping apoia iniciativa da Secretaria do Meio Ambiente com exposi\u00e7\u00e3o, distribui\u00e7\u00e3o de mudas e demais atra\u00e7\u00f5es gratuitas<\/strong><\/em><\/span><\/p>\n<figure id=\"attachment_6446\" aria-describedby=\"caption-attachment-6446\" style=\"width: 381px\" class=\"wp-caption alignleft\"><a href=\"http:\/\/www.jornaldaconstrucaocivil.com.br\/wp-content\/uploads\/2017\/06\/BB-Semana-do-Meio-Ambiente_Plaza-Niter\u00f3i-5.jpg\"><img loading=\"lazy\" decoding=\"async\" class=\"wp-image-6446\" src=\"http:\/\/www.jornaldaconstrucaocivil.com.br\/wp-content\/uploads\/2017\/06\/BB-Semana-do-Meio-Ambiente_Plaza-Niter\u00f3i-5-1024x576.jpg\" alt=\"Semana do Meio Ambiente Plaza Niter\u00f3i \" width=\"381\" height=\"214\" \/><\/a><figcaption id=\"caption-attachment-6446\" class=\"wp-caption-text\">Semana do Meio Ambiente Plaza Niter\u00f3i . Cr\u00e9ditos: Divulga\u00e7\u00e3o<\/figcaption><\/figure>\n<p style=\"text-align: justify;\"><span style=\"color: #000000;\"><span style=\"color: #0000ff;\">Junho, 2017<\/span> &#8211; A Semana do Meio Ambiente, comemorada em junho, \u00e9 um evento tradicional em Niter\u00f3i e visa conscientizar toda sociedade sobre a import\u00e2ncia de deixar um legado sustent\u00e1vel no mundo. Realizada pela Secretaria do Meio Ambiente em conjunto com a Companhia de Limpeza de Niter\u00f3i (Clin), a iniciativa contar\u00e1 com o apoio do Plaza Shopping Niter\u00f3i pelo segundo ano consecutivo.<\/span><\/p>\n<p style=\"text-align: justify;\"><span style=\"color: #000000;\">At\u00e9 11 de junho, o shopping est\u00e1 com um espa\u00e7o exclusivo no 2\u00ba piso dedicado \u00e0s a\u00e7\u00f5es da Semana do Meio Ambiente. L\u00e1, participantes de todas as idades poder\u00e3o conhecer, experimentar e aprender como a reciclagem e a tecnologia contribuem para um planeta mais sustent\u00e1vel.<\/span><\/p>\n<p style=\"text-align: justify;\"><span style=\"color: #000000;\">A programa\u00e7\u00e3o inclui distribui\u00e7\u00e3o de mudas nativas da Mata Atl\u00e2ntica; mostra de curtas-metragens e v\u00eddeos de sustentabilidade e turismo; exposi\u00e7\u00e3o de tecnologia fotovoltaica e e\u00f3lica; e lan\u00e7amento do Atlas de Unidades de Conserva\u00e7\u00e3o de Niter\u00f3i.<\/span><\/p>\n<p style=\"text-align: justify;\"><span style=\"color: #000000;\">Al\u00e9m disso, a Clin promover\u00e1 atra\u00e7\u00f5es infantis gratuitas durante o evento. De segunda a s\u00e1bado, os pequenos poder\u00e3o participar de conta\u00e7\u00e3o de hist\u00f3ria e oficina de artesanato, respectivamente \u00e0s 11h e \u00e0s 17h. E no domingo, a conta\u00e7\u00e3o de hist\u00f3ria come\u00e7ar\u00e1 \u00e0s 16h e a oficina de artesanato \u00e0s 17h.<\/span><\/p>\n<p style=\"text-align: justify;\"><span style=\"color: #000000;\">As atra\u00e7\u00f5es da Semana do Meio Ambiente s\u00e3o gratuitas e abertas a todo p\u00fablico, com classifica\u00e7\u00e3o livre. O Plaza Shopping Niter\u00f3i fica na Rua Quinze de Novembro, 8, Centro &#8211; Niter\u00f3i. <\/span><\/p>\n<p style=\"text-align: justify;\"><span style=\"color: #000000;\">Mais informa\u00e7\u00f5es pelo site <span style=\"text-decoration: underline;\"><span style=\"color: #0000ff; text-decoration: underline;\"><a style=\"color: #0000ff; text-decoration: underline;\" href=\"http:\/\/www.plazaniteroi.com.br\/\" target=\"_blank\" rel=\"noreferrer\">www.plazaniteroi.com.br<\/a><\/span><\/span>\u00a0ou pelo telefone (21) 2621-9400.<\/span><\/p>\n<p><strong>Servi\u00e7o \u2013 Semana do Meio Ambiente<\/strong><\/p>\n<p><span style=\"color: #993300;\">Data: at\u00e9 11 de junho<\/span><\/p>\n<p><span style=\"color: #993300;\">Hor\u00e1rio: Segunda-feira a s\u00e1bado, das 10h \u00e0s 22h, e domingo, das 13h \u00e0s 21h<\/span><\/p>\n<p><span style=\"color: #993300;\">Local: Plaza Shopping Niter\u00f3i \u2013 2\u00ba piso<\/span><\/p>\n<p><span style=\"color: #993300;\">Endere\u00e7o: Rua Quinze de Novembro, 8, Centro &#8211; Niter\u00f3i<\/span><\/p>\n<p><span style=\"color: #993300;\">Evento gratuito, classifica\u00e7\u00e3o livre<\/span><\/p>\n<p>&nbsp;<\/p>\n<p>&nbsp;<\/p>\n","protected":false},"excerpt":{"rendered":"<p>Shopping apoia iniciativa da Secretaria do Meio Ambiente com exposi\u00e7\u00e3o, distribui\u00e7\u00e3o de mudas e demais atra\u00e7\u00f5es gratuitas Junho, 2017 &#8211; A Semana do Meio Ambiente, comemorada em junho, \u00e9 um evento tradicional em Niter\u00f3i e visa conscientizar toda sociedade sobre a import\u00e2ncia de deixar um legado sustent\u00e1vel no mundo. Realizada pela Secretaria do Meio Ambiente [&hellip;]<\/p>\n","protected":false},"author":1,"featured_media":6446,"comment_status":"open","ping_status":"open","sticky":false,"template":"","format":"standard","meta":{"_uag_custom_page_level_css":"","footnotes":""},"categories":[37],"tags":[2135,4773,7337,7978,8416,9029,9937,10836],"class_list":["post-6445","post","type-post","status-publish","format-standard","has-post-thumbnail","hentry","category-sustentabilidade","tag-centro-niteroi","tag-exposicao-de-tecnologia-fotovoltaica-e-eolica","tag-mata-atlantica","tag-mudas-nativas","tag-oficina-de-artesanato","tag-plaza-shopping-niteroi","tag-reciclagem","tag-semana-do-meio-ambiente"],"blocksy_meta":[],"spectra_blocks_featured_image_url":[],"spectra_blocks_author_info":{"display_name":"Jornal da Constru\u00e7\u00e3o Civil","avatar_url":"https:\/\/secure.gravatar.com\/avatar\/973c9774fd44ddaceb026973c4962faa70fc512bc4c9da68e8ebb40fecee6540?s=96&d=mm&r=g","author_link":"https:\/\/construcaocivil.siriusmarketingedesign.com.br\/?author=1","description":"Desde de 2013, levando muitas informa\u00e7\u00f5es, lan\u00e7amentos e produtos de qualidade para toda cadeia produtiva da constru\u00e7\u00e3o. O Futuro da constru\u00e7\u00e3o passa por aqui,"},"uagb_featured_image_src":{"full":false,"thumbnail":false,"medium":false,"medium_large":false,"large":false,"1536x1536":false,"2048x2048":false},"uagb_author_info":{"display_name":"Jornal da Constru\u00e7\u00e3o Civil","author_link":"https:\/\/construcaocivil.siriusmarketingedesign.com.br\/?author=1"},"uagb_comment_info":0,"uagb_excerpt":"Shopping apoia iniciativa da Secretaria do Meio Ambiente com exposi\u00e7\u00e3o, distribui\u00e7\u00e3o de mudas e demais atra\u00e7\u00f5es gratuitas Junho, 2017 &#8211; A Semana do Meio Ambiente, comemorada em junho, \u00e9 um evento tradicional em Niter\u00f3i e visa conscientizar toda sociedade sobre a import\u00e2ncia de deixar um legado sustent\u00e1vel no mundo. Realizada pela Secretaria do Meio Ambiente&hellip;","_links":{"self":[{"href":"https:\/\/construcaocivil.siriusmarketingedesign.com.br\/index.php?rest_route=\/wp\/v2\/posts\/6445","targetHints":{"allow":["GET"]}}],"collection":[{"href":"https:\/\/construcaocivil.siriusmarketingedesign.com.br\/index.php?rest_route=\/wp\/v2\/posts"}],"about":[{"href":"https:\/\/construcaocivil.siriusmarketingedesign.com.br\/index.php?rest_route=\/wp\/v2\/types\/post"}],"author":[{"embeddable":true,"href":"https:\/\/construcaocivil.siriusmarketingedesign.com.br\/index.php?rest_route=\/wp\/v2\/users\/1"}],"replies":[{"embeddable":true,"href":"https:\/\/construcaocivil.siriusmarketingedesign.com.br\/index.php?rest_route=%2Fwp%2Fv2%2Fcomments&post=6445"}],"version-history":[{"count":0,"href":"https:\/\/construcaocivil.siriusmarketingedesign.com.br\/index.php?rest_route=\/wp\/v2\/posts\/6445\/revisions"}],"wp:attachment":[{"href":"https:\/\/construcaocivil.siriusmarketingedesign.com.br\/index.php?rest_route=%2Fwp%2Fv2%2Fmedia&parent=6445"}],"wp:term":[{"taxonomy":"category","embeddable":true,"href":"https:\/\/construcaocivil.siriusmarketingedesign.com.br\/index.php?rest_route=%2Fwp%2Fv2%2Fcategories&post=6445"},{"taxonomy":"post_tag","embeddable":true,"href":"https:\/\/construcaocivil.siriusmarketingedesign.com.br\/index.php?rest_route=%2Fwp%2Fv2%2Ftags&post=6445"}],"curies":[{"name":"wp","href":"https:\/\/api.w.org\/{rel}","templated":true}]}}