{"id":6519,"date":"2017-06-13T15:55:02","date_gmt":"2017-06-13T18:55:02","guid":{"rendered":"http:\/\/www.jornaldaconstrucaocivil.com.br\/?p=6519"},"modified":"2017-06-13T15:55:02","modified_gmt":"2017-06-13T18:55:02","slug":"jovens-atendidos-pela-associacao-querubins-agora-terao-estudio-de-musica","status":"publish","type":"post","link":"https:\/\/construcaocivil.siriusmarketingedesign.com.br\/?p=6519","title":{"rendered":"Jovens atendidos pela  Associa\u00e7\u00e3o Querubins agora ter\u00e3o est\u00fadio de m\u00fasica"},"content":{"rendered":"<p style=\"text-align: justify;\"><span style=\"color: #000080;\"><em><strong>Novo espa\u00e7o foi viabilizado pelo Instituto MRV<\/strong><\/em><\/span><\/p>\n<p style=\"text-align: justify;\"><span style=\"color: #993300;\">Junho, 2017<\/span><span style=\"color: #000000;\"> &#8211; O Instituto MRV, organiza\u00e7\u00e3o sem fins lucrativos fundada pela MRV Engenharia, em parceria com a loja de instrumentos musicais Serenata, inauguram nesta ter\u00e7a-feira, 13 de junho, o est\u00fadio de m\u00fasica da Associa\u00e7\u00e3o Querubins. Os alunos atendidos pela institui\u00e7\u00e3o v\u00e3o contar com mais um incentivo para desenvolverem suas habilidades musicais. O espa\u00e7o proporcionar\u00e1 um novo ambiente em que os acordes e melodias da m\u00fasica ir\u00e3o contribuir para a transforma\u00e7\u00e3o social de crian\u00e7as e adolescentes da Vila Acaba Mundo, em Belo Horizonte.<\/span><\/p>\n<figure id=\"attachment_6520\" aria-describedby=\"caption-attachment-6520\" style=\"width: 455px\" class=\"wp-caption alignleft\"><a href=\"http:\/\/www.jornaldaconstrucaocivil.com.br\/wp-content\/uploads\/2017\/06\/AA-MRV.jpg\"><img loading=\"lazy\" decoding=\"async\" class=\"wp-image-6520\" src=\"http:\/\/www.jornaldaconstrucaocivil.com.br\/wp-content\/uploads\/2017\/06\/AA-MRV-1024x683.jpg\" width=\"455\" height=\"303\" \/><\/a><figcaption id=\"caption-attachment-6520\" class=\"wp-caption-text\">A Associa\u00e7\u00e3o Querubins, localizada na Vila Acaba Mundo-BH ganha um novo espa\u00e7o para atendimento dos alunos. Cr\u00e9ditos: Divulga\u00e7\u00e3o<\/figcaption><\/figure>\n<p style=\"text-align: justify;\"><span style=\"color: #000000;\">A sala em que abrigar\u00e1 o est\u00fadio foi viabilizada pelo Instituto MRV e os equipamentos doados pela Serenata. No total, ser\u00e3o 250 alunos que ser\u00e3o beneficiados com o novo est\u00fadio. Para o diretor do Instituto MRV, Raphael Lafet\u00e1, ter um espa\u00e7o estruturado para atendimento dos alunos ser\u00e1 mais uma oportunidade de inclus\u00e3o social.<span style=\"color: #000080;\"><em> \u201c\u00c9 uma grande satisfa\u00e7\u00e3o fazer parte desse projeto e estamos orgulhosos em oferecer ainda mais possibilidades para a comunidade\u201d.<\/em><\/span><\/span><\/p>\n<p style=\"text-align: justify;\"><span style=\"color: #000000;\">A iniciativa ainda ser\u00e1 uma fonte de renda para a institui\u00e7\u00e3o. Nos momentos em que os alunos n\u00e3o estiverem utilizando o local, ele ser\u00e1 disponibilizado para loca\u00e7\u00e3o, tendo a renda revertida para a Associa\u00e7\u00e3o.<\/span><span style=\"color: #000080;\"><em> \u201cA estrutura tem potencial para trazer retorno financeiro, tornando-se sustent\u00e1vel, por meio do aluguel do espa\u00e7o para ensaios e grava\u00e7\u00f5es por exemplo. A sede \u00e9 localizada em um espa\u00e7o fant\u00e1stico, extremamente arborizado, que com certeza vai inspirar muitos m\u00fasicos\u201d<\/em><\/span>,<span style=\"color: #000000;\"> informou Raphael<\/span>.<\/p>\n<p style=\"text-align: justify;\"><span style=\"color: #000000;\">O Querubins tem como principal objetivo oferecer educa\u00e7\u00e3o aos jovens da comunidade local com foco na forma\u00e7\u00e3o humana. H\u00e1 21 anos a Associa\u00e7\u00e3o promove diversas atividades que v\u00e3o desde oficinas de artes, que incluem pintura, dan\u00e7a, m\u00fasica e literatura, passando por esportes, acompanhamento escolar, aulas de inform\u00e1tica e at\u00e9 cultivo de horta. O projeto tamb\u00e9m beneficia adultos e jovens a partir de 16 anos, por meio de cursos profissionalizantes.<\/span><\/p>\n<p><span style=\"color: #993300;\">Servi\u00e7o \u2013 Inaugura\u00e7\u00e3o Est\u00fadio Querubins<\/span><\/p>\n<p><span style=\"color: #993300;\">Data: Ter\u00e7a-feira, 13 de junho<\/span><\/p>\n<p><span style=\"color: #993300;\">Hor\u00e1rio: 16h<\/span><\/p>\n<p><span style=\"color: #993300;\">Local: Associa\u00e7\u00e3o Querubins &#8211; Rua Correias, 700 &#8211; Sion, Belo Horizonte<\/span><\/p>\n","protected":false},"excerpt":{"rendered":"<p>Novo espa\u00e7o foi viabilizado pelo Instituto MRV Junho, 2017 &#8211; O Instituto MRV, organiza\u00e7\u00e3o sem fins lucrativos fundada pela MRV Engenharia, em parceria com a loja de instrumentos musicais Serenata, inauguram nesta ter\u00e7a-feira, 13 de junho, o est\u00fadio de m\u00fasica da Associa\u00e7\u00e3o Querubins. Os alunos atendidos pela institui\u00e7\u00e3o v\u00e3o contar com mais um incentivo para [&hellip;]<\/p>\n","protected":false},"author":1,"featured_media":6520,"comment_status":"open","ping_status":"open","sticky":false,"template":"","format":"standard","meta":{"_uag_custom_page_level_css":"","footnotes":""},"categories":[27],"tags":[1051,1096,2244,3185,3346,4514,6240,8418,8918,12400],"class_list":["post-6519","post","type-post","status-publish","format-standard","has-post-thumbnail","hentry","category-acontece","tag-associacao-querubins-bh","tag-aulas-de-informatica","tag-cidadania","tag-criancas-e-adolescentes","tag-danca","tag-espaco-de-musica","tag-instituto-mrv","tag-oficinas-de-artes","tag-pintura","tag-vila-acaba-mundo-bh"],"blocksy_meta":[],"spectra_blocks_featured_image_url":[],"spectra_blocks_author_info":{"display_name":"Jornal da Constru\u00e7\u00e3o Civil","avatar_url":"https:\/\/secure.gravatar.com\/avatar\/973c9774fd44ddaceb026973c4962faa70fc512bc4c9da68e8ebb40fecee6540?s=96&d=mm&r=g","author_link":"https:\/\/construcaocivil.siriusmarketingedesign.com.br\/?author=1","description":"Desde de 2013, levando muitas informa\u00e7\u00f5es, lan\u00e7amentos e produtos de qualidade para toda cadeia produtiva da constru\u00e7\u00e3o. O Futuro da constru\u00e7\u00e3o passa por aqui,"},"uagb_featured_image_src":{"full":false,"thumbnail":false,"medium":false,"medium_large":false,"large":false,"1536x1536":false,"2048x2048":false},"uagb_author_info":{"display_name":"Jornal da Constru\u00e7\u00e3o Civil","author_link":"https:\/\/construcaocivil.siriusmarketingedesign.com.br\/?author=1"},"uagb_comment_info":0,"uagb_excerpt":"Novo espa\u00e7o foi viabilizado pelo Instituto MRV Junho, 2017 &#8211; O Instituto MRV, organiza\u00e7\u00e3o sem fins lucrativos fundada pela MRV Engenharia, em parceria com a loja de instrumentos musicais Serenata, inauguram nesta ter\u00e7a-feira, 13 de junho, o est\u00fadio de m\u00fasica da Associa\u00e7\u00e3o Querubins. Os alunos atendidos pela institui\u00e7\u00e3o v\u00e3o contar com mais um incentivo para&hellip;","_links":{"self":[{"href":"https:\/\/construcaocivil.siriusmarketingedesign.com.br\/index.php?rest_route=\/wp\/v2\/posts\/6519","targetHints":{"allow":["GET"]}}],"collection":[{"href":"https:\/\/construcaocivil.siriusmarketingedesign.com.br\/index.php?rest_route=\/wp\/v2\/posts"}],"about":[{"href":"https:\/\/construcaocivil.siriusmarketingedesign.com.br\/index.php?rest_route=\/wp\/v2\/types\/post"}],"author":[{"embeddable":true,"href":"https:\/\/construcaocivil.siriusmarketingedesign.com.br\/index.php?rest_route=\/wp\/v2\/users\/1"}],"replies":[{"embeddable":true,"href":"https:\/\/construcaocivil.siriusmarketingedesign.com.br\/index.php?rest_route=%2Fwp%2Fv2%2Fcomments&post=6519"}],"version-history":[{"count":0,"href":"https:\/\/construcaocivil.siriusmarketingedesign.com.br\/index.php?rest_route=\/wp\/v2\/posts\/6519\/revisions"}],"wp:attachment":[{"href":"https:\/\/construcaocivil.siriusmarketingedesign.com.br\/index.php?rest_route=%2Fwp%2Fv2%2Fmedia&parent=6519"}],"wp:term":[{"taxonomy":"category","embeddable":true,"href":"https:\/\/construcaocivil.siriusmarketingedesign.com.br\/index.php?rest_route=%2Fwp%2Fv2%2Fcategories&post=6519"},{"taxonomy":"post_tag","embeddable":true,"href":"https:\/\/construcaocivil.siriusmarketingedesign.com.br\/index.php?rest_route=%2Fwp%2Fv2%2Ftags&post=6519"}],"curies":[{"name":"wp","href":"https:\/\/api.w.org\/{rel}","templated":true}]}}