{"id":6529,"date":"2017-06-14T15:45:38","date_gmt":"2017-06-14T18:45:38","guid":{"rendered":"http:\/\/www.jornaldaconstrucaocivil.com.br\/?p=6529"},"modified":"2017-06-14T15:45:38","modified_gmt":"2017-06-14T18:45:38","slug":"livinglab-2030-seleciona-projetos-para-serem-apresentados-a-rede-de-distritos-criativos","status":"publish","type":"post","link":"https:\/\/construcaocivil.siriusmarketingedesign.com.br\/?p=6529","title":{"rendered":"LivingLab 2030 seleciona projetos para serem apresentados a Rede de Distritos Criativos"},"content":{"rendered":"<p style=\"text-align: justify;\"><span style=\"color: #000000;\">Promo\u00e7\u00e3o da FIRJAN, IRPH e Centro Rio+, evento internacional tem como tema este ano <span style=\"color: #0000ff;\">&#8220;Construindo cidades para pessoas&#8221;<\/span>. Inscri\u00e7\u00f5es encerram no domingo, dia 18<\/span><\/p>\n<p style=\"text-align: justify;\"><span style=\"color: #000000;\"><span style=\"color: #993300;\">Junho, 2017<\/span> &#8211; As inscri\u00e7\u00f5es para empreendedores e universit\u00e1rios participarem da chamada p\u00fablica do LivingLab 2030 \u2013 Cidades para pessoas terminam domingo, dia 18. A sele\u00e7\u00e3o \u00e9 uma promo\u00e7\u00e3o do Sistema Firjan em parceria com o Instituto Rio Patrim\u00f4nio da Humanidade (IRPH) e o Centro Mundial para o Desenvolvimento Sustent\u00e1vel do PNUD \u2013 Centro Rio+. Ser\u00e3o escolhidos 12 projetos e iniciativas inovadoras que pensem o desenvolvimento das cidades com foco na sustentabilidade, nas pessoas e no dia a dia dos cidad\u00e3os.<\/span><\/p>\n<p style=\"text-align: justify;\"><span style=\"color: #000000;\">A apresenta\u00e7\u00e3o dos projetos deve ser em ingl\u00eas e as iniciativas devem estar em sinergia com os 17 Objetivos de Desenvolvimento Sustent\u00e1vel da ONU, a partir do acordo para a Agenda 2030. A ideia \u00e9 promover parcerias e conex\u00f5es com a Rede mundial de Distritos Criativos em evento em 29 de junho, a partir das 14h30, na sede da Federa\u00e7\u00e3o das Ind\u00fastrias do Rio de Janeiro.<\/span><\/p>\n<p style=\"text-align: justify;\"><span style=\"color: #000000;\">Inscri\u00e7\u00f5es:<\/span><span style=\"text-decoration: underline;\"><span style=\"color: #0000ff; text-decoration: underline;\"> <a style=\"color: #0000ff; text-decoration: underline;\" href=\"https:\/\/senaiforms.wufoo.eu\/forms\/livinglab-2030\/\" target=\"_blank\" rel=\"noreferrer\">https:\/\/senaiforms.wufoo.eu\/forms\/livinglab-2030\/<\/a><\/span><\/span><\/p>\n<p style=\"text-align: justify;\"><span style=\"color: #000000;\">Mais informa\u00e7\u00f5es:<\/span><span style=\"text-decoration: underline;\"><span style=\"color: #0000ff;\"> <a style=\"color: #0000ff; text-decoration: underline;\" href=\"http:\/\/www.firjan.com.br\/eventos\/livinglab2030-2.htm\" target=\"_blank\" rel=\"noreferrer\">http:\/\/www.firjan.com.br\/eventos\/livinglab2030-2.htm<\/a><\/span><\/span><\/p>\n","protected":false},"excerpt":{"rendered":"<p>Promo\u00e7\u00e3o da FIRJAN, IRPH e Centro Rio+, evento internacional tem como tema este ano &#8220;Construindo cidades para pessoas&#8221;. Inscri\u00e7\u00f5es encerram no domingo, dia 18 Junho, 2017 &#8211; As inscri\u00e7\u00f5es para empreendedores e universit\u00e1rios participarem da chamada p\u00fablica do LivingLab 2030 \u2013 Cidades para pessoas terminam domingo, dia 18. A sele\u00e7\u00e3o \u00e9 uma promo\u00e7\u00e3o do Sistema [&hellip;]<\/p>\n","protected":false},"author":1,"featured_media":0,"comment_status":"open","ping_status":"open","sticky":false,"template":"","format":"standard","meta":{"_uag_custom_page_level_css":"","footnotes":""},"categories":[27],"tags":[2923,5096,6249,6945,9981,11170,11470],"class_list":["post-6529","post","type-post","status-publish","format-standard","hentry","category-acontece","tag-construindo-cidades-para-pessoas","tag-firjan","tag-instituto-rio-patrimonio-da-humanidade-irph","tag-livinglab-2030-seleciona-projeto","tag-rede-de-distritos-criativos","tag-sinergia","tag-sustentabilidade"],"blocksy_meta":[],"spectra_blocks_featured_image_url":null,"spectra_blocks_author_info":{"display_name":"Jornal da Constru\u00e7\u00e3o Civil","avatar_url":"https:\/\/secure.gravatar.com\/avatar\/973c9774fd44ddaceb026973c4962faa70fc512bc4c9da68e8ebb40fecee6540?s=96&d=mm&r=g","author_link":"https:\/\/construcaocivil.siriusmarketingedesign.com.br\/?author=1","description":"Desde de 2013, levando muitas informa\u00e7\u00f5es, lan\u00e7amentos e produtos de qualidade para toda cadeia produtiva da constru\u00e7\u00e3o. O Futuro da constru\u00e7\u00e3o passa por aqui,"},"uagb_featured_image_src":{"full":false,"thumbnail":false,"medium":false,"medium_large":false,"large":false,"1536x1536":false,"2048x2048":false},"uagb_author_info":{"display_name":"Jornal da Constru\u00e7\u00e3o Civil","author_link":"https:\/\/construcaocivil.siriusmarketingedesign.com.br\/?author=1"},"uagb_comment_info":0,"uagb_excerpt":"Promo\u00e7\u00e3o da FIRJAN, IRPH e Centro Rio+, evento internacional tem como tema este ano &#8220;Construindo cidades para pessoas&#8221;. Inscri\u00e7\u00f5es encerram no domingo, dia 18 Junho, 2017 &#8211; As inscri\u00e7\u00f5es para empreendedores e universit\u00e1rios participarem da chamada p\u00fablica do LivingLab 2030 \u2013 Cidades para pessoas terminam domingo, dia 18. A sele\u00e7\u00e3o \u00e9 uma promo\u00e7\u00e3o do Sistema&hellip;","_links":{"self":[{"href":"https:\/\/construcaocivil.siriusmarketingedesign.com.br\/index.php?rest_route=\/wp\/v2\/posts\/6529","targetHints":{"allow":["GET"]}}],"collection":[{"href":"https:\/\/construcaocivil.siriusmarketingedesign.com.br\/index.php?rest_route=\/wp\/v2\/posts"}],"about":[{"href":"https:\/\/construcaocivil.siriusmarketingedesign.com.br\/index.php?rest_route=\/wp\/v2\/types\/post"}],"author":[{"embeddable":true,"href":"https:\/\/construcaocivil.siriusmarketingedesign.com.br\/index.php?rest_route=\/wp\/v2\/users\/1"}],"replies":[{"embeddable":true,"href":"https:\/\/construcaocivil.siriusmarketingedesign.com.br\/index.php?rest_route=%2Fwp%2Fv2%2Fcomments&post=6529"}],"version-history":[{"count":0,"href":"https:\/\/construcaocivil.siriusmarketingedesign.com.br\/index.php?rest_route=\/wp\/v2\/posts\/6529\/revisions"}],"wp:attachment":[{"href":"https:\/\/construcaocivil.siriusmarketingedesign.com.br\/index.php?rest_route=%2Fwp%2Fv2%2Fmedia&parent=6529"}],"wp:term":[{"taxonomy":"category","embeddable":true,"href":"https:\/\/construcaocivil.siriusmarketingedesign.com.br\/index.php?rest_route=%2Fwp%2Fv2%2Fcategories&post=6529"},{"taxonomy":"post_tag","embeddable":true,"href":"https:\/\/construcaocivil.siriusmarketingedesign.com.br\/index.php?rest_route=%2Fwp%2Fv2%2Ftags&post=6529"}],"curies":[{"name":"wp","href":"https:\/\/api.w.org\/{rel}","templated":true}]}}