{"id":653,"date":"2016-01-09T00:58:57","date_gmt":"2016-01-09T00:58:57","guid":{"rendered":"http:\/\/www.jornaldaconstrucaocivil.com.br\/?p=653"},"modified":"2016-01-09T00:58:57","modified_gmt":"2016-01-09T00:58:57","slug":"sesi-rio-oferece-mil-vagas-gratuitas-em-turmas-de-educacao-de-jovens-e-adultos-eja","status":"publish","type":"post","link":"https:\/\/construcaocivil.siriusmarketingedesign.com.br\/?p=653","title":{"rendered":"SESI Rio oferece mil vagas gratuitas em turmas de Educa\u00e7\u00e3o de Jovens e Adultos (EJA)"},"content":{"rendered":"<p><span style=\"color: #000000;\"><b>H\u00e1 oportunidades para Ensino Fundamental e M\u00e9dio em v\u00e1rias cidades. Inscri\u00e7\u00f5es v\u00e3o at\u00e9 21 de janeiro<\/b><\/span><\/p>\n<p><span style=\"color: #000000;\">O SESI Rio est\u00e1 com inscri\u00e7\u00f5es abertas para 1.023 vagas gratuitas em turmas de Educa\u00e7\u00e3o B\u00e1sica de Jovens e Adultos (EJA), para aulas em diversas unidades do estado. Para concorrer, os candidatos devem realizar a inscri\u00e7\u00e3o at\u00e9 21 de janeiro, \u00e0s 17h, na escola SESI de interesse.<\/span><\/p>\n<figure id=\"attachment_654\" aria-describedby=\"caption-attachment-654\" style=\"width: 273px\" class=\"wp-caption alignleft\"><a href=\"http:\/\/www.jornaldaconstrucaocivil.com.br\/wp-content\/uploads\/2016\/01\/EJA-Cinel\u00e2ndia.Foto-Vin\u00edcius-Magalh\u00e3es_7352.jpg\"><img loading=\"lazy\" decoding=\"async\" class=\"wp-image-654 \" src=\"http:\/\/www.jornaldaconstrucaocivil.com.br\/wp-content\/uploads\/2016\/01\/EJA-Cinel\u00e2ndia.Foto-Vin\u00edcius-Magalh\u00e3es_7352-300x191.jpg\" alt=\"EJA Cinel\u00e2ndia.Foto Vin\u00edcius Magalh\u00e3es_7352\" width=\"273\" height=\"174\" \/><\/a><figcaption id=\"caption-attachment-654\" class=\"wp-caption-text\"><span style=\"color: #ff0000;\">Foto Vin\u00edcius Magalh\u00e3es<\/span><\/figcaption><\/figure>\n<p><span style=\"color: #000000;\">As oportunidades s\u00e3o oferecidas nas unidades de Barra Mansa, Barra do Pira\u00ed, Cinel\u00e2ndia, Duque de Caxias, Hon\u00f3rio Gurgel, Itaperuna, Jacarepagu\u00e1, Laranjeiras, Maca\u00e9, Nova Igua\u00e7u, Petr\u00f3polis, Resende, Santa Cruz, S\u00e3o Gon\u00e7alo e Vicente de Carvalho. As vagas ser\u00e3o distribu\u00eddas por meio de sorteio no s\u00e1bado, 23 de janeiro, no local em que foram realizadas as inscri\u00e7\u00f5es.<\/span><\/p>\n<p><span style=\"color: #000000;\">No Ensino Fundamental est\u00e3o dispon\u00edveis 146 vagas, da 1\u00aa \u00e0 5\u00aa fase, e 319, da 6\u00aa \u00e0 9\u00aa fase. Os candidatos \u00e0s vagas destas etapas precisam ter idade m\u00ednima de 15 anos. J\u00e1 no Ensino M\u00e9dio, da 1\u00aa \u00e0 3\u00aa fase, os interessados podem concorrer a 558 vagas, mas devem ter idade m\u00ednima de 18 anos.<\/span><\/p>\n<p><span style=\"color: #000000;\">Para se inscrever, \u00e9 necess\u00e1rio apresentar as c\u00f3pias do RG, do CPF, da certid\u00e3o de nascimento, ou casamento, e do comprovante de escolaridade anterior \u00e0 fase que deseja cursar. Para os menores de idade, dever\u00e3o ser apresentados os documentos dos respons\u00e1veis.<\/span><\/p>\n<p><span style=\"color: #000000;\">A matr\u00edcula daqueles que forem sorteados ser\u00e1 realizada de 25 de janeiro a 1\u00ba de fevereiro na respectiva unidade em que o candidato concorreu \u00e0 vaga. <\/span><\/p>\n<p><span style=\"color: #000000;\">Mais informa\u00e7\u00f5es podem ser obtidas pelo <span style=\"color: #0000ff;\"><strong>0800 0231 231<\/strong><\/span> ou no site<span style=\"color: #0000ff;\">\u00a0<a style=\"color: #0000ff;\" href=\"http:\/\/www.firjan.org.br\/educamais\">www.firjan.org.br\/educamais<\/a><\/span>, onde est\u00e1 dispon\u00edvel o edital completo.\u00a0<\/span><\/p>\n<p><span style=\"color: #000080;\">Fonte: Assessoria de Imprensa Firjan<\/span><\/p>\n","protected":false},"excerpt":{"rendered":"<p>H\u00e1 oportunidades para Ensino Fundamental e M\u00e9dio em v\u00e1rias cidades. Inscri\u00e7\u00f5es v\u00e3o at\u00e9 21 de janeiro O SESI Rio est\u00e1 com inscri\u00e7\u00f5es abertas para 1.023 vagas gratuitas em turmas de Educa\u00e7\u00e3o B\u00e1sica de Jovens e Adultos (EJA), para aulas em diversas unidades do estado. Para concorrer, os candidatos devem realizar a inscri\u00e7\u00e3o at\u00e9 21 de [&hellip;]<\/p>\n","protected":false},"author":1,"featured_media":654,"comment_status":"open","ping_status":"open","sticky":false,"template":"","format":"standard","meta":{"_uag_custom_page_level_css":"","footnotes":""},"categories":[27],"tags":[3965,6576,7658,10964],"class_list":["post-653","post","type-post","status-publish","format-standard","has-post-thumbnail","hentry","category-acontece","tag-educacao","tag-jovens-e-adultos","tag-mil-vagas-gratuitas","tag-sesi"],"blocksy_meta":[],"spectra_blocks_featured_image_url":[],"spectra_blocks_author_info":{"display_name":"Jornal da Constru\u00e7\u00e3o Civil","avatar_url":"https:\/\/secure.gravatar.com\/avatar\/973c9774fd44ddaceb026973c4962faa70fc512bc4c9da68e8ebb40fecee6540?s=96&d=mm&r=g","author_link":"https:\/\/construcaocivil.siriusmarketingedesign.com.br\/?author=1","description":"Desde de 2013, levando muitas informa\u00e7\u00f5es, lan\u00e7amentos e produtos de qualidade para toda cadeia produtiva da constru\u00e7\u00e3o. O Futuro da constru\u00e7\u00e3o passa por aqui,"},"uagb_featured_image_src":{"full":false,"thumbnail":false,"medium":false,"medium_large":false,"large":false,"1536x1536":false,"2048x2048":false},"uagb_author_info":{"display_name":"Jornal da Constru\u00e7\u00e3o Civil","author_link":"https:\/\/construcaocivil.siriusmarketingedesign.com.br\/?author=1"},"uagb_comment_info":0,"uagb_excerpt":"H\u00e1 oportunidades para Ensino Fundamental e M\u00e9dio em v\u00e1rias cidades. Inscri\u00e7\u00f5es v\u00e3o at\u00e9 21 de janeiro O SESI Rio est\u00e1 com inscri\u00e7\u00f5es abertas para 1.023 vagas gratuitas em turmas de Educa\u00e7\u00e3o B\u00e1sica de Jovens e Adultos (EJA), para aulas em diversas unidades do estado. Para concorrer, os candidatos devem realizar a inscri\u00e7\u00e3o at\u00e9 21 de&hellip;","_links":{"self":[{"href":"https:\/\/construcaocivil.siriusmarketingedesign.com.br\/index.php?rest_route=\/wp\/v2\/posts\/653","targetHints":{"allow":["GET"]}}],"collection":[{"href":"https:\/\/construcaocivil.siriusmarketingedesign.com.br\/index.php?rest_route=\/wp\/v2\/posts"}],"about":[{"href":"https:\/\/construcaocivil.siriusmarketingedesign.com.br\/index.php?rest_route=\/wp\/v2\/types\/post"}],"author":[{"embeddable":true,"href":"https:\/\/construcaocivil.siriusmarketingedesign.com.br\/index.php?rest_route=\/wp\/v2\/users\/1"}],"replies":[{"embeddable":true,"href":"https:\/\/construcaocivil.siriusmarketingedesign.com.br\/index.php?rest_route=%2Fwp%2Fv2%2Fcomments&post=653"}],"version-history":[{"count":0,"href":"https:\/\/construcaocivil.siriusmarketingedesign.com.br\/index.php?rest_route=\/wp\/v2\/posts\/653\/revisions"}],"wp:attachment":[{"href":"https:\/\/construcaocivil.siriusmarketingedesign.com.br\/index.php?rest_route=%2Fwp%2Fv2%2Fmedia&parent=653"}],"wp:term":[{"taxonomy":"category","embeddable":true,"href":"https:\/\/construcaocivil.siriusmarketingedesign.com.br\/index.php?rest_route=%2Fwp%2Fv2%2Fcategories&post=653"},{"taxonomy":"post_tag","embeddable":true,"href":"https:\/\/construcaocivil.siriusmarketingedesign.com.br\/index.php?rest_route=%2Fwp%2Fv2%2Ftags&post=653"}],"curies":[{"name":"wp","href":"https:\/\/api.w.org\/{rel}","templated":true}]}}