{"id":6536,"date":"2017-06-16T15:38:02","date_gmt":"2017-06-16T18:38:02","guid":{"rendered":"http:\/\/www.jornaldaconstrucaocivil.com.br\/?p=6536"},"modified":"2017-06-16T15:38:02","modified_gmt":"2017-06-16T18:38:02","slug":"cinco-padroes-tres-tendencias-o-uso-de-paineis-de-madeira-na-decoracao-inspira-e-cria-ambientes-com-personalidade-e-elegancia","status":"publish","type":"post","link":"https:\/\/construcaocivil.siriusmarketingedesign.com.br\/?p=6536","title":{"rendered":"Cinco padr\u00f5es, tr\u00eas tend\u00eancias: o uso de pain\u00e9is de madeira na decora\u00e7\u00e3o inspira e cria ambientes com personalidade e eleg\u00e2ncia"},"content":{"rendered":"<p style=\"text-align: justify;\"><span style=\"color: #000000;\"><span style=\"color: #993300;\">Junho, 2017<\/span> &#8211; Pelo terceiro ano consecutivo, a Duratex apoia a CASACOR S\u00e3o Paulo, maior vitrine de arquitetura, decora\u00e7\u00e3o e paisagismo das Am\u00e9ricas, e marca presen\u00e7a em mais de 20 ambientes da mostra, levando novidades do universo de pisos laminados, vin\u00edlicos e pain\u00e9is de madeira.<\/span><\/p>\n<p style=\"text-align: justify;\"><span style=\"color: #000000;\">At\u00e9 o dia 23 de julho, os visitantes poder\u00e3o conferir as principais tend\u00eancias e padr\u00f5es que, aplicados ao estilo de vida e dia a dia das pessoas, trazem conex\u00e3o, inspira\u00e7\u00e3o e celebrem diversos estilos de morar dos brasileiros, evidenciando, principalmente, a riqueza cultural e a valoriza\u00e7\u00e3o da madeira por meio da mistura de cores e texturas que causam sensa\u00e7\u00f5es, recorrendo \u00e0 experi\u00eancia com cada um de seus produtos.<\/span><\/p>\n<p style=\"text-align: justify;\"><span style=\"color: #000000;\">Nessa edi\u00e7\u00e3o da <span style=\"color: #0000ff;\">CASACOR S\u00e3o Paulo<\/span>, a Duratex destaca tr\u00eas tend\u00eancias em pain\u00e9is que combinam com qualquer ambiente e estilo:<\/span><\/p>\n<p style=\"text-align: justify;\"><strong><span style=\"color: #000000;\">1 \u2013 Madeira na sua ess\u00eancia<\/span><\/strong><\/p>\n<figure id=\"attachment_6537\" aria-describedby=\"caption-attachment-6537\" style=\"width: 291px\" class=\"wp-caption alignleft\"><a href=\"http:\/\/www.jornaldaconstrucaocivil.com.br\/wp-content\/uploads\/2017\/06\/MADEIRA.jpg\"><img loading=\"lazy\" decoding=\"async\" class=\"wp-image-6537\" src=\"http:\/\/www.jornaldaconstrucaocivil.com.br\/wp-content\/uploads\/2017\/06\/MADEIRA.jpg\" alt=\"MADEIRA\" width=\"291\" height=\"194\" \/><\/a><figcaption id=\"caption-attachment-6537\" class=\"wp-caption-text\">Divulga\u00e7\u00e3o<\/figcaption><\/figure>\n<p style=\"text-align: justify;\"><span style=\"color: #000000;\">Paredes e tetos revestidos por pain\u00e9is que destacam a beleza e a naturalidade da madeira, criam uma atmosfera acolhedora e cativante e d\u00e3o ao mobili\u00e1rio a leveza e design necess\u00e1rios para compor ambientes simples e inovadores.<\/span><\/p>\n<p style=\"text-align: justify;\"><span style=\"color: #000000;\">No Caf\u00e9 do Saber, assinado pelos jovens Alan Freitas, Ana Dora e Breno Felisbino da equipe Sopro, vencedora da maratona Archaton, a arquitetura \u00e9 definida pelos pain\u00e9is Itapu\u00e3, da Linha Essencial Wood. O padr\u00e3o, que reveste parte do espa\u00e7o de 116m2, apresenta a beleza da l\u00e2mina natural da madeira com seu acabamento madeirado e inovador com suave brilho nos poros e oferece ao ambiente um ar jovem, atemporal e repleto de personalidade.<\/span><\/p>\n<figure id=\"attachment_6538\" aria-describedby=\"caption-attachment-6538\" style=\"width: 210px\" class=\"wp-caption alignright\"><a href=\"http:\/\/www.jornaldaconstrucaocivil.com.br\/wp-content\/uploads\/2017\/06\/ESCRITORIO.jpg\"><img loading=\"lazy\" decoding=\"async\" class=\"wp-image-6538\" src=\"http:\/\/www.jornaldaconstrucaocivil.com.br\/wp-content\/uploads\/2017\/06\/ESCRITORIO.jpg\" alt=\"ESCRITORIO\" width=\"210\" height=\"315\" \/><\/a><figcaption id=\"caption-attachment-6538\" class=\"wp-caption-text\">Divulga\u00e7\u00e3o<\/figcaption><\/figure>\n<p style=\"text-align: justify;\"><span style=\"color: #000000;\">O padr\u00e3o <span style=\"color: #0000ff;\"><strong>Carvalho Malva<\/strong><\/span>, da linha <span style=\"color: #0000ff;\">Design<\/span>, est\u00e1 presente na estante projetada pelas profissionais da <strong><span style=\"color: #0000ff;\">Tr\u00eas Arquitetura<\/span><\/strong> no espa\u00e7o Ateli\u00ea. Com tons claros e amadeirados, o padr\u00e3o apresenta um relevo suave nos veios e n\u00f3s, criando uma textura que reproduz com perfei\u00e7\u00e3o a naturalidade da madeira, destacando a beleza e design do mobili\u00e1rio. O mesmo padr\u00e3o tamb\u00e9m foi aplicado como revestimento no teto, imprimindo uma atmosfera de aconchego ao ambiente.<\/span><\/p>\n<figure id=\"attachment_6539\" aria-describedby=\"caption-attachment-6539\" style=\"width: 230px\" class=\"wp-caption alignleft\"><a href=\"http:\/\/www.jornaldaconstrucaocivil.com.br\/wp-content\/uploads\/2017\/06\/BICICLETA.jpg\"><img loading=\"lazy\" decoding=\"async\" class=\"wp-image-6539\" src=\"http:\/\/www.jornaldaconstrucaocivil.com.br\/wp-content\/uploads\/2017\/06\/BICICLETA.jpg\" alt=\"BICICLETA\" width=\"230\" height=\"344\" \/><\/a><figcaption id=\"caption-attachment-6539\" class=\"wp-caption-text\"><span style=\"color: #993300;\">Linha Cross<\/span><\/figcaption><\/figure>\n<p style=\"text-align: justify;\"><span style=\"color: #000000;\">Inspirada pelas lojas de museus e pop-up ao redor do mundo, a <span style=\"color: #0000ff;\">Loja CASACOR<\/span>, de autoria do designer Jos\u00e9 Marton, traz no mobili\u00e1rio e revestimentos o padr\u00e3o Riviera, da linha Cross, que apresenta a madeira em sua ess\u00eancia, destacando os tons lavados e suaves, que buscam no passado os elementos para criar um ambiente condutor de sensa\u00e7\u00f5es.<\/span><\/p>\n<p><strong><span style=\"color: #000000;\">2 \u2013 Sofistica\u00e7\u00e3o na medida certa<\/span><\/strong><\/p>\n<p style=\"text-align: justify;\"><span style=\"color: #000000;\">Sem perder de vista o fio condutor da<\/span> <span style=\"color: #0000ff;\">CASACOR S\u00e3o Paulo<\/span>, <span style=\"color: #000000;\">que destaca o<\/span> <span style=\"color: #993300;\">\u201cfoco no essencial\u201d<\/span>, <span style=\"color: #000000;\">a Duratex traz como tend\u00eancia o uso de pain\u00e9is que remetem com perfei\u00e7\u00e3o ao delicado toque do tecido, proporcionando suavidade e sofistica\u00e7\u00e3o ao ambiente.<\/span><\/p>\n<figure id=\"attachment_6540\" aria-describedby=\"caption-attachment-6540\" style=\"width: 268px\" class=\"wp-caption alignright\"><a href=\"http:\/\/www.jornaldaconstrucaocivil.com.br\/wp-content\/uploads\/2017\/06\/SALA.jpg\"><img loading=\"lazy\" decoding=\"async\" class=\"wp-image-6540\" src=\"http:\/\/www.jornaldaconstrucaocivil.com.br\/wp-content\/uploads\/2017\/06\/SALA.jpg\" alt=\"SALA\" width=\"268\" height=\"179\" \/><\/a><figcaption id=\"caption-attachment-6540\" class=\"wp-caption-text\"><span style=\"color: #993300;\">Lounge dos Amigos<\/span><\/figcaption><\/figure>\n<p style=\"text-align: justify;\"><span style=\"color: #000000;\">A designer de interiores<\/span><span style=\"color: #0000ff;\"><strong> Patr\u00edcia Hagobian<\/strong><\/span>, <span style=\"color: #000000;\">deu ao mobili\u00e1rio do <strong>Lounge dos Amigos<\/strong> a sensa\u00e7\u00e3o de movimento e suavidade com o uso do padr\u00e3o Grafite, lan\u00e7amento da linha Trama. Os padr\u00f5es da linha permitem in\u00fameras composi\u00e7\u00f5es, resultando em produtos elegantes e sofisticados.<\/span><\/p>\n<p style=\"text-align: justify;\"><strong><span style=\"color: #000000;\">3 \u2013 Tecnologia que inspira<\/span><\/strong><\/p>\n<figure id=\"attachment_6541\" aria-describedby=\"caption-attachment-6541\" style=\"width: 233px\" class=\"wp-caption alignleft\"><a href=\"http:\/\/www.jornaldaconstrucaocivil.com.br\/wp-content\/uploads\/2017\/06\/JANTAR.jpg\"><img loading=\"lazy\" decoding=\"async\" class=\"wp-image-6541\" src=\"http:\/\/www.jornaldaconstrucaocivil.com.br\/wp-content\/uploads\/2017\/06\/JANTAR.jpg\" alt=\"JANTAR\" width=\"233\" height=\"156\" \/><\/a><figcaption id=\"caption-attachment-6541\" class=\"wp-caption-text\"><span style=\"color: #993300;\">Atmosfera high tech<\/span><\/figcaption><\/figure>\n<p style=\"text-align: justify;\"><span style=\"color: #000000;\">Para a Duratex, a casa do futuro ser\u00e1 um lugar fluido e aberto, em constante evolu\u00e7\u00e3o. Por esse motivo, alguns padr\u00f5es evocam o uso da tecnologia para favorecer ambientes multiuso. Com matizes frios em cinza, azul, carbono e branco, prop\u00f5e linhas retas, precisas e elegantes para a cria\u00e7\u00e3o de uma atmosfera high tech. No <span style=\"color: #0000ff;\"><strong>Est\u00fadio do Curador de Arte<\/strong><\/span>, assinado pela designer de interiores Mar\u00edlia Veiga, o padr\u00e3o Tit\u00e2nio, da linha Trama, est\u00e1 presente no revestimento de parte do espa\u00e7o, bem como na estante projetada pela profissional, mostrando a versatilidade da linha mais tecnol\u00f3gica.<\/span><\/p>\n<p>&nbsp;<\/p>\n","protected":false},"excerpt":{"rendered":"<p>Junho, 2017 &#8211; Pelo terceiro ano consecutivo, a Duratex apoia a CASACOR S\u00e3o Paulo, maior vitrine de arquitetura, decora\u00e7\u00e3o e paisagismo das Am\u00e9ricas, e marca presen\u00e7a em mais de 20 ambientes da mostra, levando novidades do universo de pisos laminados, vin\u00edlicos e pain\u00e9is de madeira. At\u00e9 o dia 23 de julho, os visitantes poder\u00e3o conferir [&hellip;]<\/p>\n","protected":false},"author":1,"featured_media":6541,"comment_status":"open","ping_status":"open","sticky":false,"template":"","format":"standard","meta":{"_uag_custom_page_level_css":"","footnotes":""},"categories":[28],"tags":[353,911,1917,1924,1933,3546,3837,7121,7769,8718,9408,11275],"class_list":["post-6536","post","type-post","status-publish","format-standard","has-post-thumbnail","hentry","category-arquitetura","tag-acabamento-madeirado","tag-arquitetura","tag-casa-cor-sao-paulo","tag-casa-do-futuro","tag-casa-e-decoracao","tag-designer-de-interiores-marilia-veiga","tag-duratex","tag-madeira","tag-mobiliario","tag-patricia-hagobian-lounge-dos-amigos","tag-principais-tendencias-e-padroes","tag-sofisticacao-e-conforto"],"blocksy_meta":[],"spectra_blocks_featured_image_url":[],"spectra_blocks_author_info":{"display_name":"Jornal da Constru\u00e7\u00e3o Civil","avatar_url":"https:\/\/secure.gravatar.com\/avatar\/973c9774fd44ddaceb026973c4962faa70fc512bc4c9da68e8ebb40fecee6540?s=96&d=mm&r=g","author_link":"https:\/\/construcaocivil.siriusmarketingedesign.com.br\/?author=1","description":"Desde de 2013, levando muitas informa\u00e7\u00f5es, lan\u00e7amentos e produtos de qualidade para toda cadeia produtiva da constru\u00e7\u00e3o. O Futuro da constru\u00e7\u00e3o passa por aqui,"},"uagb_featured_image_src":{"full":false,"thumbnail":false,"medium":false,"medium_large":false,"large":false,"1536x1536":false,"2048x2048":false},"uagb_author_info":{"display_name":"Jornal da Constru\u00e7\u00e3o Civil","author_link":"https:\/\/construcaocivil.siriusmarketingedesign.com.br\/?author=1"},"uagb_comment_info":0,"uagb_excerpt":"Junho, 2017 &#8211; Pelo terceiro ano consecutivo, a Duratex apoia a CASACOR S\u00e3o Paulo, maior vitrine de arquitetura, decora\u00e7\u00e3o e paisagismo das Am\u00e9ricas, e marca presen\u00e7a em mais de 20 ambientes da mostra, levando novidades do universo de pisos laminados, vin\u00edlicos e pain\u00e9is de madeira. At\u00e9 o dia 23 de julho, os visitantes poder\u00e3o conferir&hellip;","_links":{"self":[{"href":"https:\/\/construcaocivil.siriusmarketingedesign.com.br\/index.php?rest_route=\/wp\/v2\/posts\/6536","targetHints":{"allow":["GET"]}}],"collection":[{"href":"https:\/\/construcaocivil.siriusmarketingedesign.com.br\/index.php?rest_route=\/wp\/v2\/posts"}],"about":[{"href":"https:\/\/construcaocivil.siriusmarketingedesign.com.br\/index.php?rest_route=\/wp\/v2\/types\/post"}],"author":[{"embeddable":true,"href":"https:\/\/construcaocivil.siriusmarketingedesign.com.br\/index.php?rest_route=\/wp\/v2\/users\/1"}],"replies":[{"embeddable":true,"href":"https:\/\/construcaocivil.siriusmarketingedesign.com.br\/index.php?rest_route=%2Fwp%2Fv2%2Fcomments&post=6536"}],"version-history":[{"count":0,"href":"https:\/\/construcaocivil.siriusmarketingedesign.com.br\/index.php?rest_route=\/wp\/v2\/posts\/6536\/revisions"}],"wp:attachment":[{"href":"https:\/\/construcaocivil.siriusmarketingedesign.com.br\/index.php?rest_route=%2Fwp%2Fv2%2Fmedia&parent=6536"}],"wp:term":[{"taxonomy":"category","embeddable":true,"href":"https:\/\/construcaocivil.siriusmarketingedesign.com.br\/index.php?rest_route=%2Fwp%2Fv2%2Fcategories&post=6536"},{"taxonomy":"post_tag","embeddable":true,"href":"https:\/\/construcaocivil.siriusmarketingedesign.com.br\/index.php?rest_route=%2Fwp%2Fv2%2Ftags&post=6536"}],"curies":[{"name":"wp","href":"https:\/\/api.w.org\/{rel}","templated":true}]}}