{"id":6552,"date":"2017-06-16T17:31:57","date_gmt":"2017-06-16T20:31:57","guid":{"rendered":"http:\/\/www.jornaldaconstrucaocivil.com.br\/?p=6552"},"modified":"2017-06-16T17:31:57","modified_gmt":"2017-06-16T20:31:57","slug":"arraia-da-catedral-de-sao-sebastiao-promete-esquentar-o-mes-de-julho-no-rio-de-janeiro","status":"publish","type":"post","link":"https:\/\/construcaocivil.siriusmarketingedesign.com.br\/?p=6552","title":{"rendered":"Arrai\u00e1 da Catedral de S\u00e3o Sebasti\u00e3o promete esquentar o m\u00eas de julho no Rio de Janeiro"},"content":{"rendered":"<figure id=\"attachment_6553\" aria-describedby=\"caption-attachment-6553\" style=\"width: 305px\" class=\"wp-caption alignleft\"><a href=\"http:\/\/www.jornaldaconstrucaocivil.com.br\/wp-content\/uploads\/2017\/06\/Quadrilha-S\u00e3o-Judas-Show-2.jpg\"><img loading=\"lazy\" decoding=\"async\" class=\"wp-image-6553\" src=\"http:\/\/www.jornaldaconstrucaocivil.com.br\/wp-content\/uploads\/2017\/06\/Quadrilha-S\u00e3o-Judas-Show-2.jpg\" width=\"305\" height=\"229\" \/><\/a><figcaption id=\"caption-attachment-6553\" class=\"wp-caption-text\"><span style=\"color: #0000ff;\">Quadrilha S\u00e3o Judas Show<\/span><\/figcaption><\/figure>\n<p style=\"text-align: justify;\"><span style=\"color: #993300;\">Julho, 2017<\/span> &#8211;<span style=\"color: #000000;\"> A Catedral de S\u00e3o Sebasti\u00e3o do Rio de Janeiro far\u00e1 sua 1\u00aa Festa Julina em 01 e 02 de julho de 2017, o Arrai\u00e1 da Catedral, no Centro do Rio. Haver\u00e1 atra\u00e7\u00f5es e brinquedos para as crian\u00e7as (touro mec\u00e2nico, tobog\u00e3, pula-pula, piscina de bolinhas, muro de escalada), quadrilha julina, comidas t\u00edpicas,food trucks, shows, sorteio de brindes, em ambiente seguro, com um grande estacionamento pago \u00e0 parte.<\/span><\/p>\n<p style=\"text-align: justify;\"><span style=\"color: #000000;\">Haver\u00e1 coleta de doa\u00e7\u00f5es(casacos, rem\u00e9dios, livros, etc.) para a comunidade. <span style=\"color: #993300;\">&#8220;Toda a renda do evento \u00e9 destinada a projetos sociais da Catedral S\u00e3o Sebasti\u00e3o&#8221;<\/span>, informa o Coordenador de Projetos Especiais da Catedral, Sandro Capad\u00f3cia.<\/span><\/p>\n<p style=\"text-align: justify;\"><span style=\"color: #000000;\">Para animar o p\u00fablico, o Arrai\u00e1 \u00a0da Catedral ter\u00e1\u00a0os grupos de Forr\u00f3, Trio\u00a0no\u00a0compasso\u00a0do\u00a0Forr\u00f3,\u00a0\u00a0Trio\u00a0Papa\u00a0Goiaba, a cantora sertaneja universit\u00e1ria\u00a0Yanna, o sambista Leandro\u00a0D&#8217;\u00a0Mennor, o Padre Omar, a cantora Val\u00e9ria\u00a0Lima, a Quadrilha Santa Rita, \u00a0o DJ\u00a0portugu\u00eas e o locutor Ger\u00f4nimo da GRES Mangueira.<\/span><\/p>\n<p style=\"text-align: justify;\">Acesse a programa\u00e7\u00e3o oficial do evento no facebook:<span style=\"text-decoration: underline;\"><span style=\"color: #0000ff; text-decoration: underline;\">\u00a0https:\/\/www.facebook.com\/profile.php?id=100017174585470<\/span><\/span><\/p>\n","protected":false},"excerpt":{"rendered":"<p>Julho, 2017 &#8211; A Catedral de S\u00e3o Sebasti\u00e3o do Rio de Janeiro far\u00e1 sua 1\u00aa Festa Julina em 01 e 02 de julho de 2017, o Arrai\u00e1 da Catedral, no Centro do Rio. Haver\u00e1 atra\u00e7\u00f5es e brinquedos para as crian\u00e7as (touro mec\u00e2nico, tobog\u00e3, pula-pula, piscina de bolinhas, muro de escalada), quadrilha julina, comidas t\u00edpicas,food trucks, [&hellip;]<\/p>\n","protected":false},"author":1,"featured_media":0,"comment_status":"open","ping_status":"open","sticky":false,"template":"","format":"standard","meta":{"_uag_custom_page_level_css":"","footnotes":""},"categories":[27],"tags":[930,2008,2411,2471,3744,4999,5167,5190,10375],"class_list":["post-6552","post","type-post","status-publish","format-standard","hentry","category-acontece","tag-arraia-da-catedral","tag-catedral-de-sao-sebastiao","tag-coleta-de-doacoes","tag-comidas-tipicas","tag-diversas-atracoes","tag-festa-julinha","tag-food-trucks","tag-forro","tag-rio-de-janeiro"],"blocksy_meta":[],"spectra_blocks_featured_image_url":null,"spectra_blocks_author_info":{"display_name":"Jornal da Constru\u00e7\u00e3o Civil","avatar_url":"https:\/\/secure.gravatar.com\/avatar\/973c9774fd44ddaceb026973c4962faa70fc512bc4c9da68e8ebb40fecee6540?s=96&d=mm&r=g","author_link":"https:\/\/construcaocivil.siriusmarketingedesign.com.br\/?author=1","description":"Desde de 2013, levando muitas informa\u00e7\u00f5es, lan\u00e7amentos e produtos de qualidade para toda cadeia produtiva da constru\u00e7\u00e3o. O Futuro da constru\u00e7\u00e3o passa por aqui,"},"uagb_featured_image_src":{"full":false,"thumbnail":false,"medium":false,"medium_large":false,"large":false,"1536x1536":false,"2048x2048":false},"uagb_author_info":{"display_name":"Jornal da Constru\u00e7\u00e3o Civil","author_link":"https:\/\/construcaocivil.siriusmarketingedesign.com.br\/?author=1"},"uagb_comment_info":0,"uagb_excerpt":"Julho, 2017 &#8211; A Catedral de S\u00e3o Sebasti\u00e3o do Rio de Janeiro far\u00e1 sua 1\u00aa Festa Julina em 01 e 02 de julho de 2017, o Arrai\u00e1 da Catedral, no Centro do Rio. Haver\u00e1 atra\u00e7\u00f5es e brinquedos para as crian\u00e7as (touro mec\u00e2nico, tobog\u00e3, pula-pula, piscina de bolinhas, muro de escalada), quadrilha julina, comidas t\u00edpicas,food trucks,&hellip;","_links":{"self":[{"href":"https:\/\/construcaocivil.siriusmarketingedesign.com.br\/index.php?rest_route=\/wp\/v2\/posts\/6552","targetHints":{"allow":["GET"]}}],"collection":[{"href":"https:\/\/construcaocivil.siriusmarketingedesign.com.br\/index.php?rest_route=\/wp\/v2\/posts"}],"about":[{"href":"https:\/\/construcaocivil.siriusmarketingedesign.com.br\/index.php?rest_route=\/wp\/v2\/types\/post"}],"author":[{"embeddable":true,"href":"https:\/\/construcaocivil.siriusmarketingedesign.com.br\/index.php?rest_route=\/wp\/v2\/users\/1"}],"replies":[{"embeddable":true,"href":"https:\/\/construcaocivil.siriusmarketingedesign.com.br\/index.php?rest_route=%2Fwp%2Fv2%2Fcomments&post=6552"}],"version-history":[{"count":0,"href":"https:\/\/construcaocivil.siriusmarketingedesign.com.br\/index.php?rest_route=\/wp\/v2\/posts\/6552\/revisions"}],"wp:attachment":[{"href":"https:\/\/construcaocivil.siriusmarketingedesign.com.br\/index.php?rest_route=%2Fwp%2Fv2%2Fmedia&parent=6552"}],"wp:term":[{"taxonomy":"category","embeddable":true,"href":"https:\/\/construcaocivil.siriusmarketingedesign.com.br\/index.php?rest_route=%2Fwp%2Fv2%2Fcategories&post=6552"},{"taxonomy":"post_tag","embeddable":true,"href":"https:\/\/construcaocivil.siriusmarketingedesign.com.br\/index.php?rest_route=%2Fwp%2Fv2%2Ftags&post=6552"}],"curies":[{"name":"wp","href":"https:\/\/api.w.org\/{rel}","templated":true}]}}