{"id":6589,"date":"2017-06-20T13:58:41","date_gmt":"2017-06-20T16:58:41","guid":{"rendered":"http:\/\/www.jornaldaconstrucaocivil.com.br\/?p=6589"},"modified":"2017-06-20T13:58:41","modified_gmt":"2017-06-20T16:58:41","slug":"almaco-e-ipt-unem-se-para-ajudar-as-micro-pequenas-e-medias-empresas","status":"publish","type":"post","link":"https:\/\/construcaocivil.siriusmarketingedesign.com.br\/?p=6589","title":{"rendered":"Almaco e IPT unem-se para ajudar as micro, pequenas e m\u00e9dias empresas"},"content":{"rendered":"<p style=\"text-align: justify;\"><span style=\"color: #000080;\"><em><strong>Entidades buscam viabilizar financeiramente projetos que contemplam a utiliza\u00e7\u00e3o de materiais comp\u00f3sitos<\/strong><\/em><\/span><\/p>\n<p style=\"text-align: justify;\"><span style=\"color: #000000;\"><span style=\"color: #993300;\">Junho, 2017<\/span> &#8211; A Associa\u00e7\u00e3o Latino-Americana de Materiais Comp\u00f3sitos (ALMACO) e o Instituto de Pesquisas Tecnol\u00f3gicas (IPT) assinaram um Termo de Coopera\u00e7\u00e3o (TC) cujo objetivo \u00e9 contribuir para o desenvolvimento das micro, pequenas e m\u00e9dias empresas, perfis majorit\u00e1rios no segmento de transforma\u00e7\u00e3o de comp\u00f3sitos \u2013 um tipo de pl\u00e1stico de alta performance.<\/span><\/p>\n<figure id=\"attachment_6590\" aria-describedby=\"caption-attachment-6590\" style=\"width: 305px\" class=\"wp-caption alignleft\"><a href=\"http:\/\/www.jornaldaconstrucaocivil.com.br\/wp-content\/uploads\/2017\/06\/Almaco.jpg\"><img loading=\"lazy\" decoding=\"async\" class=\"wp-image-6590\" src=\"http:\/\/www.jornaldaconstrucaocivil.com.br\/wp-content\/uploads\/2017\/06\/Almaco.jpg\" alt=\"Almaco\" width=\"305\" height=\"203\" \/><\/a><figcaption id=\"caption-attachment-6590\" class=\"wp-caption-text\">Gilmar Lima, presidente da ALMACO, e M\u00e1rio Boccalini J\u00fanior, diretor de opera\u00e7\u00f5es e neg\u00f3cios do IPT.<\/figcaption><\/figure>\n<p style=\"text-align: justify;\"><span style=\"color: #000000;\">O acordo divide-se em duas frentes. A primeira, focada em extens\u00e3o tecnol\u00f3gica, conta com financiamentos federal, por meio do Sistema Brasileiro de Tecnologia (SIBRATEC), e estadual, a cargo do Programa de Apoio Tecnol\u00f3gico \u00e0s Micro, Pequenas e M\u00e9dias Empresas, com or\u00e7amento do Plano Plurianual (PPA) do governo de S\u00e3o Paulo.<\/span><\/p>\n<p style=\"text-align: justify;\"><span style=\"color: #000000;\"><span style=\"color: #000080;\"><em>\u201cSomadas as fontes, dispomos de cerca de R$ 3 milh\u00f5es por ano para subsidiar as atividades. Depois de or\u00e7ado o tipo de servi\u00e7o, a empresa interessada se responsabiliza pela contrapartida de cerca de 20% do custo total\u201d<\/em><\/span>, detalha Mari Katayama, diretora do N\u00facleo de Atendimento Tecnol\u00f3gico \u00e0 Micro e Pequena Empresa do IPT, organismo executor do programa no estado de S\u00e3o Paulo.<\/span><\/p>\n<p style=\"text-align: justify;\"><span style=\"color: #000000;\">Criada em 1999, a extens\u00e3o tecnol\u00f3gica est\u00e1 dispon\u00edvel somente para as empresas paulistas que faturam at\u00e9 R$ 90 milh\u00f5es\/ano. Sua atua\u00e7\u00e3o concentra-se em cinco \u00e1reas: atendimento via unidades m\u00f3veis para visitas in loco e resolu\u00e7\u00e3o de problemas tecnol\u00f3gicos (PRUMO); adequa\u00e7\u00e3o de produtos para o mercado externo (PROGEX); qualifica\u00e7\u00e3o de produtos para o mercado interno (QUALIMINT); gest\u00e3o de produ\u00e7\u00e3o (GESPRO) e produ\u00e7\u00e3o mais limpa (PROLIMP). <em><span style=\"color: #000080;\">\u201cJ\u00e1 fizemos, por exemplo, cerca de cinco mil atendimentos no \u00e2mbito da PRUMO e realizamos mais de 1,5 mil adequa\u00e7\u00f5es de produtos para exporta\u00e7\u00e3o\u201d<\/span><\/em>.<\/span><\/p>\n<p style=\"text-align: justify;\"><span style=\"color: #000000;\">A segunda frente do TC assinado pela ALMACO e IPT destina-se ao fomento da pesquisa e inova\u00e7\u00e3o industrial. Dispon\u00edvel para empresas de todo o Brasil que faturam at\u00e9 R$ 3,6 milh\u00f5es\/ano, a atividade conta com o financiamento da Associa\u00e7\u00e3o Brasileira de Pesquisa e Inova\u00e7\u00e3o Industrial (EMBRAPII) e do Servi\u00e7o Brasileiro de Apoio \u00e0s Micro e Pequenas Empresas (SEBRAE). <em><span style=\"color: #000080;\">\u201cTrata-se de um programa com foco exclusivo em desenvolvimento e inova\u00e7\u00e3o. \u00c9 voltado principalmente para os microempreendedores individuais, empresas de pequeno porte e startups\u201d<\/span><\/em>.<\/span><\/p>\n<p style=\"text-align: justify;\"><span style=\"color: #000000;\">Os participantes podem contar com recursos do SEBRAE, cabendo \u00e0 empresa uma contrapartida, em m\u00e9dia, de 14% do custo total do projeto de desenvolvimento tecnol\u00f3gico. <span style=\"color: #000080;\"><em>\u201cA contrapartida fica em torno de 17% quando temos um encadeamento tecnol\u00f3gico, isto \u00e9, o envolvimento de uma pequena e uma m\u00e9dia ou grande empresa, cabendo a estas duas \u00faltimas o aporte financeiro de, no m\u00ednimo, 10%\u201d<\/em><\/span>, calcula Mari. O IPT \u00e9 credenciado na EMBRAPII na \u00e1rea de materiais comp\u00f3sitos, met\u00e1licos e cer\u00e2micos, bem como em nanopart\u00edculas e desenvolvimento\/escalonamento de processos biotecnol\u00f3gicos.<\/span><\/p>\n<p style=\"text-align: justify;\"><span style=\"color: #000000;\">De acordo com Gilmar Lima, presidente da ALMACO, o acordo assinado com o IPT ser\u00e1 fundamental para ajudar as empresas do setor de comp\u00f3sitos a atravessar a crise econ\u00f4mica.<span style=\"color: #000080;\"><em> \u201cInova\u00e7\u00e3o e exporta\u00e7\u00e3o s\u00e3o os principais caminhos para amenizar os efeitos das dificuldades que estamos vivenciando\u201d<\/em><\/span>, observa.<\/span><\/p>\n<p style=\"text-align: justify;\"><span style=\"color: #000000;\">No que tange \u00e0 associa\u00e7\u00e3o, Lima comenta que a parceria com o IPT deve aumentar a gera\u00e7\u00e3o de recursos, uma vez que a ALMACO poder\u00e1 atuar como prestadora de servi\u00e7os. <span style=\"color: #000080;\"><em>\u201cVamos oferecer a nossa estrutura, profissionais e expertise para viabilizar o maior n\u00famero poss\u00edvel de projetos\u201d. Ele ressalta ainda que a participa\u00e7\u00e3o de toda a cadeia produtiva de comp\u00f3sitos, em especial os fornecedores de mat\u00e9rias-primas, ser\u00e1 decisiva para o sucesso da a\u00e7\u00e3o. \u201cAs grandes empresas devem entender que o apoio aos transformadores \u00e9 ainda mais importante neste momento. Caso contr\u00e1rio, no futuro elas n\u00e3o ter\u00e3o para quem vender os seus produtos\u201d<\/em><\/span>.<\/span><\/p>\n<p style=\"text-align: justify;\"><span style=\"color: #000000;\"><strong>Setor deve faturar R$ 2,450 bi em 2017<\/strong><\/span><\/p>\n<p style=\"text-align: justify;\"><span style=\"color: #000000;\">Resultantes da combina\u00e7\u00e3o entre pol\u00edmeros e refor\u00e7os \u2013 por exemplo, fibras de vidro \u2013, os comp\u00f3sitos s\u00e3o conhecidos pelos elevados \u00edndices de resist\u00eancia mec\u00e2nica e qu\u00edmica, associados \u00e0 liberdade de design. H\u00e1 mais de 50 mil aplica\u00e7\u00f5es catalogadas em todo o mundo, de caixas d&#8217;\u00e1gua, tubos e p\u00e1s e\u00f3licas a pe\u00e7as de barcos, \u00f4nibus, trens e avi\u00f5es.<\/span><\/p>\n<p style=\"text-align: justify;\"><span style=\"color: #000000;\">Em 2016, o setor brasileiro de comp\u00f3sitos faturou R$ 2,550 bilh\u00f5es, queda de 4% em compara\u00e7\u00e3o ao ano anterior. O consumo de mat\u00e9rias-primas diminuiu 1,3%, totalizando 159 mil toneladas. A constru\u00e7\u00e3o civil liderou a demanda (36%), \u00e0 frente de transportes (25%), corros\u00e3o\/saneamento (17%), energia el\u00e9trica (5%), e\u00f3lico (4%) e n\u00e1utico (4%). Para 2017, o faturamento previsto \u00e9 de R$ 2,450 bilh\u00f5es \u2013 nova queda de 4% \u2013, enquanto o consumo de mat\u00e9rias-primas deve encolher 2,5%, perfazendo 155 mil toneladas.<\/span><\/p>\n<p style=\"text-align: justify;\"><span style=\"color: #000000;\">Fundada em 1981, a ALMACO tem como miss\u00e3o representar, promover e fortalecer o desenvolvimento sustent\u00e1vel do mercado de comp\u00f3sitos. Com administra\u00e7\u00e3o central no Brasil e sedes regionais no Chile, Argentina e Col\u00f4mbia, a ALMACO tem cerca de 400 associados (empresas, entidades e estudantes) e mant\u00e9m, em conjunto com o Instituto de Pesquisas Tecnol\u00f3gicas (IPT), o Centro de Tecnologia em Comp\u00f3sitos (CETECOM), o maior do g\u00eanero na Am\u00e9rica Latina.<\/span><\/p>\n<p>Para mais informa\u00e7\u00f5es, acesse<span style=\"text-decoration: underline;\"><span style=\"color: #0000ff; text-decoration: underline;\"> www.almaco.org.br<\/span><\/span><\/p>\n","protected":false},"excerpt":{"rendered":"<p>Entidades buscam viabilizar financeiramente projetos que contemplam a utiliza\u00e7\u00e3o de materiais comp\u00f3sitos Junho, 2017 &#8211; A Associa\u00e7\u00e3o Latino-Americana de Materiais Comp\u00f3sitos (ALMACO) e o Instituto de Pesquisas Tecnol\u00f3gicas (IPT) assinaram um Termo de Coopera\u00e7\u00e3o (TC) cujo objetivo \u00e9 contribuir para o desenvolvimento das micro, pequenas e m\u00e9dias empresas, perfis majorit\u00e1rios no segmento de transforma\u00e7\u00e3o de [&hellip;]<\/p>\n","protected":false},"author":1,"featured_media":6590,"comment_status":"open","ping_status":"open","sticky":false,"template":"","format":"standard","meta":{"_uag_custom_page_level_css":"","footnotes":""},"categories":[33],"tags":[1043,2826,4293,4395,6135,6220,7343,7470,7649,8063,10605,10916,11900],"class_list":["post-6589","post","type-post","status-publish","format-standard","has-post-thumbnail","hentry","category-mercado","tag-associacao-latino-americana-de-materiais-compositos-almaco","tag-construcao-civil","tag-energia-eletrica","tag-eolico","tag-inovacao-e-desenvolvimento","tag-instituto-de-pesquisas-tecnologicas-ipt","tag-materiais-compositos","tag-mercado","tag-microempreendedores-individuais-mei","tag-nautico","tag-saneamentocorrosao","tag-servico-brasileiro-de-apoio-as-micro-e-pequenas-empresas-sebrae","tag-transportes"],"blocksy_meta":[],"spectra_blocks_featured_image_url":[],"spectra_blocks_author_info":{"display_name":"Jornal da Constru\u00e7\u00e3o Civil","avatar_url":"https:\/\/secure.gravatar.com\/avatar\/973c9774fd44ddaceb026973c4962faa70fc512bc4c9da68e8ebb40fecee6540?s=96&d=mm&r=g","author_link":"https:\/\/construcaocivil.siriusmarketingedesign.com.br\/?author=1","description":"Desde de 2013, levando muitas informa\u00e7\u00f5es, lan\u00e7amentos e produtos de qualidade para toda cadeia produtiva da constru\u00e7\u00e3o. O Futuro da constru\u00e7\u00e3o passa por aqui,"},"uagb_featured_image_src":{"full":false,"thumbnail":false,"medium":false,"medium_large":false,"large":false,"1536x1536":false,"2048x2048":false},"uagb_author_info":{"display_name":"Jornal da Constru\u00e7\u00e3o Civil","author_link":"https:\/\/construcaocivil.siriusmarketingedesign.com.br\/?author=1"},"uagb_comment_info":0,"uagb_excerpt":"Entidades buscam viabilizar financeiramente projetos que contemplam a utiliza\u00e7\u00e3o de materiais comp\u00f3sitos Junho, 2017 &#8211; A Associa\u00e7\u00e3o Latino-Americana de Materiais Comp\u00f3sitos (ALMACO) e o Instituto de Pesquisas Tecnol\u00f3gicas (IPT) assinaram um Termo de Coopera\u00e7\u00e3o (TC) cujo objetivo \u00e9 contribuir para o desenvolvimento das micro, pequenas e m\u00e9dias empresas, perfis majorit\u00e1rios no segmento de transforma\u00e7\u00e3o de&hellip;","_links":{"self":[{"href":"https:\/\/construcaocivil.siriusmarketingedesign.com.br\/index.php?rest_route=\/wp\/v2\/posts\/6589","targetHints":{"allow":["GET"]}}],"collection":[{"href":"https:\/\/construcaocivil.siriusmarketingedesign.com.br\/index.php?rest_route=\/wp\/v2\/posts"}],"about":[{"href":"https:\/\/construcaocivil.siriusmarketingedesign.com.br\/index.php?rest_route=\/wp\/v2\/types\/post"}],"author":[{"embeddable":true,"href":"https:\/\/construcaocivil.siriusmarketingedesign.com.br\/index.php?rest_route=\/wp\/v2\/users\/1"}],"replies":[{"embeddable":true,"href":"https:\/\/construcaocivil.siriusmarketingedesign.com.br\/index.php?rest_route=%2Fwp%2Fv2%2Fcomments&post=6589"}],"version-history":[{"count":0,"href":"https:\/\/construcaocivil.siriusmarketingedesign.com.br\/index.php?rest_route=\/wp\/v2\/posts\/6589\/revisions"}],"wp:attachment":[{"href":"https:\/\/construcaocivil.siriusmarketingedesign.com.br\/index.php?rest_route=%2Fwp%2Fv2%2Fmedia&parent=6589"}],"wp:term":[{"taxonomy":"category","embeddable":true,"href":"https:\/\/construcaocivil.siriusmarketingedesign.com.br\/index.php?rest_route=%2Fwp%2Fv2%2Fcategories&post=6589"},{"taxonomy":"post_tag","embeddable":true,"href":"https:\/\/construcaocivil.siriusmarketingedesign.com.br\/index.php?rest_route=%2Fwp%2Fv2%2Ftags&post=6589"}],"curies":[{"name":"wp","href":"https:\/\/api.w.org\/{rel}","templated":true}]}}