{"id":6600,"date":"2017-06-20T14:56:17","date_gmt":"2017-06-20T17:56:17","guid":{"rendered":"http:\/\/www.jornaldaconstrucaocivil.com.br\/?p=6600"},"modified":"2017-06-20T14:56:17","modified_gmt":"2017-06-20T17:56:17","slug":"cas-rejeita-relatorio-sobre-projeto-da-reforma-trabalhista","status":"publish","type":"post","link":"https:\/\/construcaocivil.siriusmarketingedesign.com.br\/?p=6600","title":{"rendered":"Derrota do governo: CAS rejeita relat\u00f3rio sobre projeto da reforma trabalhista"},"content":{"rendered":"<p style=\"text-align: justify;\"><span style=\"color: #000080;\"><em><strong>Oposi\u00e7\u00e3o, liderado pelo Senado Paulo Paim-PT vence imp\u00f5e derrota ao governo Temer no Senado <\/strong><\/em><\/span><\/p>\n<figure id=\"attachment_6601\" aria-describedby=\"caption-attachment-6601\" style=\"width: 276px\" class=\"wp-caption alignleft\"><a href=\"http:\/\/www.jornaldaconstrucaocivil.com.br\/wp-content\/uploads\/2017\/06\/AA-SEBNADO.jpg\"><img loading=\"lazy\" decoding=\"async\" class=\"wp-image-6601\" src=\"http:\/\/www.jornaldaconstrucaocivil.com.br\/wp-content\/uploads\/2017\/06\/AA-SEBNADO-1024x679.jpg\" width=\"276\" height=\"183\" \/><\/a><figcaption id=\"caption-attachment-6601\" class=\"wp-caption-text\">Marcos Oliveira\/ Ag\u00eancia Senado<\/figcaption><\/figure>\n<p style=\"text-align: justify;\"><span style=\"color: #000000;\"><span style=\"color: #993300;\">Junho, 2017<\/span> &#8211; O relat\u00f3rio do senador Ricardo Ferra\u00e7o (PSDB-ES) sobre o projeto da reforma trabalhista (PLC 38\/2017) foi rejeitado pela Comiss\u00e3o de Assuntos Sociais (CAS) no in\u00edcio da tarde desta ter\u00e7a-feira (20). Por um placar de 10 votos contr\u00e1rios ao relat\u00f3rio e 9 a favor o texto deixou de constituir o parecer da comiss\u00e3o. Com a rejei\u00e7\u00e3o do relat\u00f3rio de Ferra\u00e7o, a presidente Marta Suplicy (PMDB-SP) p\u00f4s em vota\u00e7\u00e3o o voto em separado de Paulo Paim (PT-RS), que foi aprovado em vota\u00e7\u00e3o simb\u00f3lica. O parecer segue agora para a CCJ.<\/span><\/p>\n<p style=\"text-align: justify;\">Fonte: Reda\u00e7\u00e3o \/ Agencia Senado Federal<\/p>\n<p>&nbsp;<\/p>\n","protected":false},"excerpt":{"rendered":"<p>Oposi\u00e7\u00e3o, liderado pelo Senado Paulo Paim-PT vence imp\u00f5e derrota ao governo Temer no Senado Junho, 2017 &#8211; O relat\u00f3rio do senador Ricardo Ferra\u00e7o (PSDB-ES) sobre o projeto da reforma trabalhista (PLC 38\/2017) foi rejeitado pela Comiss\u00e3o de Assuntos Sociais (CAS) no in\u00edcio da tarde desta ter\u00e7a-feira (20). Por um placar de 10 votos contr\u00e1rios ao [&hellip;]<\/p>\n","protected":false},"author":1,"featured_media":6601,"comment_status":"open","ping_status":"open","sticky":false,"template":"","format":"standard","meta":{"_uag_custom_page_level_css":"","footnotes":""},"categories":[27],"tags":[2475,3469,8731,9030,10060,10063,11850],"class_list":["post-6600","post","type-post","status-publish","format-standard","has-post-thumbnail","hentry","category-acontece","tag-comissao-de-assuntos-sociais-cas","tag-derrota-para-governo-temer","tag-paulo-paim-pt","tag-plc-382017","tag-reforma-trabalhista","tag-reforma-trabalhista-rejeitada-no-senado","tag-trabalhadores-do-brasil"],"blocksy_meta":[],"spectra_blocks_featured_image_url":[],"spectra_blocks_author_info":{"display_name":"Jornal da Constru\u00e7\u00e3o Civil","avatar_url":"https:\/\/secure.gravatar.com\/avatar\/973c9774fd44ddaceb026973c4962faa70fc512bc4c9da68e8ebb40fecee6540?s=96&d=mm&r=g","author_link":"https:\/\/construcaocivil.siriusmarketingedesign.com.br\/?author=1","description":"Desde de 2013, levando muitas informa\u00e7\u00f5es, lan\u00e7amentos e produtos de qualidade para toda cadeia produtiva da constru\u00e7\u00e3o. O Futuro da constru\u00e7\u00e3o passa por aqui,"},"uagb_featured_image_src":{"full":false,"thumbnail":false,"medium":false,"medium_large":false,"large":false,"1536x1536":false,"2048x2048":false},"uagb_author_info":{"display_name":"Jornal da Constru\u00e7\u00e3o Civil","author_link":"https:\/\/construcaocivil.siriusmarketingedesign.com.br\/?author=1"},"uagb_comment_info":0,"uagb_excerpt":"Oposi\u00e7\u00e3o, liderado pelo Senado Paulo Paim-PT vence imp\u00f5e derrota ao governo Temer no Senado Junho, 2017 &#8211; O relat\u00f3rio do senador Ricardo Ferra\u00e7o (PSDB-ES) sobre o projeto da reforma trabalhista (PLC 38\/2017) foi rejeitado pela Comiss\u00e3o de Assuntos Sociais (CAS) no in\u00edcio da tarde desta ter\u00e7a-feira (20). Por um placar de 10 votos contr\u00e1rios ao&hellip;","_links":{"self":[{"href":"https:\/\/construcaocivil.siriusmarketingedesign.com.br\/index.php?rest_route=\/wp\/v2\/posts\/6600","targetHints":{"allow":["GET"]}}],"collection":[{"href":"https:\/\/construcaocivil.siriusmarketingedesign.com.br\/index.php?rest_route=\/wp\/v2\/posts"}],"about":[{"href":"https:\/\/construcaocivil.siriusmarketingedesign.com.br\/index.php?rest_route=\/wp\/v2\/types\/post"}],"author":[{"embeddable":true,"href":"https:\/\/construcaocivil.siriusmarketingedesign.com.br\/index.php?rest_route=\/wp\/v2\/users\/1"}],"replies":[{"embeddable":true,"href":"https:\/\/construcaocivil.siriusmarketingedesign.com.br\/index.php?rest_route=%2Fwp%2Fv2%2Fcomments&post=6600"}],"version-history":[{"count":0,"href":"https:\/\/construcaocivil.siriusmarketingedesign.com.br\/index.php?rest_route=\/wp\/v2\/posts\/6600\/revisions"}],"wp:attachment":[{"href":"https:\/\/construcaocivil.siriusmarketingedesign.com.br\/index.php?rest_route=%2Fwp%2Fv2%2Fmedia&parent=6600"}],"wp:term":[{"taxonomy":"category","embeddable":true,"href":"https:\/\/construcaocivil.siriusmarketingedesign.com.br\/index.php?rest_route=%2Fwp%2Fv2%2Fcategories&post=6600"},{"taxonomy":"post_tag","embeddable":true,"href":"https:\/\/construcaocivil.siriusmarketingedesign.com.br\/index.php?rest_route=%2Fwp%2Fv2%2Ftags&post=6600"}],"curies":[{"name":"wp","href":"https:\/\/api.w.org\/{rel}","templated":true}]}}