{"id":661,"date":"2016-01-09T02:46:09","date_gmt":"2016-01-09T02:46:09","guid":{"rendered":"http:\/\/www.jornaldaconstrucaocivil.com.br\/?p=661"},"modified":"2016-01-09T02:46:09","modified_gmt":"2016-01-09T02:46:09","slug":"sil-recebe-premios-abreme-e-melhor-produto-do-ano-de-2015","status":"publish","type":"post","link":"https:\/\/construcaocivil.siriusmarketingedesign.com.br\/?p=661","title":{"rendered":"SIL recebe pr\u00eamios Abreme e Melhor Produto do Ano de 2015"},"content":{"rendered":"<p><strong><span style=\"color: #000000;\">Silvio Barone Junior, diretor-presidente da SIL, foi o homenageado deste ano do Pr\u00eamio Persona Abreme<\/span><\/strong><\/p>\n<p><span style=\"color: #000000;\">Pela quarta vez a SIL Fios e Cabos El\u00e9tricos \u00e9 escolhida como Fornecedor Ouro, o maior t\u00edtulo da categoria, no segmento Fios e Cabos do Pr\u00eamio Abreme. Iniciativa da Associa\u00e7\u00e3o Brasileira dos Revendedores e Distribuidores de Material El\u00e9trico (Abreme), a premia\u00e7\u00e3o \u2013 resultado de pesquisa realizada com revendedores e distribuidores de material el\u00e9trico de todo o pa\u00eds \u2013 apontou as empresas que mais se destacaram durante o ano de 2015 nos segmentos de fios e cabos, ilumina\u00e7\u00e3o, dispositivos el\u00e9tricos e material de instala\u00e7\u00e3o. Durante a vota\u00e7\u00e3o, tr\u00eas pontos foram considerados: qualidade do produto, apoio comercial e a\u00e7\u00f5es de marketing.<\/span><\/p>\n<p><a href=\"http:\/\/www.jornaldaconstrucaocivil.com.br\/wp-content\/uploads\/2016\/01\/SIL-PREMIO.jpg\"><img loading=\"lazy\" decoding=\"async\" class=\"size-medium wp-image-662 alignleft\" src=\"http:\/\/www.jornaldaconstrucaocivil.com.br\/wp-content\/uploads\/2016\/01\/SIL-PREMIO-208x300.jpg\" alt=\"SIL PREMIO\" width=\"208\" height=\"300\" \/><\/a><\/p>\n<p><span style=\"color: #000000;\">A entrega dos trof\u00e9us aconteceu em 3 de dezembro, no Esporte Clube S\u00edrio, em S\u00e3o Paulo (SP), e neste ano com reconhecimento duplo para a SIL, j\u00e1 que o homenageado da noite com o Pr\u00eamio Persona Abreme foi Silvio Barone Junior, diretor-presidente da SIL. O ranking que aponta as empresas que mais cresceram e se destacaram tamb\u00e9m homenageia personalidades da ind\u00fastria el\u00e9trica. \u201cFicamos duplamente felizes. Mais do que pr\u00eamios, esses trof\u00e9us representam reconhecimento pelo que somos e fazemos\u201d, comemorou Silvio Barone Junior.<\/span><\/p>\n<p><strong><span style=\"color: #000000;\">Mais e mais<\/span><\/strong><\/p>\n<p><span style=\"color: #000000;\">O pr\u00eamio de Melhor Produto do Ano, entregue em 24 de novembro, no Espa\u00e7o Milenium\/Secovi, em S\u00e3o Paulo (SP), foi mais uma conquista para a SIL este ano. A empresa ganhou pela terceira vez, no segmento Fio e Cabo El\u00e9trico, pelo desenvolvimento do cabo flex\u00edvel AtoxSil 0,6\/1 kV 90\u00baC. Organizado pela revista Revenda Constru\u00e7\u00e3o, a premia\u00e7\u00e3o, que est\u00e1 na 19\u00aa edi\u00e7\u00e3o, tem como objetivo identificar, por meio dos votos dos lojistas, quais produtos apresentaram ao longo dos \u00faltimos 12 meses o maior giro e lucratividade na revenda, por serem os mais procurados pelo consumidor final.<\/span><\/p>\n<p><span style=\"color: #000000;\">A pesquisa, realizada entre setembro e outubro de 2015, contou com 1.643 entrevistas com varejistas distribu\u00eddos pelo pa\u00eds, contabilizando quase 12.859 votos v\u00e1lidos. Os segmentos somam 82 e s\u00e3o os mesmos votados no Top Of Mind Revenda Constru\u00e7\u00e3o. As cinco empresas mais votadas no Top indicam os seus produtos e os revendedores votam nas marcas finalistas. <\/span><\/p>\n<p><span style=\"color: #000000;\">De acordo com os organizadores, a cada ano cresce a participa\u00e7\u00e3o dos revendedores na vota\u00e7\u00e3o para o pr\u00eamio, confirmando que est\u00e3o antenados com o mercado e trabalhando com produtos que geram maior lucratividade, rentabilidade e contribuem para a conquista de clientes.<\/span><\/p>\n<p><span style=\"color: #000000;\"><em>\u201cComemoramos muito essas conquistas porque elas atestam que nossos esfor\u00e7os e investimentos constantes em qualidade e inova\u00e7\u00e3o s\u00e3o reconhecidos pelo mercado. E como a SIL acredita em parcerias de longo prazo, adota uma pol\u00edtica comercial s\u00e9ria e honesta, com r\u00e1pida resposta ao cliente, agilidade na entrega do pedido e pre\u00e7os competitivos. Distribuidores e revendedores s\u00e3o mais que parceiros, s\u00e3o vitrine para os produtos da SIL e s\u00f3 temos palavras de agradecimento pela confian\u00e7a em n\u00f3s depositada\u201d<\/em>, finalizou o diretor-presidente da SIL.<\/span><\/p>\n<p><span style=\"color: #0000ff;\">Fonte: Assessoria de Imprensa Sil Fios e Cabos El\u00e9tricos\u00a0<\/span><\/p>\n","protected":false},"excerpt":{"rendered":"<p>Silvio Barone Junior, diretor-presidente da SIL, foi o homenageado deste ano do Pr\u00eamio Persona Abreme Pela quarta vez a SIL Fios e Cabos El\u00e9tricos \u00e9 escolhida como Fornecedor Ouro, o maior t\u00edtulo da categoria, no segmento Fios e Cabos do Pr\u00eamio Abreme. Iniciativa da Associa\u00e7\u00e3o Brasileira dos Revendedores e Distribuidores de Material El\u00e9trico (Abreme), a [&hellip;]<\/p>\n","protected":false},"author":1,"featured_media":0,"comment_status":"open","ping_status":"open","sticky":false,"template":"","format":"quote","meta":{"_uag_custom_page_level_css":"","footnotes":""},"categories":[33],"tags":[5185,9342,11084],"class_list":["post-661","post","type-post","status-publish","format-quote","hentry","category-mercado","tag-fornecedor-ouro","tag-premio-persona-abreme-2015","tag-sil-fios-cabos-eletricos","post_format-post-format-quote"],"blocksy_meta":[],"spectra_blocks_featured_image_url":null,"spectra_blocks_author_info":{"display_name":"Jornal da Constru\u00e7\u00e3o Civil","avatar_url":"https:\/\/secure.gravatar.com\/avatar\/973c9774fd44ddaceb026973c4962faa70fc512bc4c9da68e8ebb40fecee6540?s=96&d=mm&r=g","author_link":"https:\/\/construcaocivil.siriusmarketingedesign.com.br\/?author=1","description":"Desde de 2013, levando muitas informa\u00e7\u00f5es, lan\u00e7amentos e produtos de qualidade para toda cadeia produtiva da constru\u00e7\u00e3o. O Futuro da constru\u00e7\u00e3o passa por aqui,"},"uagb_featured_image_src":{"full":false,"thumbnail":false,"medium":false,"medium_large":false,"large":false,"1536x1536":false,"2048x2048":false},"uagb_author_info":{"display_name":"Jornal da Constru\u00e7\u00e3o Civil","author_link":"https:\/\/construcaocivil.siriusmarketingedesign.com.br\/?author=1"},"uagb_comment_info":0,"uagb_excerpt":"Silvio Barone Junior, diretor-presidente da SIL, foi o homenageado deste ano do Pr\u00eamio Persona Abreme Pela quarta vez a SIL Fios e Cabos El\u00e9tricos \u00e9 escolhida como Fornecedor Ouro, o maior t\u00edtulo da categoria, no segmento Fios e Cabos do Pr\u00eamio Abreme. Iniciativa da Associa\u00e7\u00e3o Brasileira dos Revendedores e Distribuidores de Material El\u00e9trico (Abreme), a&hellip;","_links":{"self":[{"href":"https:\/\/construcaocivil.siriusmarketingedesign.com.br\/index.php?rest_route=\/wp\/v2\/posts\/661","targetHints":{"allow":["GET"]}}],"collection":[{"href":"https:\/\/construcaocivil.siriusmarketingedesign.com.br\/index.php?rest_route=\/wp\/v2\/posts"}],"about":[{"href":"https:\/\/construcaocivil.siriusmarketingedesign.com.br\/index.php?rest_route=\/wp\/v2\/types\/post"}],"author":[{"embeddable":true,"href":"https:\/\/construcaocivil.siriusmarketingedesign.com.br\/index.php?rest_route=\/wp\/v2\/users\/1"}],"replies":[{"embeddable":true,"href":"https:\/\/construcaocivil.siriusmarketingedesign.com.br\/index.php?rest_route=%2Fwp%2Fv2%2Fcomments&post=661"}],"version-history":[{"count":0,"href":"https:\/\/construcaocivil.siriusmarketingedesign.com.br\/index.php?rest_route=\/wp\/v2\/posts\/661\/revisions"}],"wp:attachment":[{"href":"https:\/\/construcaocivil.siriusmarketingedesign.com.br\/index.php?rest_route=%2Fwp%2Fv2%2Fmedia&parent=661"}],"wp:term":[{"taxonomy":"category","embeddable":true,"href":"https:\/\/construcaocivil.siriusmarketingedesign.com.br\/index.php?rest_route=%2Fwp%2Fv2%2Fcategories&post=661"},{"taxonomy":"post_tag","embeddable":true,"href":"https:\/\/construcaocivil.siriusmarketingedesign.com.br\/index.php?rest_route=%2Fwp%2Fv2%2Ftags&post=661"}],"curies":[{"name":"wp","href":"https:\/\/api.w.org\/{rel}","templated":true}]}}