{"id":6638,"date":"2017-06-22T15:43:44","date_gmt":"2017-06-22T18:43:44","guid":{"rendered":"http:\/\/www.jornaldaconstrucaocivil.com.br\/?p=6638"},"modified":"2017-06-22T15:43:44","modified_gmt":"2017-06-22T18:43:44","slug":"empresa-responsavel-pela-marca-blumenau-iluminacao-anuncia-incorporacao-da-germany","status":"publish","type":"post","link":"https:\/\/construcaocivil.siriusmarketingedesign.com.br\/?p=6638","title":{"rendered":"Empresa respons\u00e1vel pela marca Blumenau Ilumina\u00e7\u00e3o anuncia incorpora\u00e7\u00e3o da Germany"},"content":{"rendered":"<p style=\"text-align: justify;\"><span style=\"color: #000080;\"><em><strong>Inclus\u00e3o da marca, que h\u00e1 22 anos atua em todo o pa\u00eds com solu\u00e7\u00f5es para \u00e1reas externas, deve representar incremento de 20% no faturamento da empresa<\/strong><\/em><\/span><\/p>\n<p style=\"text-align: justify;\"><span style=\"color: #000000;\"><span style=\"color: #993300;\">Junho, 2017<\/span> &#8211; Duas marcas de tradi\u00e7\u00e3o, com presen\u00e7a de mercado em todo o Brasil no segmento de ilumina\u00e7\u00e3o, passam agora a compor a Pamplona. Detentora da Blumenau Ilumina\u00e7\u00e3o, a empresa acaba de anunciar a incorpora\u00e7\u00e3o da Germany, tamb\u00e9m de Blumenau (SC). A nova fase do empreendimento come\u00e7a oficialmente no dia 1\u00ba de julho e deve representar um incremento de 20% no faturamento em 2017.<\/span><\/p>\n<figure id=\"attachment_6639\" aria-describedby=\"caption-attachment-6639\" style=\"width: 397px\" class=\"wp-caption alignleft\"><a href=\"http:\/\/www.jornaldaconstrucaocivil.com.br\/wp-content\/uploads\/2017\/06\/BLUMENAU-II.jpg\"><img loading=\"lazy\" decoding=\"async\" class=\"wp-image-6639\" src=\"http:\/\/www.jornaldaconstrucaocivil.com.br\/wp-content\/uploads\/2017\/06\/BLUMENAU-II.jpg\" width=\"397\" height=\"286\" \/><\/a><figcaption id=\"caption-attachment-6639\" class=\"wp-caption-text\">Pamplona, detentora da marca Blumenau Ilumina\u00e7\u00e3o, anuncia incorpora\u00e7\u00e3o da Germany.<\/figcaption><\/figure>\n<p style=\"text-align: justify;\"><span style=\"color: #000000;\">Por contarem com investidores em comum, ambas as marcas optaram pela estrutura\u00e7\u00e3o dos neg\u00f3cios sob uma mesma empresa, com foco em unifica\u00e7\u00e3o das opera\u00e7\u00f5es industriais. Renato Medeiros, diretor da Pamplona, explica que a decis\u00e3o prev\u00ea ainda maior escalabilidade e aumento de participa\u00e7\u00e3o dos produtos no mercado brasileiro de ilumina\u00e7\u00e3o. <em><span style=\"color: #000080;\">&#8220;Germany e Blumenau s\u00e3o marcas distintas, com produtos independentes e destinados a p\u00fablicos diferentes e iremos manter essa identidade. Nosso objetivo \u00e9 aproveitar melhor o ambiente operacional, focando em qualidade e confiabilidade&#8221;<\/span><\/em>, explica.<\/span><\/p>\n<p style=\"text-align: justify;\"><span style=\"color: #000000;\">O gestor garante ainda que a companhia pretende preservar as equipes atuais tanto nas opera\u00e7\u00f5es quanto no ambiente estrat\u00e9gico.<span style=\"color: #000080;\"><em> &#8220;A Germany \u00e9 reconhecida pelas suas pe\u00e7as feitas artesanalmente e de muita qualidade, voltadas essencialmente a ambientes externos. J\u00e1 a Blumenau possui um mix bastante amplo, com produtos para diferentes p\u00fablicos e ambientes. Esses dois posicionamentos continuam. Inclusive, cada marca contar\u00e1 com sua equipe comercial distinta&#8221;<\/em><\/span>, explica Renato.<\/span><\/p>\n<p style=\"text-align: justify;\"><span style=\"color: #000000;\">Atrav\u00e9s da Blumenau Ilumina\u00e7\u00e3o, a empresa conta com cerca de 5 mil pontos de venda ativos em todo o pa\u00eds e 150 profissionais diretos. Entre as linhas, o destaque s\u00e3o as pe\u00e7as 100% nacionais da linha Colonial, produzidas artesanalmente, com processo exclusivo de acobreamento. J\u00e1 a Germany chegou ao mercado em 1995 e possui mais de 2 mil pontos de vendas. Os produtos, destinados \u00e0 ilumina\u00e7\u00e3o externa, contam com o pintura impermeabilizante especial, conferindo alta durabilidade, al\u00e9m de op\u00e7\u00f5es com prote\u00e7\u00e3o aos raios ultra-violeta.<\/span><\/p>\n","protected":false},"excerpt":{"rendered":"<p>Inclus\u00e3o da marca, que h\u00e1 22 anos atua em todo o pa\u00eds com solu\u00e7\u00f5es para \u00e1reas externas, deve representar incremento de 20% no faturamento da empresa Junho, 2017 &#8211; Duas marcas de tradi\u00e7\u00e3o, com presen\u00e7a de mercado em todo o Brasil no segmento de ilumina\u00e7\u00e3o, passam agora a compor a Pamplona. Detentora da Blumenau Ilumina\u00e7\u00e3o, [&hellip;]<\/p>\n","protected":false},"author":1,"featured_media":0,"comment_status":"open","ping_status":"open","sticky":false,"template":"","format":"standard","meta":{"_uag_custom_page_level_css":"","footnotes":""},"categories":[33],"tags":[1459,5435,6315,6688,7081,7470,8287,12211],"class_list":["post-6638","post","type-post","status-publish","format-standard","hentry","category-mercado","tag-blumenau-iluminacao","tag-germany","tag-investimentos-e-faturamento","tag-lampadas-leed","tag-luminarias","tag-mercado","tag-novos-negocios","tag-varejo"],"blocksy_meta":[],"spectra_blocks_featured_image_url":null,"spectra_blocks_author_info":{"display_name":"Jornal da Constru\u00e7\u00e3o Civil","avatar_url":"https:\/\/secure.gravatar.com\/avatar\/973c9774fd44ddaceb026973c4962faa70fc512bc4c9da68e8ebb40fecee6540?s=96&d=mm&r=g","author_link":"https:\/\/construcaocivil.siriusmarketingedesign.com.br\/?author=1","description":"Desde de 2013, levando muitas informa\u00e7\u00f5es, lan\u00e7amentos e produtos de qualidade para toda cadeia produtiva da constru\u00e7\u00e3o. O Futuro da constru\u00e7\u00e3o passa por aqui,"},"uagb_featured_image_src":{"full":false,"thumbnail":false,"medium":false,"medium_large":false,"large":false,"1536x1536":false,"2048x2048":false},"uagb_author_info":{"display_name":"Jornal da Constru\u00e7\u00e3o Civil","author_link":"https:\/\/construcaocivil.siriusmarketingedesign.com.br\/?author=1"},"uagb_comment_info":0,"uagb_excerpt":"Inclus\u00e3o da marca, que h\u00e1 22 anos atua em todo o pa\u00eds com solu\u00e7\u00f5es para \u00e1reas externas, deve representar incremento de 20% no faturamento da empresa Junho, 2017 &#8211; Duas marcas de tradi\u00e7\u00e3o, com presen\u00e7a de mercado em todo o Brasil no segmento de ilumina\u00e7\u00e3o, passam agora a compor a Pamplona. Detentora da Blumenau Ilumina\u00e7\u00e3o,&hellip;","_links":{"self":[{"href":"https:\/\/construcaocivil.siriusmarketingedesign.com.br\/index.php?rest_route=\/wp\/v2\/posts\/6638","targetHints":{"allow":["GET"]}}],"collection":[{"href":"https:\/\/construcaocivil.siriusmarketingedesign.com.br\/index.php?rest_route=\/wp\/v2\/posts"}],"about":[{"href":"https:\/\/construcaocivil.siriusmarketingedesign.com.br\/index.php?rest_route=\/wp\/v2\/types\/post"}],"author":[{"embeddable":true,"href":"https:\/\/construcaocivil.siriusmarketingedesign.com.br\/index.php?rest_route=\/wp\/v2\/users\/1"}],"replies":[{"embeddable":true,"href":"https:\/\/construcaocivil.siriusmarketingedesign.com.br\/index.php?rest_route=%2Fwp%2Fv2%2Fcomments&post=6638"}],"version-history":[{"count":0,"href":"https:\/\/construcaocivil.siriusmarketingedesign.com.br\/index.php?rest_route=\/wp\/v2\/posts\/6638\/revisions"}],"wp:attachment":[{"href":"https:\/\/construcaocivil.siriusmarketingedesign.com.br\/index.php?rest_route=%2Fwp%2Fv2%2Fmedia&parent=6638"}],"wp:term":[{"taxonomy":"category","embeddable":true,"href":"https:\/\/construcaocivil.siriusmarketingedesign.com.br\/index.php?rest_route=%2Fwp%2Fv2%2Fcategories&post=6638"},{"taxonomy":"post_tag","embeddable":true,"href":"https:\/\/construcaocivil.siriusmarketingedesign.com.br\/index.php?rest_route=%2Fwp%2Fv2%2Ftags&post=6638"}],"curies":[{"name":"wp","href":"https:\/\/api.w.org\/{rel}","templated":true}]}}