{"id":6649,"date":"2017-06-22T18:55:19","date_gmt":"2017-06-22T21:55:19","guid":{"rendered":"http:\/\/www.jornaldaconstrucaocivil.com.br\/?p=6649"},"modified":"2017-06-22T18:55:19","modified_gmt":"2017-06-22T21:55:19","slug":"denver-imper-muda-seu-logotipo-acompanhando-expansao-da-marca-no-varejo","status":"publish","type":"post","link":"https:\/\/construcaocivil.siriusmarketingedesign.com.br\/?p=6649","title":{"rendered":"Denver Imper muda seu logotipo acompanhando expans\u00e3o da marca no varejo"},"content":{"rendered":"<p style=\"text-align: justify;\"><span style=\"color: #000080;\"><em><strong>Mudan\u00e7a \u00e9 reflexo da atua\u00e7\u00e3o da empresa, que est\u00e1 em constante crescimento e sempre em busca de inova\u00e7\u00e3o e moderniza\u00e7\u00e3o<\/strong><\/em><\/span><\/p>\n<p style=\"text-align: justify;\"><span style=\"color: #000000;\"><span style=\"color: #993300;\">Junho, 2017<\/span> &#8211; Uma das maiores fabricantes nacionais de impermeabilizantes e especialidades qu\u00edmicas para a constru\u00e7\u00e3o civil, a Denver Imper acaba de mudar a sua identidade visual, que faz parte do processo de amplia\u00e7\u00e3o do mercado em que a empresa atua, desenvolvendo a marca tamb\u00e9m no varejo.<\/span><\/p>\n<p style=\"text-align: justify;\"><a href=\"http:\/\/www.jornaldaconstrucaocivil.com.br\/wp-content\/uploads\/2017\/06\/Logo_Denver_Imper-Fundo-Branco-3.png\"><img loading=\"lazy\" decoding=\"async\" class=\"wp-image-6650 alignleft\" src=\"http:\/\/www.jornaldaconstrucaocivil.com.br\/wp-content\/uploads\/2017\/06\/Logo_Denver_Imper-Fundo-Branco-3-1024x311.png\" alt=\"Logo_Denver_Imper - Fundo Branco (3)\" width=\"446\" height=\"135\" \/><\/a><\/p>\n<p style=\"text-align: justify;\"><span style=\"color: #000000;\">Segundo o gerente t\u00e9cnico e de marketing, Fl\u00e1vio de Camargo, a empresa, reconhecida nacionalmente nas grandes obras e construtoras, vem conquistando, desde 2008, uma atua\u00e7\u00e3o ainda mais ampla no mercado, o que inclui o varejo: <em><span style=\"color: #000080;\">&#8220;a mudan\u00e7a do logotipo e de toda a identidade visual da Denver Imper deve ser um ponto forte para reconhecimento imediato no ponto de venda&#8221;<\/span><\/em>, destaca.<\/span><\/p>\n<p style=\"text-align: justify;\"><span style=\"color: #000000;\">Fl\u00e1vio conta que a empresa decidiu reestruturar seu logotipo e identidade visual de forma a mudar sem perder a ess\u00eancia, fortalecendo, assim, o conceito de qualidade que se mant\u00e9m em mais de 30 anos de hist\u00f3ria. <em><span style=\"color: #000080;\">&#8220;A mudan\u00e7a foi sutil, a logo est\u00e1 com um ar mais moderno, por\u00e9m mantendo as caracter\u00edsticas marcantes da Denver Imper como, por exemplo, a cor laranja e o nome em letra mai\u00fascula&#8221;<\/span><\/em>, explica. Al\u00e9m disso, a palavra &#8220;Impermeabilizantes&#8221; foi resumida no <span style=\"color: #993300;\">&#8220;Imper&#8221;<\/span>, e o conceito de impermeabiliza\u00e7\u00e3o foi transformado no slogan SUA OBRA SEM UMIDADE descrevendo assim o ramo de atua\u00e7\u00e3o da empresa.<\/span><\/p>\n<p style=\"text-align: justify;\"><span style=\"color: #000000;\">O processo de mudan\u00e7a da Denver Imper inclui, tamb\u00e9m, o layout das embalagens, que est\u00e1 sendo alterado e padronizado desde 2015 com o objetivo de manter uma identidade visual s\u00f3lida. De acordo com Fl\u00e1vio de Camargo, as embalagens est\u00e3o com apelo mais est\u00e9tico e de melhor destaque para o ponto de venda, ajudando a ampliar o posicionamento no mercado de varejo e revenda especializada. &#8220;S\u00e3o mais de 200 embalagens diferentes e estamos trabalhando em cada uma delas de acordo com a sua caracter\u00edstica&#8221;, conta.<\/span><\/p>\n<p style=\"text-align: justify;\"><span style=\"color: #000000;\"><strong>Denver Imper no mercado e a mudan\u00e7a na identidade visual<\/strong> \u2013 Atualmente, a Denver Imper est\u00e1 posicionada entre as cinco marcas mais conhecidas do ramo, atuando tanto no mercado t\u00e9cnico quanto no varejo. A qualidade dos produtos e o atendimento t\u00e9cnico e comercial s\u00e3o grandes diferenciais da empresa. <em><span style=\"color: #000080;\">&#8220;H\u00e1 muito a se conquistar, por isso a nova identidade vem fortalecer esse posicionamento da Denver Imper e acompanhar o crescimento dos pr\u00f3ximos anos&#8221;<\/span><\/em>, declara o gerente de marketing.<\/span><\/p>\n<p style=\"text-align: justify;\"><span style=\"color: #000000;\"><strong>Denver Imperblack<\/strong> \u2013 Em constante evolu\u00e7\u00e3o, a Denver Imper vem trabalhando nas formula\u00e7\u00f5es de alguns dos seus produtos, indo de encontro com as necessidades do mercado.<\/span><\/p>\n<p style=\"text-align: justify;\"><span style=\"color: #000000;\">Entre os produtos reformulados, est\u00e1 o Denver Imperblack. Sua f\u00f3rmula agora conta com um poder ainda maior de cobertura, secagem ultrarr\u00e1pida, excelente ader\u00eancia e pode ser aplicado em \u00e1reas internas, pois tem baixo VOC (Composto Org\u00e2nico Vol\u00e1til).<\/span><\/p>\n<p style=\"text-align: justify;\"><span style=\"color: #000000;\">Sua embalagem tamb\u00e9m foi reformulada para dar mais destaque para as aplica\u00e7\u00f5es e benef\u00edcios do produto.<\/span><\/p>\n<p style=\"text-align: justify;\"><span style=\"color: #000000;\">Sobre a Denver Imper : <span style=\"text-decoration: underline;\"><span style=\"color: #0000ff; text-decoration: underline;\">www.denverimper.com.br<\/span><\/span><\/span><\/p>\n<p>&nbsp;<\/p>\n","protected":false},"excerpt":{"rendered":"<p>Mudan\u00e7a \u00e9 reflexo da atua\u00e7\u00e3o da empresa, que est\u00e1 em constante crescimento e sempre em busca de inova\u00e7\u00e3o e moderniza\u00e7\u00e3o Junho, 2017 &#8211; Uma das maiores fabricantes nacionais de impermeabilizantes e especialidades qu\u00edmicas para a constru\u00e7\u00e3o civil, a Denver Imper acaba de mudar a sua identidade visual, que faz parte do processo de amplia\u00e7\u00e3o do [&hellip;]<\/p>\n","protected":false},"author":1,"featured_media":0,"comment_status":"open","ping_status":"open","sticky":false,"template":"","format":"standard","meta":{"_uag_custom_page_level_css":"","footnotes":""},"categories":[33],"tags":[3445,3446,3667,5949,5953,7346,8395,9512],"class_list":["post-6649","post","type-post","status-publish","format-standard","hentry","category-mercado","tag-denver-imper","tag-denver-imperblack","tag-dicas-na-obra","tag-impermeabilizacao","tag-impermeabilizacao-nas-lajes-e-piscinas","tag-materiais-de-construcao","tag-obras-sem-umidade","tag-produtos-para-impermeabilizacao"],"blocksy_meta":[],"spectra_blocks_featured_image_url":null,"spectra_blocks_author_info":{"display_name":"Jornal da Constru\u00e7\u00e3o Civil","avatar_url":"https:\/\/secure.gravatar.com\/avatar\/973c9774fd44ddaceb026973c4962faa70fc512bc4c9da68e8ebb40fecee6540?s=96&d=mm&r=g","author_link":"https:\/\/construcaocivil.siriusmarketingedesign.com.br\/?author=1","description":"Desde de 2013, levando muitas informa\u00e7\u00f5es, lan\u00e7amentos e produtos de qualidade para toda cadeia produtiva da constru\u00e7\u00e3o. O Futuro da constru\u00e7\u00e3o passa por aqui,"},"uagb_featured_image_src":{"full":false,"thumbnail":false,"medium":false,"medium_large":false,"large":false,"1536x1536":false,"2048x2048":false},"uagb_author_info":{"display_name":"Jornal da Constru\u00e7\u00e3o Civil","author_link":"https:\/\/construcaocivil.siriusmarketingedesign.com.br\/?author=1"},"uagb_comment_info":0,"uagb_excerpt":"Mudan\u00e7a \u00e9 reflexo da atua\u00e7\u00e3o da empresa, que est\u00e1 em constante crescimento e sempre em busca de inova\u00e7\u00e3o e moderniza\u00e7\u00e3o Junho, 2017 &#8211; Uma das maiores fabricantes nacionais de impermeabilizantes e especialidades qu\u00edmicas para a constru\u00e7\u00e3o civil, a Denver Imper acaba de mudar a sua identidade visual, que faz parte do processo de amplia\u00e7\u00e3o do&hellip;","_links":{"self":[{"href":"https:\/\/construcaocivil.siriusmarketingedesign.com.br\/index.php?rest_route=\/wp\/v2\/posts\/6649","targetHints":{"allow":["GET"]}}],"collection":[{"href":"https:\/\/construcaocivil.siriusmarketingedesign.com.br\/index.php?rest_route=\/wp\/v2\/posts"}],"about":[{"href":"https:\/\/construcaocivil.siriusmarketingedesign.com.br\/index.php?rest_route=\/wp\/v2\/types\/post"}],"author":[{"embeddable":true,"href":"https:\/\/construcaocivil.siriusmarketingedesign.com.br\/index.php?rest_route=\/wp\/v2\/users\/1"}],"replies":[{"embeddable":true,"href":"https:\/\/construcaocivil.siriusmarketingedesign.com.br\/index.php?rest_route=%2Fwp%2Fv2%2Fcomments&post=6649"}],"version-history":[{"count":0,"href":"https:\/\/construcaocivil.siriusmarketingedesign.com.br\/index.php?rest_route=\/wp\/v2\/posts\/6649\/revisions"}],"wp:attachment":[{"href":"https:\/\/construcaocivil.siriusmarketingedesign.com.br\/index.php?rest_route=%2Fwp%2Fv2%2Fmedia&parent=6649"}],"wp:term":[{"taxonomy":"category","embeddable":true,"href":"https:\/\/construcaocivil.siriusmarketingedesign.com.br\/index.php?rest_route=%2Fwp%2Fv2%2Fcategories&post=6649"},{"taxonomy":"post_tag","embeddable":true,"href":"https:\/\/construcaocivil.siriusmarketingedesign.com.br\/index.php?rest_route=%2Fwp%2Fv2%2Ftags&post=6649"}],"curies":[{"name":"wp","href":"https:\/\/api.w.org\/{rel}","templated":true}]}}