{"id":6666,"date":"2017-06-24T12:53:06","date_gmt":"2017-06-24T15:53:06","guid":{"rendered":"http:\/\/www.jornaldaconstrucaocivil.com.br\/?p=6666"},"modified":"2017-06-24T12:53:06","modified_gmt":"2017-06-24T15:53:06","slug":"espaco-dos-convidados-destaque-em-feira-de-arquitetura-e-designer-foi-totalmente-construido-em-menos-de-dois-meses","status":"publish","type":"post","link":"https:\/\/construcaocivil.siriusmarketingedesign.com.br\/?p=6666","title":{"rendered":"Espa\u00e7o dos Convidados destaque em feira de arquitetura e designer, foi totalmente constru\u00eddo em menos de dois meses"},"content":{"rendered":"<p style=\"text-align: justify;\"><span style=\"color: #000080;\"><em><strong>Projeto da arquiteta Denise Barretto, com living e cozinha gourmet integrados, foi constru\u00eddo com estrutura met\u00e1lica em tempo recorde<\/strong><\/em><\/span><\/p>\n<figure id=\"attachment_6667\" aria-describedby=\"caption-attachment-6667\" style=\"width: 783px\" class=\"wp-caption aligncenter\"><a href=\"http:\/\/www.jornaldaconstrucaocivil.com.br\/wp-content\/uploads\/2017\/06\/Antes-e-depois.jpg\"><img loading=\"lazy\" decoding=\"async\" class=\"wp-image-6667\" src=\"http:\/\/www.jornaldaconstrucaocivil.com.br\/wp-content\/uploads\/2017\/06\/Antes-e-depois-1024x342.jpg\" alt=\"Antes e depois\" width=\"783\" height=\"261\" \/><\/a><figcaption id=\"caption-attachment-6667\" class=\"wp-caption-text\"><span style=\"color: #0000ff;\">Antes e depois.<span style=\"color: #000000;\"> Foto: Romulo Fialdini<\/span><\/span><\/figcaption><\/figure>\n<p style=\"text-align: justify;\"><span style=\"color: #000000;\"><span style=\"color: #993300;\">Junho, 2017<\/span> &#8211; A arquiteta Denise Barretto, que celebra a sua 15a participa\u00e7\u00e3o na CASACOR S\u00e3o Paulo, apresenta o Espa\u00e7o dos Convidados, projeto de 218 m\u00b2 que re\u00fane living, cozinha e terra\u00e7o. Ela acompanhou ativamente as obras desde o in\u00edcio e o anexo, executado pela Saeng Engenharia, tirou partido da estrutura met\u00e1lica totalmente desmont\u00e1vel e ficou pronto rapidamente (<span style=\"text-decoration: underline;\"><span style=\"color: #0000ff;\"><a style=\"color: #0000ff; text-decoration: underline;\" href=\"http:\/\/bit.ly\/2sr5J7r\" target=\"_blank\" rel=\"noreferrer\">Confira o time-lapse<\/a><\/span><\/span>).<\/span><\/p>\n<figure id=\"attachment_6668\" aria-describedby=\"caption-attachment-6668\" style=\"width: 248px\" class=\"wp-caption alignright\"><a href=\"http:\/\/www.jornaldaconstrucaocivil.com.br\/wp-content\/uploads\/2017\/06\/Foto-Noturna-Romulo-Fialdini.jpg\"><img loading=\"lazy\" decoding=\"async\" class=\"wp-image-6668\" src=\"http:\/\/www.jornaldaconstrucaocivil.com.br\/wp-content\/uploads\/2017\/06\/Foto-Noturna-Romulo-Fialdini.jpg\" width=\"248\" height=\"166\" \/><\/a><figcaption id=\"caption-attachment-6668\" class=\"wp-caption-text\"><span style=\"color: #0000ff;\">Espa\u00e7o dos Convidados &#8211; <span style=\"color: #000000;\">Foto Noturna &#8211; Romulo Fialdini<\/span><\/span><\/figcaption><\/figure>\n<p style=\"text-align: justify;\"><span style=\"color: #000000;\">Denise se inspirou nos elementos da natureza, como a terra, a pedra e a madeira, para conceber o espa\u00e7o, que \u00e9 dedicado ao relaxamento e perfeito para reunir a fam\u00edlia e os amigos. Reunidos num \u00fanico ambiente, o living com lareira e a cozinha gourmet est\u00e3o sempre conectados ao jardim de 118 m\u00b2, gra\u00e7as aos generosos panos transparentes de vidro. <span style=\"color: #000080;\"><em>&#8220;Usamos caixilhos de alum\u00ednio com acabamento no tom cobre, lan\u00e7amento da Tecnofeal, que comp\u00f5em as tr\u00eas portas de correr com o maior vidro jumbo brasileiro. Cada um mede 4,30 m de altura e pesa cerca de 350 kg&#8221;<\/em><\/span>, explica a arquiteta.<\/span><\/p>\n<p style=\"text-align: justify;\"><span style=\"color: #000000;\">Logo na entrada, os convidados s\u00e3o recepcionados por uma charmosa pra\u00e7a com um jardim tropical tamb\u00e9m idealizado por Denise. De inspira\u00e7\u00e3o modernista, o espa\u00e7o \u00e9 formado pelo &#8220;abra\u00e7o&#8221; entre a empena de tijolos caramelo (Portobello) e o grande L revestido por uma argamassa de cimento prata, novidade da Terracor. O desenho d\u00e1 forma a uma imponente marquise, que percorre duas faces do anexo e demarca o acesso para os enormes vidros da fachada, desvendando os ambientes internos.<\/span><\/p>\n<p style=\"text-align: justify;\"><span style=\"color: #000000;\">O living em forma de U conta com duas chaises ao centro, que organizam o espa\u00e7o e ficam voltadas para a TV e a lareira. Revestidos de couro de napa exclusivo e fabricados pela Natuzzi It\u00e1lia, o conjunto de sof\u00e1s Ido e a poltrona Marlene, desenhada por Paola Navone, conferem o bem-estar ao ambiente. A \u00e1rea da TV \u00e9 real\u00e7ada por uma elegante sobreposi\u00e7\u00e3o de materiais. Sobre o extenso painel de madeira blend (4,30 x 10 m) encontra-se a lareira ao lado da estante feita de pedra vulc\u00e2nica nero groove e perfis de metal acobreado com uma cristaleira de vidro refletente, delicadamente apoiada no volume de slimstone etna griggio.<\/span><\/p>\n<p style=\"text-align: justify;\"><span style=\"color: #000000;\">Toda a marcenaria da \u00e1rea gourmet leva a assinatura da SCA, que apresenta a cole\u00e7\u00e3o Attico em comemora\u00e7\u00e3o aos seus 50 anos. Um diferencial \u00e9 o sistema cartesia, com diferentes possibilidades de composi\u00e7\u00e3o dos acess\u00f3rios. Para arrematar o projeto, a ilumina\u00e7\u00e3o (Sergon Prime) re\u00fane balizadores externos e pontos embutidos com efeito de luz e contraste marcantes, que refor\u00e7am a sensa\u00e7\u00e3o de aconchego do ref\u00fagio idealizado por Denise Barretto.<\/span><\/p>\n<p style=\"text-align: justify;\"><b>Denise Barretto Arquitetura<\/b><\/p>\n<p style=\"text-align: justify;\"><span style=\"text-decoration: underline;\"><span style=\"color: #0000ff; text-decoration: underline;\"><a style=\"color: #0000ff; text-decoration: underline;\" href=\"http:\/\/www.denisebarretto.com.br\/\" target=\"_blank\" rel=\"noreferrer\">www.denisebarretto.com.br<\/a><b>\u00a0<\/b><\/span><\/span><\/p>\n<p>&nbsp;<\/p>\n","protected":false},"excerpt":{"rendered":"<p>Projeto da arquiteta Denise Barretto, com living e cozinha gourmet integrados, foi constru\u00eddo com estrutura met\u00e1lica em tempo recorde Junho, 2017 &#8211; A arquiteta Denise Barretto, que celebra a sua 15a participa\u00e7\u00e3o na CASACOR S\u00e3o Paulo, apresenta o Espa\u00e7o dos Convidados, projeto de 218 m\u00b2 que re\u00fane living, cozinha e terra\u00e7o. Ela acompanhou ativamente as [&hellip;]<\/p>\n","protected":false},"author":1,"featured_media":6668,"comment_status":"open","ping_status":"open","sticky":false,"template":"","format":"standard","meta":{"_uag_custom_page_level_css":"","footnotes":""},"categories":[28],"tags":[860,875,893,1933,1959,4515,6527,11275,11756],"class_list":["post-6666","post","type-post","status-publish","format-standard","has-post-thumbnail","hentry","category-arquitetura","tag-area-gourmet","tag-argamassa-de-cimento","tag-arquiteta-denise-barretto","tag-casa-e-decoracao","tag-casacor-sp-2017","tag-espaco-dos-convidados","tag-jockey-club-de-sao-paulo","tag-sofisticacao-e-conforto","tag-tijolos-caramelo-portobello"],"blocksy_meta":[],"spectra_blocks_featured_image_url":[],"spectra_blocks_author_info":{"display_name":"Jornal da Constru\u00e7\u00e3o Civil","avatar_url":"https:\/\/secure.gravatar.com\/avatar\/973c9774fd44ddaceb026973c4962faa70fc512bc4c9da68e8ebb40fecee6540?s=96&d=mm&r=g","author_link":"https:\/\/construcaocivil.siriusmarketingedesign.com.br\/?author=1","description":"Desde de 2013, levando muitas informa\u00e7\u00f5es, lan\u00e7amentos e produtos de qualidade para toda cadeia produtiva da constru\u00e7\u00e3o. O Futuro da constru\u00e7\u00e3o passa por aqui,"},"uagb_featured_image_src":{"full":false,"thumbnail":false,"medium":false,"medium_large":false,"large":false,"1536x1536":false,"2048x2048":false},"uagb_author_info":{"display_name":"Jornal da Constru\u00e7\u00e3o Civil","author_link":"https:\/\/construcaocivil.siriusmarketingedesign.com.br\/?author=1"},"uagb_comment_info":0,"uagb_excerpt":"Projeto da arquiteta Denise Barretto, com living e cozinha gourmet integrados, foi constru\u00eddo com estrutura met\u00e1lica em tempo recorde Junho, 2017 &#8211; A arquiteta Denise Barretto, que celebra a sua 15a participa\u00e7\u00e3o na CASACOR S\u00e3o Paulo, apresenta o Espa\u00e7o dos Convidados, projeto de 218 m\u00b2 que re\u00fane living, cozinha e terra\u00e7o. Ela acompanhou ativamente as&hellip;","_links":{"self":[{"href":"https:\/\/construcaocivil.siriusmarketingedesign.com.br\/index.php?rest_route=\/wp\/v2\/posts\/6666","targetHints":{"allow":["GET"]}}],"collection":[{"href":"https:\/\/construcaocivil.siriusmarketingedesign.com.br\/index.php?rest_route=\/wp\/v2\/posts"}],"about":[{"href":"https:\/\/construcaocivil.siriusmarketingedesign.com.br\/index.php?rest_route=\/wp\/v2\/types\/post"}],"author":[{"embeddable":true,"href":"https:\/\/construcaocivil.siriusmarketingedesign.com.br\/index.php?rest_route=\/wp\/v2\/users\/1"}],"replies":[{"embeddable":true,"href":"https:\/\/construcaocivil.siriusmarketingedesign.com.br\/index.php?rest_route=%2Fwp%2Fv2%2Fcomments&post=6666"}],"version-history":[{"count":0,"href":"https:\/\/construcaocivil.siriusmarketingedesign.com.br\/index.php?rest_route=\/wp\/v2\/posts\/6666\/revisions"}],"wp:attachment":[{"href":"https:\/\/construcaocivil.siriusmarketingedesign.com.br\/index.php?rest_route=%2Fwp%2Fv2%2Fmedia&parent=6666"}],"wp:term":[{"taxonomy":"category","embeddable":true,"href":"https:\/\/construcaocivil.siriusmarketingedesign.com.br\/index.php?rest_route=%2Fwp%2Fv2%2Fcategories&post=6666"},{"taxonomy":"post_tag","embeddable":true,"href":"https:\/\/construcaocivil.siriusmarketingedesign.com.br\/index.php?rest_route=%2Fwp%2Fv2%2Ftags&post=6666"}],"curies":[{"name":"wp","href":"https:\/\/api.w.org\/{rel}","templated":true}]}}