{"id":6671,"date":"2017-06-26T14:51:40","date_gmt":"2017-06-26T17:51:40","guid":{"rendered":"http:\/\/www.jornaldaconstrucaocivil.com.br\/?p=6671"},"modified":"2021-08-01T20:13:51","modified_gmt":"2021-08-01T23:13:51","slug":"projeto-sao-francisco-moradores-de-vilas-produtivas-rurais-celebram-as-primeiras-colheitas","status":"publish","type":"post","link":"https:\/\/construcaocivil.siriusmarketingedesign.com.br\/?p=6671","title":{"rendered":"Projeto S\u00e3o Francisco: moradores de Vilas Produtivas Rurais celebram as primeiras colheitas"},"content":{"rendered":"<p style=\"text-align: justify;\"><span style=\"color: #000080;\"><em><strong>Cultivos de itens diversos como arroz, milho, ab\u00f3bora ou banana j\u00e1 t\u00eam assegurado seguran\u00e7a alimentar e economia \u00e0s fam\u00edlias<\/strong><\/em><\/span><\/p>\n<p style=\"text-align: justify;\"><span style=\"color: #000000;\"><span style=\"color: #993300;\">Bras\u00edlia &#8211; DF, junho, 2017<\/span> &#8211; Os quintais das fam\u00edlias que moram nas Vilas Produtivas Rurais (VPRs) do Projeto de Integra\u00e7\u00e3o do Rio S\u00e3o Francisco est\u00e3o mudando a paisagem local com a planta\u00e7\u00e3o e colheita de uma diversidade de frutas, verduras, legumes e hortali\u00e7as. Desde as \u00faltimas chuvas na regi\u00e3o, os moradores de seis vilas, localizadas entre o Cear\u00e1 e a Para\u00edba, j\u00e1 conseguem proporcionar seguran\u00e7a alimentar a suas fam\u00edlias.<\/span><\/p>\n<p style=\"text-align: justify;\"><span style=\"color: #000000;\"><strong>S\u00e3o cerca de 200 fam\u00edlias que vivem nas vilas<\/strong>: Cacar\u00e9, Irapu\u00e1 1, Irapu\u00e1 2 e Quixeramobim, em S\u00e3o Jos\u00e9 de Piranhas (PB); Retiro, em Penaforte (CE); e Bartolomeu, em Cajazeiras (PB). As produ\u00e7\u00f5es variam entre arroz, milho, amendoim, ab\u00f3bora, banana e feij\u00e3o.<\/span><\/p>\n<p style=\"text-align: justify;\"><span style=\"color: #000000;\"><strong>Antes e depois<\/strong> \u2013 O agricultor Francisco Jos\u00e9, morador da VPR Cacar\u00e9, na Para\u00edba, comemora a colheita dentro da sua propriedade.<em><span style=\"color: #000080;\"> \u201cAntes a gente n\u00e3o tinha terra para plantar e agora eu j\u00e1 tiro feij\u00e3o para o ano todo, da minha terra, e isso me deixa muito feliz\u201d<\/span><\/em>. Disse o morador que tamb\u00e9m planta melancia, ab\u00f3bora, fava e milho. <em><span style=\"color: #000080;\">\u201cJ\u00e1 est\u00e1 vingando, agora \u00e9 s\u00f3 esperar secar para colher\u201d<\/span><\/em>, celebra.<\/span><\/p>\n<p style=\"text-align: justify;\"><span style=\"color: #000000;\"><strong>Economia<\/strong> \u2013 Al\u00e9m do pr\u00f3prio consumo, a economia com a compra de mantimentos tamb\u00e9m \u00e9 sentida. A dona de casa C\u00edcera Gon\u00e7alves de Souza, moradora da mesma VPR, festeja. <em><span style=\"color: #000080;\">\u201cO sentimento agora \u00e9 s\u00f3 de alegria. A vida hoje mudou 100%. O milho que plantei vai dar para alimentar minhas galinhas. Com a colheita do feij\u00e3o, \u00e9 poss\u00edvel diminuir a despesa de casa. Agora \u00e9 s\u00f3 colher e botar a panela no fogo\u201d<\/span><\/em>, disse.<\/span><\/p>\n<p style=\"text-align: justify;\"><span style=\"color: #000000;\"><strong>Conhecimento e capacita\u00e7\u00f5es<\/strong> \u2013 Os quintais utilizam o conceito<span style=\"color: #993300;\"> \u201csocioprodutivo\u201d<\/span>, que \u00e9 a diversidade de culturas para o autoconsumo. A a\u00e7\u00e3o tem melhorado a qualidade de vida da popula\u00e7\u00e3o e tamb\u00e9m estimulado ampliado a perspectiva de gera\u00e7\u00e3o de renda.<\/span><\/p>\n<p style=\"text-align: justify;\"><span style=\"color: #000000;\">Al\u00e9m do conhecimento tradicional voltado ao trato com a terra, os moradores dos conjuntos habitacionais contam com capacita\u00e7\u00f5es que abordam temas que t\u00eam auxiliado a conviv\u00eancia da comunidade, tais como: agroecologia, manejo de agrot\u00f3xicos e sustentabilidade.<\/span><\/p>\n<p style=\"text-align: justify;\"><span style=\"color: #000000;\">Essas atividades t\u00eam objetivo de incentivar e aprimorar o conhecimento de forma a promover o fortalecimento, o protagonismo e a autonomia das fam\u00edlias reassentadas. As oficinas s\u00e3o promovidas pelas equipes t\u00e9cnicas do Minist\u00e9rio da Integra\u00e7\u00e3o Nacional, por meio do Programa de Reassentamento das Popula\u00e7\u00f5es, um dos 38 programas socioambientais em execu\u00e7\u00e3o pelo Projeto S\u00e3o Francisco.<\/span><\/p>\n<p style=\"text-align: justify;\"><span style=\"color: #000000;\"><strong>Vilas Produtivas Rurais<\/strong> &#8211; O Projeto S\u00e3o Francisco construiu 18 Vilas Produtivas Rurais (VPRs), ao longo dos Eixos Norte e Leste, para reassentar as 848 fam\u00edlias que moravam na faixa de implanta\u00e7\u00e3o da obra, nos estados de Pernambuco, Cear\u00e1 e Para\u00edba.<\/span><\/p>\n<p style=\"text-align: justify;\"><span style=\"color: #000000;\"><strong>As vilas s\u00e3o organizadas em dois setores:<\/strong> residencial e produtivo. O primeiro \u00e9 composto por casas de alvenaria de 99 metros quadrados. O espa\u00e7o, onde est\u00e3o os quintais produtivos, conta tamb\u00e9m com rede de \u00e1gua, esgoto e energia el\u00e9trica, al\u00e9m de posto de sa\u00fade, escola, espa\u00e7o de lazer e \u00e1reas destinadas ao com\u00e9rcio. J\u00e1 o setor produtivo possui, no m\u00ednimo, cinco hectares por benefici\u00e1rio, sendo um destinado \u00e0 irriga\u00e7\u00e3o.<\/span><\/p>\n<p style=\"text-align: justify;\"><span style=\"color: #000000;\"><strong>Garantia de \u00e1gua<\/strong> &#8211; O Projeto de Integra\u00e7\u00e3o do Rio S\u00e3o Francisco \u00e9 a maior obra h\u00eddrica do pa\u00eds. Prioridade do Governo Federal, o Eixo Leste do empreendimento j\u00e1 beneficia mais de 700 mil pessoas na Para\u00edba e Pernambuco. Al\u00e9m desses dois estados, o Eixo Norte tamb\u00e9m vai contemplar o Cear\u00e1 e o Rio Grande do Norte. A previs\u00e3o \u00e9 de que o Eixo Norte seja finalizado at\u00e9 o in\u00edcio de 2018. Leia mais<\/span><\/p>\n<p style=\"text-align: justify;\"><span style=\"color: #000000;\">Juntos, os dois eixos de transfer\u00eancia de \u00e1gua (Norte e Leste) do projeto v\u00e3o atender mais de 12 milh\u00f5es de pessoas nesses quatro estados.<\/span><\/p>\n<p style=\"text-align: justify;\">Fonte: Imprensa\/ Minist\u00e9rio da Integra\u00e7\u00e3o Nacional<\/p>\n<p>&nbsp;<\/p>\n","protected":false},"excerpt":{"rendered":"<p>Cultivos de itens diversos como arroz, milho, ab\u00f3bora ou banana j\u00e1 t\u00eam assegurado seguran\u00e7a alimentar e economia \u00e0s fam\u00edlias Bras\u00edlia &#8211; DF, junho, 2017 &#8211; Os quintais das fam\u00edlias que moram nas Vilas Produtivas Rurais (VPRs) do Projeto de Integra\u00e7\u00e3o do Rio S\u00e3o Francisco est\u00e3o mudando a paisagem local com a planta\u00e7\u00e3o e colheita de [&hellip;]<\/p>\n","protected":false},"author":1,"featured_media":17074,"comment_status":"open","ping_status":"open","sticky":false,"template":"","format":"standard","meta":{"_uag_custom_page_level_css":"","footnotes":""},"categories":[27,37],"tags":[528,529,2046,4006,7709,8335,8629,8828,9729,10383,10771,12413],"class_list":["post-6671","post","type-post","status-publish","format-standard","has-post-thumbnail","hentry","category-acontece","category-sustentabilidade","tag-agricultores-familiares","tag-agricultura","tag-ceara","tag-eixos-de-transferencia-de-agua-norte-e-leste","tag-ministerio-da-integracao-nacional","tag-obra-hidrica","tag-paraiba","tag-pernambuco","tag-projeto-sao-francisco","tag-rio-grande-do-norte","tag-seguranca-alimentar","tag-vilas-produtivas-rurais"],"blocksy_meta":[],"spectra_blocks_featured_image_url":{"thumbnail":{"url":"https:\/\/construcaocivil.siriusmarketingedesign.com.br\/wp-content\/uploads\/2017\/06\/VILA-RURAIS-150x150.jpg","width":150,"height":150},"medium":{"url":"https:\/\/construcaocivil.siriusmarketingedesign.com.br\/wp-content\/uploads\/2017\/06\/VILA-RURAIS-300x169.jpg","width":300,"height":169},"medium_large":{"url":"https:\/\/construcaocivil.siriusmarketingedesign.com.br\/wp-content\/uploads\/2017\/06\/VILA-RURAIS-768x432.jpg","width":768,"height":432},"large":{"url":"https:\/\/construcaocivil.siriusmarketingedesign.com.br\/wp-content\/uploads\/2017\/06\/VILA-RURAIS-1024x576.jpg","width":1024,"height":576},"full":{"url":"https:\/\/construcaocivil.siriusmarketingedesign.com.br\/wp-content\/uploads\/2017\/06\/VILA-RURAIS.jpg","width":1280,"height":720}},"spectra_blocks_author_info":{"display_name":"Jornal da Constru\u00e7\u00e3o Civil","avatar_url":"https:\/\/secure.gravatar.com\/avatar\/973c9774fd44ddaceb026973c4962faa70fc512bc4c9da68e8ebb40fecee6540?s=96&d=mm&r=g","author_link":"https:\/\/construcaocivil.siriusmarketingedesign.com.br\/?author=1","description":"Desde de 2013, levando muitas informa\u00e7\u00f5es, lan\u00e7amentos e produtos de qualidade para toda cadeia produtiva da constru\u00e7\u00e3o. O Futuro da constru\u00e7\u00e3o passa por aqui,"},"uagb_featured_image_src":{"full":["https:\/\/construcaocivil.siriusmarketingedesign.com.br\/wp-content\/uploads\/2017\/06\/VILA-RURAIS.jpg",1280,720,false],"thumbnail":["https:\/\/construcaocivil.siriusmarketingedesign.com.br\/wp-content\/uploads\/2017\/06\/VILA-RURAIS-150x150.jpg",150,150,true],"medium":["https:\/\/construcaocivil.siriusmarketingedesign.com.br\/wp-content\/uploads\/2017\/06\/VILA-RURAIS-300x169.jpg",300,169,true],"medium_large":["https:\/\/construcaocivil.siriusmarketingedesign.com.br\/wp-content\/uploads\/2017\/06\/VILA-RURAIS-768x432.jpg",768,432,true],"large":["https:\/\/construcaocivil.siriusmarketingedesign.com.br\/wp-content\/uploads\/2017\/06\/VILA-RURAIS-1024x576.jpg",1024,576,true],"1536x1536":["https:\/\/construcaocivil.siriusmarketingedesign.com.br\/wp-content\/uploads\/2017\/06\/VILA-RURAIS.jpg",1280,720,false],"2048x2048":["https:\/\/construcaocivil.siriusmarketingedesign.com.br\/wp-content\/uploads\/2017\/06\/VILA-RURAIS.jpg",1280,720,false]},"uagb_author_info":{"display_name":"Jornal da Constru\u00e7\u00e3o Civil","author_link":"https:\/\/construcaocivil.siriusmarketingedesign.com.br\/?author=1"},"uagb_comment_info":0,"uagb_excerpt":"Cultivos de itens diversos como arroz, milho, ab\u00f3bora ou banana j\u00e1 t\u00eam assegurado seguran\u00e7a alimentar e economia \u00e0s fam\u00edlias Bras\u00edlia &#8211; DF, junho, 2017 &#8211; Os quintais das fam\u00edlias que moram nas Vilas Produtivas Rurais (VPRs) do Projeto de Integra\u00e7\u00e3o do Rio S\u00e3o Francisco est\u00e3o mudando a paisagem local com a planta\u00e7\u00e3o e colheita de&hellip;","_links":{"self":[{"href":"https:\/\/construcaocivil.siriusmarketingedesign.com.br\/index.php?rest_route=\/wp\/v2\/posts\/6671","targetHints":{"allow":["GET"]}}],"collection":[{"href":"https:\/\/construcaocivil.siriusmarketingedesign.com.br\/index.php?rest_route=\/wp\/v2\/posts"}],"about":[{"href":"https:\/\/construcaocivil.siriusmarketingedesign.com.br\/index.php?rest_route=\/wp\/v2\/types\/post"}],"author":[{"embeddable":true,"href":"https:\/\/construcaocivil.siriusmarketingedesign.com.br\/index.php?rest_route=\/wp\/v2\/users\/1"}],"replies":[{"embeddable":true,"href":"https:\/\/construcaocivil.siriusmarketingedesign.com.br\/index.php?rest_route=%2Fwp%2Fv2%2Fcomments&post=6671"}],"version-history":[{"count":0,"href":"https:\/\/construcaocivil.siriusmarketingedesign.com.br\/index.php?rest_route=\/wp\/v2\/posts\/6671\/revisions"}],"wp:featuredmedia":[{"embeddable":true,"href":"https:\/\/construcaocivil.siriusmarketingedesign.com.br\/index.php?rest_route=\/wp\/v2\/media\/17074"}],"wp:attachment":[{"href":"https:\/\/construcaocivil.siriusmarketingedesign.com.br\/index.php?rest_route=%2Fwp%2Fv2%2Fmedia&parent=6671"}],"wp:term":[{"taxonomy":"category","embeddable":true,"href":"https:\/\/construcaocivil.siriusmarketingedesign.com.br\/index.php?rest_route=%2Fwp%2Fv2%2Fcategories&post=6671"},{"taxonomy":"post_tag","embeddable":true,"href":"https:\/\/construcaocivil.siriusmarketingedesign.com.br\/index.php?rest_route=%2Fwp%2Fv2%2Ftags&post=6671"}],"curies":[{"name":"wp","href":"https:\/\/api.w.org\/{rel}","templated":true}]}}