{"id":6676,"date":"2017-06-26T17:41:54","date_gmt":"2017-06-26T20:41:54","guid":{"rendered":"http:\/\/www.jornaldaconstrucaocivil.com.br\/?p=6676"},"modified":"2017-06-26T17:41:54","modified_gmt":"2017-06-26T20:41:54","slug":"infraestrutura-secretaria-de-obras-faz-intervencoes-em-varios-pontos-de-marica","status":"publish","type":"post","link":"https:\/\/construcaocivil.siriusmarketingedesign.com.br\/?p=6676","title":{"rendered":"Infraestrutura: Secretaria de Obras faz interven\u00e7\u00f5es em v\u00e1rios pontos de Maric\u00e1"},"content":{"rendered":"<p style=\"text-align: justify;\"><span style=\"color: #000000;\"><span style=\"color: #993300;\">Junho, 2017<\/span> &#8211; A Prefeitura, atrav\u00e9s das secretarias de Obras e de Conserva\u00e7\u00e3o mant\u00e9m o ritmo de interven\u00e7\u00f5es em v\u00e1rios pontos da cidade. Nesta segunda-feira (26\/06), equipes realizavam a limpeza do canteiro central e paisagismo na RJ-106, no Spar, al\u00e9m de fazer a caia\u00e7\u00e3o (pintar com cal) dos meio-fios. A equipe trabalhando no local conta com 9 funcion\u00e1rios, 1 retroescavadeira e 1 caminh\u00e3o. Segundo a secretaria de Obras, trata-se de um trabalho de revitaliza\u00e7\u00e3o dos canteiros centrais e das margens da rodovia, a principal linha que corta toda a cidade e que passa a ganhar urbanidade e que ser\u00e1 toda revitalizada.<\/span><\/p>\n<figure id=\"attachment_6677\" aria-describedby=\"caption-attachment-6677\" style=\"width: 264px\" class=\"wp-caption alignleft\"><a href=\"http:\/\/www.jornaldaconstrucaocivil.com.br\/wp-content\/uploads\/2017\/06\/AA-MARICA.jpg\"><img loading=\"lazy\" decoding=\"async\" class=\"wp-image-6677\" src=\"http:\/\/www.jornaldaconstrucaocivil.com.br\/wp-content\/uploads\/2017\/06\/AA-MARICA-1024x680.jpg\" alt=\"AA MARICA\" width=\"264\" height=\"175\" \/><\/a><figcaption id=\"caption-attachment-6677\" class=\"wp-caption-text\">Interven\u00e7\u00e3o em Ino\u00e3 &#8211; Foto: Elsson Campos<\/figcaption><\/figure>\n<p style=\"text-align: justify;\"><span style=\"color: #000000;\">\u00c9 esperado que a conclus\u00e3o do trecho seja no per\u00edodo de 30 dias e para a moradora Debora Teixeira, 35 anos e dona de casa, a obra encanta a quem passa. <em><span style=\"color: #000080;\">\u201cEst\u00e1 ficando bonito em vista do que era antes. A tend\u00eancia \u00e9 melhorar o local onde eu moro. Falta s\u00f3 as pessoas terem consci\u00eancia de n\u00e3o jogar lixo no canteiro e na cidade&#8221;<\/span><\/em>, avalia. Al\u00e9m da mudan\u00e7a f\u00edsica, o local ganhar\u00e1 nova ilumina\u00e7\u00e3o com dez refletores equipados com l\u00e2mpadas de Led, 12 vasos iluminados e diversas esp\u00e9cies de plantas como: Ip\u00ea Roxo (Handroanthus impetiginosus) e amarelo (Tabebuia alba), mini flamboyant (Caesalpinia pulcherrima), quaresmeira (Tibouchina), pau-formiga (Triplaris americana), sibipiruna (Caesalpinia pluviosa), dentre outras.<\/span><\/p>\n<p style=\"text-align: justify;\"><span style=\"color: #000000;\">Quem segue pela rodovia no sentido Niter\u00f3i j\u00e1 pode ver as interven\u00e7\u00f5es no KM 16 da RJ-106. Desde o dia 20\/06 as equipes est\u00e3o trabalhando no local realizando a limpeza do acostamento e a abertura de um canal para escoamento de \u00e1gua, \u00e0s margens da via. Al\u00e9m disso, a programa\u00e7\u00e3o de interven\u00e7\u00f5es inclui a limpeza e aumento de capacidade das caixas de rede at\u00e9 o KM 15,5.<\/span><\/p>\n<p style=\"text-align: justify;\"><span style=\"color: #000000;\"><em><span style=\"color: #000080;\">\u201cEssa obra \u00e9 boa para os moradores e vai evitar acidentes. N\u00e3o vai passar despercebida, pois quando chover n\u00e3o vai mais alagar. Os alunos da Escola Municipalizada de Ino\u00e3, onde minha filha estuda, n\u00e3o v\u00e3o perder mais aulas&#8221;, <\/span><\/em><span style=\"color: #000080;\"><span style=\"color: #000000;\">relatou a moradora Elaine Silva, 31 anos<\/span><\/span><em><span style=\"color: #000080;\">. &#8220;Moro aqui h\u00e1 20 anos e s\u00f3 come\u00e7ou a alagar ap\u00f3s a duplica\u00e7\u00e3o da pista. Os moradores est\u00e3o notando que a Prefeitura est\u00e1 se preocupando com a popula\u00e7\u00e3o<\/span><\/em>\u201d, acrescentou. A equipe no local conta com uma m\u00e1quina tipo patrol, uma cavadeira, uma retroescavadeira e cinco caminh\u00f5es, al\u00e9m de 11 funcion\u00e1rios.<em><span style=\"color: #000080;\"> &#8220;Ali recorrentemente verificava-se um alagamento que impedia a normalidade do tr\u00e1fego na rodovia.\u00a0 Agora que conseguimos autoriza\u00e7\u00e3o do Estado passamos a buscar solu\u00e7\u00e3o nos pontos onde vimos que a manuten\u00e7\u00e3o do c\u00f3rrego e a limpeza das caixas que recebem as \u00e1guas pluviais precisavam ser realizadas imediatamente e foi o que fizemos&#8221;<\/span><\/em>, acrescentou o secret\u00e1rio de Obras, Marcos Camara.<\/span><\/p>\n<p style=\"text-align: justify;\">Fonte: Imprensa\/Prefeitura de Maric\u00e1-RJ<\/p>\n","protected":false},"excerpt":{"rendered":"<p>Junho, 2017 &#8211; A Prefeitura, atrav\u00e9s das secretarias de Obras e de Conserva\u00e7\u00e3o mant\u00e9m o ritmo de interven\u00e7\u00f5es em v\u00e1rios pontos da cidade. Nesta segunda-feira (26\/06), equipes realizavam a limpeza do canteiro central e paisagismo na RJ-106, no Spar, al\u00e9m de fazer a caia\u00e7\u00e3o (pintar com cal) dos meio-fios. A equipe trabalhando no local conta [&hellip;]<\/p>\n","protected":false},"author":1,"featured_media":6677,"comment_status":"open","ping_status":"open","sticky":false,"template":"","format":"standard","meta":{"_uag_custom_page_level_css":"","footnotes":""},"categories":[31],"tags":[198,5905,6294,6681,7273,7295,8356,8384,10096,10467,10745],"class_list":["post-6676","post","type-post","status-publish","format-standard","has-post-thumbnail","hentry","category-infraestrutura","tag-198","tag-iluminacao-na-rodovia-br-106","tag-intervencoes-no-km-15","tag-lampadas-de-led","tag-marcos-camara-secretario-de-obras","tag-marica-rj","tag-obras-de-melhorias","tag-obras-na-br-106","tag-regiao-metropolitana","tag-rodovias","tag-secretaria-de-obras-e-conservacao-de-marica"],"blocksy_meta":[],"spectra_blocks_featured_image_url":[],"spectra_blocks_author_info":{"display_name":"Jornal da Constru\u00e7\u00e3o Civil","avatar_url":"https:\/\/secure.gravatar.com\/avatar\/973c9774fd44ddaceb026973c4962faa70fc512bc4c9da68e8ebb40fecee6540?s=96&d=mm&r=g","author_link":"https:\/\/construcaocivil.siriusmarketingedesign.com.br\/?author=1","description":"Desde de 2013, levando muitas informa\u00e7\u00f5es, lan\u00e7amentos e produtos de qualidade para toda cadeia produtiva da constru\u00e7\u00e3o. O Futuro da constru\u00e7\u00e3o passa por aqui,"},"uagb_featured_image_src":{"full":false,"thumbnail":false,"medium":false,"medium_large":false,"large":false,"1536x1536":false,"2048x2048":false},"uagb_author_info":{"display_name":"Jornal da Constru\u00e7\u00e3o Civil","author_link":"https:\/\/construcaocivil.siriusmarketingedesign.com.br\/?author=1"},"uagb_comment_info":0,"uagb_excerpt":"Junho, 2017 &#8211; A Prefeitura, atrav\u00e9s das secretarias de Obras e de Conserva\u00e7\u00e3o mant\u00e9m o ritmo de interven\u00e7\u00f5es em v\u00e1rios pontos da cidade. Nesta segunda-feira (26\/06), equipes realizavam a limpeza do canteiro central e paisagismo na RJ-106, no Spar, al\u00e9m de fazer a caia\u00e7\u00e3o (pintar com cal) dos meio-fios. A equipe trabalhando no local conta&hellip;","_links":{"self":[{"href":"https:\/\/construcaocivil.siriusmarketingedesign.com.br\/index.php?rest_route=\/wp\/v2\/posts\/6676","targetHints":{"allow":["GET"]}}],"collection":[{"href":"https:\/\/construcaocivil.siriusmarketingedesign.com.br\/index.php?rest_route=\/wp\/v2\/posts"}],"about":[{"href":"https:\/\/construcaocivil.siriusmarketingedesign.com.br\/index.php?rest_route=\/wp\/v2\/types\/post"}],"author":[{"embeddable":true,"href":"https:\/\/construcaocivil.siriusmarketingedesign.com.br\/index.php?rest_route=\/wp\/v2\/users\/1"}],"replies":[{"embeddable":true,"href":"https:\/\/construcaocivil.siriusmarketingedesign.com.br\/index.php?rest_route=%2Fwp%2Fv2%2Fcomments&post=6676"}],"version-history":[{"count":0,"href":"https:\/\/construcaocivil.siriusmarketingedesign.com.br\/index.php?rest_route=\/wp\/v2\/posts\/6676\/revisions"}],"wp:attachment":[{"href":"https:\/\/construcaocivil.siriusmarketingedesign.com.br\/index.php?rest_route=%2Fwp%2Fv2%2Fmedia&parent=6676"}],"wp:term":[{"taxonomy":"category","embeddable":true,"href":"https:\/\/construcaocivil.siriusmarketingedesign.com.br\/index.php?rest_route=%2Fwp%2Fv2%2Fcategories&post=6676"},{"taxonomy":"post_tag","embeddable":true,"href":"https:\/\/construcaocivil.siriusmarketingedesign.com.br\/index.php?rest_route=%2Fwp%2Fv2%2Ftags&post=6676"}],"curies":[{"name":"wp","href":"https:\/\/api.w.org\/{rel}","templated":true}]}}