{"id":6679,"date":"2017-06-26T17:47:18","date_gmt":"2017-06-26T20:47:18","guid":{"rendered":"http:\/\/www.jornaldaconstrucaocivil.com.br\/?p=6679"},"modified":"2017-06-26T17:47:18","modified_gmt":"2017-06-26T20:47:18","slug":"aeb-promove-em-agosto-o-enaex-2017","status":"publish","type":"post","link":"https:\/\/construcaocivil.siriusmarketingedesign.com.br\/?p=6679","title":{"rendered":"AEB promove em agosto o ENAEX 2017"},"content":{"rendered":"<p><em><strong>Reduzir Custos para Exportar, Reindustrializar e Crescer ser\u00e1 o tema da 36\u00aa edi\u00e7\u00e3o do evento<\/strong><\/em><\/p>\n<p style=\"text-align: justify;\"><span style=\"color: #000000;\"><span style=\"color: #993300;\">Rio de Janeiro, \u00a0junho de 2017<\/span> \u2013<span style=\"color: #0000ff;\"> \u201cReduzir Custos para Exportar, Reindustrializar e Crescer\u201d<\/span>, este ser\u00e1 o tema da 36\u00aa edi\u00e7\u00e3o do Encontro Nacional de Com\u00e9rcio Exterior (ENAEX\u00a0 2017), que acontece dias 9 e 10 de agosto, no Rio. A participa\u00e7\u00e3o no evento, promovido pela Associa\u00e7\u00e3o de Com\u00e9rcio Exterior do Brasil (AEB), \u00e9 gratuita e as inscri\u00e7\u00f5es est\u00e3o abertas no site <span style=\"text-decoration: underline;\"><span style=\"color: #0000ff; text-decoration: underline;\">www.enaex.com.br<\/span><\/span>.<\/span><\/p>\n<p style=\"text-align: justify;\"><span style=\"color: #000000;\">Para discutir os temas relativos ao setor, o ENAEX 2017 reunir\u00e1 um time de especialistas, empres\u00e1rios e representantes do governo com o objetivo de somar esfor\u00e7os e sugest\u00f5es que possam fazer do com\u00e9rcio exterior brasileiro mais competitivo, inovador e sustent\u00e1vel.<\/span><\/p>\n<p style=\"text-align: justify;\"><span style=\"color: #000000;\">Al\u00e9m do ministro da Ind\u00fastria, Com\u00e9rcio Exterior e Servi\u00e7os, Marcos Pereira, j\u00e1 confirmaram presen\u00e7a, entre outros, o secret\u00e1rio de Com\u00e9rcio Exterior (Secex\/MDIC), Abra\u00e3o Miguel \u00c1rabe Neto; o subsecret\u00e1rio de Aduana e Rela\u00e7\u00f5es Internacionais da Receita Federal, Ronaldo Medina; e o diretor da Antaq, Adalberto Tokarski.<\/span><\/p>\n<p style=\"text-align: justify;\"><span style=\"color: #000000;\">Os desafios da pol\u00edtica externa brasileira e a agenda comercial; a for\u00e7a do agroneg\u00f3cio brasileiro no mercado internacional; BNDES, o financiamento \u00e0s exporta\u00e7\u00f5es e a retomada do crescimento; e a conjuntura internacional e as perspectivas das negocia\u00e7\u00f5es Mercosul-Uni\u00e3o Europeia s\u00e3o alguns dos temas que ser\u00e3o abordados durante o encontro.<\/span><\/p>\n<p style=\"text-align: justify;\"><span style=\"color: #000000;\">Os inscritos, al\u00e9m de workshops, pain\u00e9is e discuss\u00f5es, tamb\u00e9m ter\u00e3o a oportunidade de participar de despachos executivos e reuni\u00f5es, assim como visitar a \u00e1rea de exposi\u00e7\u00e3o com estandes de empresas, entidades, \u00f3rg\u00e3os p\u00fablicos e m\u00eddias especializadas.\u00a0<\/span><\/p>\n<p><strong><span style=\"color: #000000;\">Servi\u00e7o:<\/span><\/strong><\/p>\n<p><span style=\"color: #000000;\">Encontro Nacional de Com\u00e9rcio Exterior (ENAEX 2017)<\/span><\/p>\n<p><span style=\"color: #000000;\">Data: 9 e 10 de agosto de 2017<\/span><\/p>\n<p><span style=\"color: #000000;\">Hor\u00e1rio: 9 \u00e0s 18h<\/span><\/p>\n<p><span style=\"color: #000000;\">Local: Centro de Conven\u00e7\u00f5es SulAm\u00e9rica (Av. Paulo de Frontin, 1 \u2013 Cidade Nova \u2013 Rio de Janeiro \u2013 RJ)<\/span><\/p>\n<p><span style=\"color: #000000;\">Informa\u00e7\u00f5es e inscri\u00e7\u00f5es:<\/span><span style=\"text-decoration: underline;\"><span style=\"color: #0000ff; text-decoration: underline;\"> www.enaex.com.br<\/span><\/span><\/p>\n","protected":false},"excerpt":{"rendered":"<p>Reduzir Custos para Exportar, Reindustrializar e Crescer ser\u00e1 o tema da 36\u00aa edi\u00e7\u00e3o do evento Rio de Janeiro, \u00a0junho de 2017 \u2013 \u201cReduzir Custos para Exportar, Reindustrializar e Crescer\u201d, este ser\u00e1 o tema da 36\u00aa edi\u00e7\u00e3o do Encontro Nacional de Com\u00e9rcio Exterior (ENAEX\u00a0 2017), que acontece dias 9 e 10 de agosto, no Rio. A [&hellip;]<\/p>\n","protected":false},"author":1,"featured_media":0,"comment_status":"open","ping_status":"open","sticky":false,"template":"","format":"standard","meta":{"_uag_custom_page_level_css":"","footnotes":""},"categories":[27],"tags":[1030,1464,3756,3856,4187,4248,4267,4758,4767,5169,7577],"class_list":["post-6679","post","type-post","status-publish","format-standard","hentry","category-acontece","tag-associacao-de-comercio-exterior-do-brasil-aeb","tag-bndes","tag-diversos-setores","tag-economia","tag-empresarios","tag-enaex-2017","tag-encontro-nacional-de-comercio-exterior-enaex-2017","tag-exportacao","tag-exportadores","tag-forca-do-agronegocio-brasileiro","tag-mercado-internacional"],"blocksy_meta":[],"spectra_blocks_featured_image_url":null,"spectra_blocks_author_info":{"display_name":"Jornal da Constru\u00e7\u00e3o Civil","avatar_url":"https:\/\/secure.gravatar.com\/avatar\/973c9774fd44ddaceb026973c4962faa70fc512bc4c9da68e8ebb40fecee6540?s=96&d=mm&r=g","author_link":"https:\/\/construcaocivil.siriusmarketingedesign.com.br\/?author=1","description":"Desde de 2013, levando muitas informa\u00e7\u00f5es, lan\u00e7amentos e produtos de qualidade para toda cadeia produtiva da constru\u00e7\u00e3o. O Futuro da constru\u00e7\u00e3o passa por aqui,"},"uagb_featured_image_src":{"full":false,"thumbnail":false,"medium":false,"medium_large":false,"large":false,"1536x1536":false,"2048x2048":false},"uagb_author_info":{"display_name":"Jornal da Constru\u00e7\u00e3o Civil","author_link":"https:\/\/construcaocivil.siriusmarketingedesign.com.br\/?author=1"},"uagb_comment_info":0,"uagb_excerpt":"Reduzir Custos para Exportar, Reindustrializar e Crescer ser\u00e1 o tema da 36\u00aa edi\u00e7\u00e3o do evento Rio de Janeiro, \u00a0junho de 2017 \u2013 \u201cReduzir Custos para Exportar, Reindustrializar e Crescer\u201d, este ser\u00e1 o tema da 36\u00aa edi\u00e7\u00e3o do Encontro Nacional de Com\u00e9rcio Exterior (ENAEX\u00a0 2017), que acontece dias 9 e 10 de agosto, no Rio. A&hellip;","_links":{"self":[{"href":"https:\/\/construcaocivil.siriusmarketingedesign.com.br\/index.php?rest_route=\/wp\/v2\/posts\/6679","targetHints":{"allow":["GET"]}}],"collection":[{"href":"https:\/\/construcaocivil.siriusmarketingedesign.com.br\/index.php?rest_route=\/wp\/v2\/posts"}],"about":[{"href":"https:\/\/construcaocivil.siriusmarketingedesign.com.br\/index.php?rest_route=\/wp\/v2\/types\/post"}],"author":[{"embeddable":true,"href":"https:\/\/construcaocivil.siriusmarketingedesign.com.br\/index.php?rest_route=\/wp\/v2\/users\/1"}],"replies":[{"embeddable":true,"href":"https:\/\/construcaocivil.siriusmarketingedesign.com.br\/index.php?rest_route=%2Fwp%2Fv2%2Fcomments&post=6679"}],"version-history":[{"count":0,"href":"https:\/\/construcaocivil.siriusmarketingedesign.com.br\/index.php?rest_route=\/wp\/v2\/posts\/6679\/revisions"}],"wp:attachment":[{"href":"https:\/\/construcaocivil.siriusmarketingedesign.com.br\/index.php?rest_route=%2Fwp%2Fv2%2Fmedia&parent=6679"}],"wp:term":[{"taxonomy":"category","embeddable":true,"href":"https:\/\/construcaocivil.siriusmarketingedesign.com.br\/index.php?rest_route=%2Fwp%2Fv2%2Fcategories&post=6679"},{"taxonomy":"post_tag","embeddable":true,"href":"https:\/\/construcaocivil.siriusmarketingedesign.com.br\/index.php?rest_route=%2Fwp%2Fv2%2Ftags&post=6679"}],"curies":[{"name":"wp","href":"https:\/\/api.w.org\/{rel}","templated":true}]}}