{"id":6692,"date":"2017-06-27T20:05:28","date_gmt":"2017-06-27T23:05:28","guid":{"rendered":"http:\/\/www.jornaldaconstrucaocivil.com.br\/?p=6692"},"modified":"2017-06-27T20:05:28","modified_gmt":"2017-06-27T23:05:28","slug":"firjan-recebe-missao-da-rede-de-distritos-criativos-e-promove-debate-cidades-para-pessoas","status":"publish","type":"post","link":"https:\/\/construcaocivil.siriusmarketingedesign.com.br\/?p=6692","title":{"rendered":"FIRJAN recebe miss\u00e3o da Rede de Distritos Criativos e promove debate &#8220;Cidades para pessoas&#8221;"},"content":{"rendered":"<p style=\"text-align: justify;\"><span style=\"color: #000000;\"><span style=\"color: #993300;\">Junho, 2017<\/span> &#8211; O Sistema FIRJAN promove nesta quinta-feira (29\/6) o evento <span style=\"color: #0000ff;\">&#8220;\u00c1gora \u2013 Cidades para as pessoas&#8221;<\/span>, que discutir\u00e1 iniciativas inovadoras promovidas pela Rede mundial de Distritos Criativos em torno do urbanismo, sustentabilidade urbana, inova\u00e7\u00e3o e criatividade nas cidades. Promovido pela primeira vez, o evento tem a parceria do Instituto Rio Patrim\u00f4nio da Humanidade (IRPH) e do Sistema FIRJAN. O debate come\u00e7a \u00e0s 9h na Av. Gra\u00e7a Aranha 1, Centro do Rio.<\/span><\/p>\n<p style=\"text-align: justify;\"><span style=\"color: #000000;\">A Reverse Mission da Rede de Distritos Criativos come\u00e7ou hoje a sua visita aos locais de inova\u00e7\u00e3o e criatividade da cidade do Rio nesta ter\u00e7a-feira. O grupo fica no munic\u00edpio at\u00e9 sexta-feira. Aqui eles visitar\u00e3o as obras de instala\u00e7\u00e3o da Casa FIRJAN,em Botafogo, os museus do Amanh\u00e3 e MAR, o Refettorio Gastromotiva, o Galp\u00e3o Malha, o Centro Carioca de Design, a F\u00e1brica Bering, o Educare Est\u00e1cio e o Rio Criativo.<\/span><\/p>\n<p style=\"text-align: justify;\"><span style=\"color: #000000;\">No Rio, participam da Reverse Mission os representantes dos distritos: Norbert H\u00f6ptner, de Baden-Wurttenberg (Alemanha); Roger Suarez, da Catalunha (Espanha); Pascal Cools e Carlo Vuijlsteke, de Flandres (B\u00e9lgica); Bert Doedens, de Noord-Brabant (Holanda); e Tuija Telen e Perttu Pes\u00e4, de Tampere (Finl\u00e2ndia).<\/span><\/p>\n<p><strong>Empreendedores e universit\u00e1rios<\/strong> <strong>apresentam projetos \u00e0 Rede Criativa<\/strong><\/p>\n<p style=\"text-align: justify;\"><span style=\"color: #000000;\">Na tarde do dia 29, empreendedores e universit\u00e1rios participam do LivingLab 2030 \u2013 Cidades para pessoas, promo\u00e7\u00e3o da Federa\u00e7\u00e3o em parceria com o IRPH e o Centro Mundial para o Desenvolvimento Sustent\u00e1vel do PNUD \u2013 Centro Rio+. Ser\u00e3o apresentadas \u00e0 Rede de Distritos Criativos iniciativas inovadoras cariocas, que pensam o desenvolvimento das cidades com foco na sustentabilidade, nas pessoas e no dia a dia dos cidad\u00e3os. <\/span><\/p>\n<p style=\"text-align: justify;\"><span style=\"color: #000000;\">As iniciativas devem estar em sinergia com os 17 Objetivos de Desenvolvimento Sustent\u00e1vel da ONU, a partir do acordo para a Agenda 2030. A ideia \u00e9 promover parcerias e conex\u00f5es entre os projetos brasileiros com a Rede de Distritos Criativos.<\/span><\/p>\n<p style=\"text-align: justify;\">Fonte: Imprensa\/FIRJAN<\/p>\n","protected":false},"excerpt":{"rendered":"<p>Junho, 2017 &#8211; O Sistema FIRJAN promove nesta quinta-feira (29\/6) o evento &#8220;\u00c1gora \u2013 Cidades para as pessoas&#8221;, que discutir\u00e1 iniciativas inovadoras promovidas pela Rede mundial de Distritos Criativos em torno do urbanismo, sustentabilidade urbana, inova\u00e7\u00e3o e criatividade nas cidades. Promovido pela primeira vez, o evento tem a parceria do Instituto Rio Patrim\u00f4nio da Humanidade [&hellip;]<\/p>\n","protected":false},"author":1,"featured_media":0,"comment_status":"open","ping_status":"open","sticky":false,"template":"","format":"standard","meta":{"_uag_custom_page_level_css":"","footnotes":""},"categories":[27],"tags":[522,2084,3974,4112,5096,6944,9981,10322,11480,12112],"class_list":["post-6692","post","type-post","status-publish","format-standard","hentry","category-acontece","tag-agora-cidades-para-as-pessoas","tag-centro-carioca-de-design","tag-educare-estacio","tag-empreendedores","tag-firjan","tag-livinglab-2030","tag-rede-de-distritos-criativos","tag-reverse-mission","tag-sustentabilidade-urbana","tag-universitarios"],"blocksy_meta":[],"spectra_blocks_featured_image_url":null,"spectra_blocks_author_info":{"display_name":"Jornal da Constru\u00e7\u00e3o Civil","avatar_url":"https:\/\/secure.gravatar.com\/avatar\/973c9774fd44ddaceb026973c4962faa70fc512bc4c9da68e8ebb40fecee6540?s=96&d=mm&r=g","author_link":"https:\/\/construcaocivil.siriusmarketingedesign.com.br\/?author=1","description":"Desde de 2013, levando muitas informa\u00e7\u00f5es, lan\u00e7amentos e produtos de qualidade para toda cadeia produtiva da constru\u00e7\u00e3o. O Futuro da constru\u00e7\u00e3o passa por aqui,"},"uagb_featured_image_src":{"full":false,"thumbnail":false,"medium":false,"medium_large":false,"large":false,"1536x1536":false,"2048x2048":false},"uagb_author_info":{"display_name":"Jornal da Constru\u00e7\u00e3o Civil","author_link":"https:\/\/construcaocivil.siriusmarketingedesign.com.br\/?author=1"},"uagb_comment_info":0,"uagb_excerpt":"Junho, 2017 &#8211; O Sistema FIRJAN promove nesta quinta-feira (29\/6) o evento &#8220;\u00c1gora \u2013 Cidades para as pessoas&#8221;, que discutir\u00e1 iniciativas inovadoras promovidas pela Rede mundial de Distritos Criativos em torno do urbanismo, sustentabilidade urbana, inova\u00e7\u00e3o e criatividade nas cidades. Promovido pela primeira vez, o evento tem a parceria do Instituto Rio Patrim\u00f4nio da Humanidade&hellip;","_links":{"self":[{"href":"https:\/\/construcaocivil.siriusmarketingedesign.com.br\/index.php?rest_route=\/wp\/v2\/posts\/6692","targetHints":{"allow":["GET"]}}],"collection":[{"href":"https:\/\/construcaocivil.siriusmarketingedesign.com.br\/index.php?rest_route=\/wp\/v2\/posts"}],"about":[{"href":"https:\/\/construcaocivil.siriusmarketingedesign.com.br\/index.php?rest_route=\/wp\/v2\/types\/post"}],"author":[{"embeddable":true,"href":"https:\/\/construcaocivil.siriusmarketingedesign.com.br\/index.php?rest_route=\/wp\/v2\/users\/1"}],"replies":[{"embeddable":true,"href":"https:\/\/construcaocivil.siriusmarketingedesign.com.br\/index.php?rest_route=%2Fwp%2Fv2%2Fcomments&post=6692"}],"version-history":[{"count":0,"href":"https:\/\/construcaocivil.siriusmarketingedesign.com.br\/index.php?rest_route=\/wp\/v2\/posts\/6692\/revisions"}],"wp:attachment":[{"href":"https:\/\/construcaocivil.siriusmarketingedesign.com.br\/index.php?rest_route=%2Fwp%2Fv2%2Fmedia&parent=6692"}],"wp:term":[{"taxonomy":"category","embeddable":true,"href":"https:\/\/construcaocivil.siriusmarketingedesign.com.br\/index.php?rest_route=%2Fwp%2Fv2%2Fcategories&post=6692"},{"taxonomy":"post_tag","embeddable":true,"href":"https:\/\/construcaocivil.siriusmarketingedesign.com.br\/index.php?rest_route=%2Fwp%2Fv2%2Ftags&post=6692"}],"curies":[{"name":"wp","href":"https:\/\/api.w.org\/{rel}","templated":true}]}}