{"id":6716,"date":"2017-06-29T20:13:06","date_gmt":"2017-06-29T23:13:06","guid":{"rendered":"http:\/\/www.jornaldaconstrucaocivil.com.br\/?p=6716"},"modified":"2017-06-29T20:13:06","modified_gmt":"2017-06-29T23:13:06","slug":"nota-publica-por-direitos-e-democracia-a-luta-e-todo-dia","status":"publish","type":"post","link":"https:\/\/construcaocivil.siriusmarketingedesign.com.br\/?p=6716","title":{"rendered":"Nota P\u00fablica: \u201cPor Direitos e Democracia, a Luta \u00e9 Todo Dia!\u201d"},"content":{"rendered":"<p style=\"text-align: justify;\"><span style=\"color: #000000;\"><span style=\"color: #993300;\">Junho, 2017<\/span> &#8211; A Articula\u00e7\u00e3o das Pastorais Sociais do Campo manifesta total apoio e ades\u00e3o \u00e0 Greve Geral e \u00e0s manifesta\u00e7\u00f5es p\u00fablicas previstas para o dia 30 de junho de 2017, contra as Reformas Trabalhista e Previdenci\u00e1ria e pela realiza\u00e7\u00e3o de elei\u00e7\u00f5es diretas no Brasil.<\/span><\/p>\n<p style=\"text-align: justify;\"><span style=\"color: #000000;\">\u00c9 preciso p\u00f4r um fim \u00e0s a\u00e7\u00f5es do governo golpista, entreguista e corrupto do presidente Michel Temer. Al\u00e9m de destruir os direitos dos\/as trabalhadores\/as das cidades e do campo, o governo Temer est\u00e1 acuado por acusa\u00e7\u00f5es escabrosas e recorrentes e sob o inteiro dom\u00ednio dos interesses do capital, de modo especial os ligados ao agroneg\u00f3cio. As a\u00e7\u00f5es nefastas do governo Temer se traduzem na absoluta paralisa\u00e7\u00e3o da demarca\u00e7\u00e3o das terras ind\u00edgenas, no fim da titula\u00e7\u00e3o de terras quilombolas e no abandono da regulariza\u00e7\u00e3o dos territ\u00f3rios de outras comunidades tradicionais; na revers\u00e3o do processo de reforma agr\u00e1ria, proposta por meio da MP 759\/16; na entrega do territ\u00f3rio nacional ao capital estrangeiro, atrav\u00e9s do PL 4059\/12; na flexibiliza\u00e7\u00e3o das leis ambientais proposta por meio do PL 3729\/04; no aumento descontrolado do desmatamento; na ocorr\u00eancia de chacinas, de assassinatos e da criminaliza\u00e7\u00e3o de camponeses, quilombolas, ind\u00edgenas.<\/span><\/p>\n<p style=\"text-align: justify;\"><span style=\"color: #000000;\">Diante desse contexto cada dia mais ca\u00f3tico, torna-se necess\u00e1rio e urgente a realiza\u00e7\u00e3o de amplas e permanentes mobiliza\u00e7\u00f5es populares que se contraponham \u00e0s agress\u00f5es generalizadas em curso.<\/span><\/p>\n<p style=\"text-align: justify;\"><span style=\"color: #000000;\">Portanto, al\u00e9m de se somar e denunciar a viol\u00eancia de todos os tipos cometida contra as mulheres, a popula\u00e7\u00e3o negra, os povos e comunidades tradicionais e camponeses, junto com outras for\u00e7as sociais, desde j\u00e1, a Articula\u00e7\u00e3o das Pastorais Sociais do Campo assume especial compromisso de colaborar na organiza\u00e7\u00e3o e realiza\u00e7\u00e3o do 23\u00b0 Grito dos Exclu\u00eddos, no dia 07 de setembro, que prop\u00f5e aos brasileiros e brasileiras a reflex\u00e3o e a a\u00e7\u00e3o a partir do Tema: <span style=\"color: #993300;\">\u201cVida em Primeiro Lugar\u201d<\/span> e do Lema:<span style=\"color: #993300;\"> \u201cPor Direitos e Democracia, a Luta \u00e9 Todo Dia\u201d<\/span>.<\/span><\/p>\n<p style=\"text-align: justify;\"><span style=\"color: #000000;\">Traga a sua bandeira de luta, o seu grito por justi\u00e7a, promova e junte-se \u00e0s mobiliza\u00e7\u00f5es na sua regi\u00e3o. <span style=\"color: #993300;\">\u201cPor direitos e democracia, a luta \u00e9 todo dia&#8221;!<\/span><\/span><\/p>\n<p style=\"text-align: right;\">Bras\u00edlia, DF, 29 de junho de 2017.<\/p>\n<p><span style=\"color: #000080;\"><strong>C\u00e1ritas Brasileira<\/strong><\/span><\/p>\n<p><span style=\"color: #0000ff;\">CIMI \u2013 Conselho Indigenista Mission\u00e1rio<\/span><\/p>\n<p><span style=\"color: #0000ff;\">CPP \u2013 Conselho Pastoral de Pescadores<\/span><\/p>\n<p><span style=\"color: #0000ff;\">CPT \u2013 Comiss\u00e3o Pastora da Terra<\/span><\/p>\n<p><span style=\"color: #0000ff;\">SPM \u2013 Servi\u00e7o Pastoral do Migrante<\/span><\/p>\n<p>&nbsp;<\/p>\n","protected":false},"excerpt":{"rendered":"<p>Junho, 2017 &#8211; A Articula\u00e7\u00e3o das Pastorais Sociais do Campo manifesta total apoio e ades\u00e3o \u00e0 Greve Geral e \u00e0s manifesta\u00e7\u00f5es p\u00fablicas previstas para o dia 30 de junho de 2017, contra as Reformas Trabalhista e Previdenci\u00e1ria e pela realiza\u00e7\u00e3o de elei\u00e7\u00f5es diretas no Brasil. \u00c9 preciso p\u00f4r um fim \u00e0s a\u00e7\u00f5es do governo golpista, [&hellip;]<\/p>\n","protected":false},"author":1,"featured_media":0,"comment_status":"open","ping_status":"open","sticky":false,"template":"","format":"standard","meta":{"_uag_custom_page_level_css":"","footnotes":""},"categories":[27],"tags":[947,2498,2786,2801,4020,5565,5642,8958,8959,10062,11805],"class_list":["post-6716","post","type-post","status-publish","format-standard","hentry","category-acontece","tag-articulacao-das-pastorais-sociais-do-campo","tag-comissao-pastora-da-terra","tag-conselho-indigenista-missionario","tag-conselho-pastoral-de-pescadores","tag-eleicoes-diretas","tag-governo-michel-temer","tag-greve-geral","tag-pl-372904","tag-pl-405912","tag-reforma-trabalhista-e-previdenciaria","tag-titulacao-de-terras-quilombolas"],"blocksy_meta":[],"spectra_blocks_featured_image_url":null,"spectra_blocks_author_info":{"display_name":"Jornal da Constru\u00e7\u00e3o Civil","avatar_url":"https:\/\/secure.gravatar.com\/avatar\/973c9774fd44ddaceb026973c4962faa70fc512bc4c9da68e8ebb40fecee6540?s=96&d=mm&r=g","author_link":"https:\/\/construcaocivil.siriusmarketingedesign.com.br\/?author=1","description":"Desde de 2013, levando muitas informa\u00e7\u00f5es, lan\u00e7amentos e produtos de qualidade para toda cadeia produtiva da constru\u00e7\u00e3o. O Futuro da constru\u00e7\u00e3o passa por aqui,"},"uagb_featured_image_src":{"full":false,"thumbnail":false,"medium":false,"medium_large":false,"large":false,"1536x1536":false,"2048x2048":false},"uagb_author_info":{"display_name":"Jornal da Constru\u00e7\u00e3o Civil","author_link":"https:\/\/construcaocivil.siriusmarketingedesign.com.br\/?author=1"},"uagb_comment_info":0,"uagb_excerpt":"Junho, 2017 &#8211; A Articula\u00e7\u00e3o das Pastorais Sociais do Campo manifesta total apoio e ades\u00e3o \u00e0 Greve Geral e \u00e0s manifesta\u00e7\u00f5es p\u00fablicas previstas para o dia 30 de junho de 2017, contra as Reformas Trabalhista e Previdenci\u00e1ria e pela realiza\u00e7\u00e3o de elei\u00e7\u00f5es diretas no Brasil. \u00c9 preciso p\u00f4r um fim \u00e0s a\u00e7\u00f5es do governo golpista,&hellip;","_links":{"self":[{"href":"https:\/\/construcaocivil.siriusmarketingedesign.com.br\/index.php?rest_route=\/wp\/v2\/posts\/6716","targetHints":{"allow":["GET"]}}],"collection":[{"href":"https:\/\/construcaocivil.siriusmarketingedesign.com.br\/index.php?rest_route=\/wp\/v2\/posts"}],"about":[{"href":"https:\/\/construcaocivil.siriusmarketingedesign.com.br\/index.php?rest_route=\/wp\/v2\/types\/post"}],"author":[{"embeddable":true,"href":"https:\/\/construcaocivil.siriusmarketingedesign.com.br\/index.php?rest_route=\/wp\/v2\/users\/1"}],"replies":[{"embeddable":true,"href":"https:\/\/construcaocivil.siriusmarketingedesign.com.br\/index.php?rest_route=%2Fwp%2Fv2%2Fcomments&post=6716"}],"version-history":[{"count":0,"href":"https:\/\/construcaocivil.siriusmarketingedesign.com.br\/index.php?rest_route=\/wp\/v2\/posts\/6716\/revisions"}],"wp:attachment":[{"href":"https:\/\/construcaocivil.siriusmarketingedesign.com.br\/index.php?rest_route=%2Fwp%2Fv2%2Fmedia&parent=6716"}],"wp:term":[{"taxonomy":"category","embeddable":true,"href":"https:\/\/construcaocivil.siriusmarketingedesign.com.br\/index.php?rest_route=%2Fwp%2Fv2%2Fcategories&post=6716"},{"taxonomy":"post_tag","embeddable":true,"href":"https:\/\/construcaocivil.siriusmarketingedesign.com.br\/index.php?rest_route=%2Fwp%2Fv2%2Ftags&post=6716"}],"curies":[{"name":"wp","href":"https:\/\/api.w.org\/{rel}","templated":true}]}}