{"id":6718,"date":"2017-06-29T20:42:44","date_gmt":"2017-06-29T23:42:44","guid":{"rendered":"http:\/\/www.jornaldaconstrucaocivil.com.br\/?p=6718"},"modified":"2017-06-29T20:42:44","modified_gmt":"2017-06-29T23:42:44","slug":"firjan-debate-cidades-para-pessoas","status":"publish","type":"post","link":"https:\/\/construcaocivil.siriusmarketingedesign.com.br\/?p=6718","title":{"rendered":"FIRJAN debate &#8220;Cidades para pessoas&#8221;"},"content":{"rendered":"<p style=\"text-align: justify;\"><span style=\"color: #000000;\"><span style=\"color: #0000ff;\">Junho, 2017<\/span> &#8211; Solu\u00e7\u00f5es criativas e inovadoras para o desenvolvimento sustent\u00e1vel das cidades foram debatidas no evento \u00c1gora, promo\u00e7\u00e3o do Sistema FIRJAN em parceria com o Instituto Rio Patrim\u00f4nio da Humanidade (IRPH) da prefeitura do Rio e o Centro Rio+, do Programa das Na\u00e7\u00f5es Unidas para o Desenvolvimento (PNUD), nesta quinta-feira (29\/6). O debate contou com a participa\u00e7\u00e3o dos representantes da Rede mundial de Distritos Criativos, que apresentaram suas experi\u00eancias regionais.<\/span><\/p>\n<figure id=\"attachment_6719\" aria-describedby=\"caption-attachment-6719\" style=\"width: 317px\" class=\"wp-caption alignleft\"><a href=\"http:\/\/www.jornaldaconstrucaocivil.com.br\/wp-content\/uploads\/2017\/06\/OK-\u00c1gora_-5238.jpg\"><img loading=\"lazy\" decoding=\"async\" class=\"wp-image-6719\" src=\"http:\/\/www.jornaldaconstrucaocivil.com.br\/wp-content\/uploads\/2017\/06\/OK-\u00c1gora_-5238-1024x683.jpg\" alt=\"OK \u00c1gora_ 5238\" width=\"317\" height=\"211\" \/><\/a><figcaption id=\"caption-attachment-6719\" class=\"wp-caption-text\">Gerente de Ind\u00fastria Criativa da FIRJAN, Gabriel Pinto. Cr\u00e9dito: Renata Mello<\/figcaption><\/figure>\n<p style=\"text-align: justify;\"><span style=\"color: #000000;\">Gerente de Ind\u00fastria Criativa da Federa\u00e7\u00e3o das Ind\u00fastrias do Rio de Janeiro, Gabriel Pinto destacou a import\u00e2ncia de entidades p\u00fablicas e privadas criarem conex\u00f5es com a sociedade a fim de resolver os problemas sociais dos munic\u00edpios por meio de propostas inovadoras, mas fact\u00edveis. &#8220;Essa \u00e9 a primeira edi\u00e7\u00e3o do \u00c1gora, que tem como proposta ser um espa\u00e7o de discuss\u00e3o, reflex\u00e3o e articula\u00e7\u00e3o de todos os atores da sociedade. A ideia \u00e9 colocar em pr\u00e1tica solu\u00e7\u00f5es reais para as cidades. Criar uma plataforma criativa com essas solu\u00e7\u00f5es&#8221;, afirmou.<\/span><\/p>\n<p style=\"text-align: justify;\"><span style=\"color: #000000;\">Ele citou alguns dos desafios das cidades brasileiras, que v\u00e3o desde o combate \u00e0 pobreza a quest\u00f5es de infraestrutura, como saneamento b\u00e1sico e mobilidade de pessoas idosas, entre outros. Apresentado pelo presidente do Sindicato da Ind\u00fastria da Constru\u00e7\u00e3o Civil do Sul Fluminense, Mauro Campos, o projeto <span style=\"color: #993300;\">&#8220;Futuro da Minha Cidade&#8221;<\/span>, iniciativa da C\u00e2mera Brasileira da Ind\u00fastria da Constru\u00e7\u00e3o (CBIC), mostrou como a sociedade civil organizada desenvolve projetos de longo prazo em cidades como Maring\u00e1 (PR), Goiana (GO) e Volta Redonda (RJ).<\/span><\/p>\n<p style=\"text-align: justify;\"><span style=\"color: #000000;\">J\u00e1 o Cal\u00e7ada Acess\u00edvel, parceria da FIRJAN e a Associa\u00e7\u00e3o Brasileira de Cimento Portland (ABCP), apresentado pelo empres\u00e1rio Marcelo Kaiuca, destacou as a\u00e7\u00f5es promovidas nos munic\u00edpios da Baixada Fluminense para a instala\u00e7\u00e3o de cal\u00e7adas de qualidades e em conformidade com as normas t\u00e9cnicas de acessibilidade e mobilidade das pessoas. O projeto j\u00e1 chegou a 31 cidades do estado do Rio.<\/span><\/p>\n<p style=\"text-align: justify;\"><span style=\"color: #000000;\">Coordenadora do Centro Mundial para o Desenvolvimento Sustent\u00e1vel (Centro RIO+), Layfa Saad destacou o uso de ferramentas de inova\u00e7\u00e3o e criatividade para aproximar as popula\u00e7\u00f5es mais marginalizadas e os governos aos 17 Objetivos de Desenvolvimento Sustent\u00e1vel da ONU, a partir do acordo para Agenda 2030. No munic\u00edpio de Belford Roxo, a entidade vem usando a arte e a m\u00fasica para engajar as pessoas e combater as mazelas da regi\u00e3o. O Centro Rio+ tamb\u00e9m tem discutido a sustentabilidade da cidade do Rio por meio da rela\u00e7\u00e3o das pessoas com a geografia e o meio ambiente do munic\u00edpio.<\/span><\/p>\n<p style=\"text-align: justify;\"><span style=\"color: #000000;\">Coordenador do Instituto Rio Patrim\u00f4nio da Humanidade (IRPH), Andr\u00e9 Zambelli apresentou iniciativas da Prefeitura do Rio, ao longo dos \u00faltimos anos, de prote\u00e7\u00e3o n\u00e3o s\u00f3 do patrim\u00f4nio art\u00edstico cultural como dos bens de interesse p\u00fablico, como im\u00f3veis da regi\u00e3o central: o programa Monumento, de revitaliza\u00e7\u00e3o da Pra\u00e7a Tiradentes, e o de ocupa\u00e7\u00e3o funcional dos im\u00f3veis abandonados, incluindo a manuten\u00e7\u00e3o dos neg\u00f3cios tradicionais na regi\u00e3o.<\/span><\/p>\n<p style=\"text-align: justify;\"><span style=\"color: #000000;\">J\u00e1 os representantes da Rede de Distritos Criativos apresentaram o que cada regi\u00e3o est\u00e1 produzindo em termos de criatividade e uso da inova\u00e7\u00e3o para resolver os problemas das suas cidades, promovendo o desenvolvimento econ\u00f4mico e sustent\u00e1vel das cidades. Participam do encontro os representantes dos distritos: Norbert H\u00f6ptner, de Baden-Wurttenberg (Alemanha); Roger Suarez, da Catalunha (Espanha); Pascal Cools e Carlo Vuijlsteke, de Flandres (B\u00e9lgica); Bert Doedens, de Noord-Brabant (Holanda); e Tuija Telen e Perttu Pes\u00e4, de Tampere (Finl\u00e2ndia).<\/span><\/p>\n<p style=\"text-align: justify;\"><span style=\"color: #000000;\">Norbert H\u00f6ptner destacou o alto investimento feito pela cidade alem\u00e3, em parceria com a iniciativa privada e universidades, em pesquisa e desenvolvimento. Pascal Cools lembrou que tecnologia e criatividade devem andar juntas para criar novos modelos de neg\u00f3cios para as empresas e a sociedade. Roger Suarez destacou os avan\u00e7os em inova\u00e7\u00e3o ocorridos na Catalunha, a partir da realiza\u00e7\u00e3o dos Jogos Ol\u00edmpicos de Barcelona. Bert Doedens e Perttu Pes\u00e4 tamb\u00e9m apresentaram as a\u00e7\u00f5es que transformaram suas regi\u00f5es em locais criativos na Europa.<\/span><\/p>\n<p style=\"text-align: justify;\">Fonte: Imprensa\/FIRJAN<\/p>\n<p>&nbsp;<\/p>\n","protected":false},"excerpt":{"rendered":"<p>Junho, 2017 &#8211; Solu\u00e7\u00f5es criativas e inovadoras para o desenvolvimento sustent\u00e1vel das cidades foram debatidas no evento \u00c1gora, promo\u00e7\u00e3o do Sistema FIRJAN em parceria com o Instituto Rio Patrim\u00f4nio da Humanidade (IRPH) da prefeitura do Rio e o Centro Rio+, do Programa das Na\u00e7\u00f5es Unidas para o Desenvolvimento (PNUD), nesta quinta-feira (29\/6). O debate contou [&hellip;]<\/p>\n","protected":false},"author":1,"featured_media":6719,"comment_status":"open","ping_status":"open","sticky":false,"template":"","format":"standard","meta":{"_uag_custom_page_level_css":"","footnotes":""},"categories":[27],"tags":[989,2125,2274,2826,3741,4688,6024,6249,9596,11116],"class_list":["post-6718","post","type-post","status-publish","format-standard","has-post-thumbnail","hentry","category-acontece","tag-associacao-brasileira-de-cimento-portland-abcp","tag-centro-mundial-para-o-desenvolvimento-sustentavel-centro-rio","tag-cidades-para-pessoas","tag-construcao-civil","tag-distritos-criativos","tag-evento-agora","tag-industria-criativa","tag-instituto-rio-patrimonio-da-humanidade-irph","tag-programa-das-nacoes-unidas-para-o-desenvolvimento-pnud","tag-sindicato-da-industria-da-construcao-civil-do-sul-fluminense"],"blocksy_meta":[],"spectra_blocks_featured_image_url":[],"spectra_blocks_author_info":{"display_name":"Jornal da Constru\u00e7\u00e3o Civil","avatar_url":"https:\/\/secure.gravatar.com\/avatar\/973c9774fd44ddaceb026973c4962faa70fc512bc4c9da68e8ebb40fecee6540?s=96&d=mm&r=g","author_link":"https:\/\/construcaocivil.siriusmarketingedesign.com.br\/?author=1","description":"Desde de 2013, levando muitas informa\u00e7\u00f5es, lan\u00e7amentos e produtos de qualidade para toda cadeia produtiva da constru\u00e7\u00e3o. O Futuro da constru\u00e7\u00e3o passa por aqui,"},"uagb_featured_image_src":{"full":false,"thumbnail":false,"medium":false,"medium_large":false,"large":false,"1536x1536":false,"2048x2048":false},"uagb_author_info":{"display_name":"Jornal da Constru\u00e7\u00e3o Civil","author_link":"https:\/\/construcaocivil.siriusmarketingedesign.com.br\/?author=1"},"uagb_comment_info":0,"uagb_excerpt":"Junho, 2017 &#8211; Solu\u00e7\u00f5es criativas e inovadoras para o desenvolvimento sustent\u00e1vel das cidades foram debatidas no evento \u00c1gora, promo\u00e7\u00e3o do Sistema FIRJAN em parceria com o Instituto Rio Patrim\u00f4nio da Humanidade (IRPH) da prefeitura do Rio e o Centro Rio+, do Programa das Na\u00e7\u00f5es Unidas para o Desenvolvimento (PNUD), nesta quinta-feira (29\/6). O debate contou&hellip;","_links":{"self":[{"href":"https:\/\/construcaocivil.siriusmarketingedesign.com.br\/index.php?rest_route=\/wp\/v2\/posts\/6718","targetHints":{"allow":["GET"]}}],"collection":[{"href":"https:\/\/construcaocivil.siriusmarketingedesign.com.br\/index.php?rest_route=\/wp\/v2\/posts"}],"about":[{"href":"https:\/\/construcaocivil.siriusmarketingedesign.com.br\/index.php?rest_route=\/wp\/v2\/types\/post"}],"author":[{"embeddable":true,"href":"https:\/\/construcaocivil.siriusmarketingedesign.com.br\/index.php?rest_route=\/wp\/v2\/users\/1"}],"replies":[{"embeddable":true,"href":"https:\/\/construcaocivil.siriusmarketingedesign.com.br\/index.php?rest_route=%2Fwp%2Fv2%2Fcomments&post=6718"}],"version-history":[{"count":0,"href":"https:\/\/construcaocivil.siriusmarketingedesign.com.br\/index.php?rest_route=\/wp\/v2\/posts\/6718\/revisions"}],"wp:attachment":[{"href":"https:\/\/construcaocivil.siriusmarketingedesign.com.br\/index.php?rest_route=%2Fwp%2Fv2%2Fmedia&parent=6718"}],"wp:term":[{"taxonomy":"category","embeddable":true,"href":"https:\/\/construcaocivil.siriusmarketingedesign.com.br\/index.php?rest_route=%2Fwp%2Fv2%2Fcategories&post=6718"},{"taxonomy":"post_tag","embeddable":true,"href":"https:\/\/construcaocivil.siriusmarketingedesign.com.br\/index.php?rest_route=%2Fwp%2Fv2%2Ftags&post=6718"}],"curies":[{"name":"wp","href":"https:\/\/api.w.org\/{rel}","templated":true}]}}