{"id":6727,"date":"2017-06-29T21:06:28","date_gmt":"2017-06-30T00:06:28","guid":{"rendered":"http:\/\/www.jornaldaconstrucaocivil.com.br\/?p=6727"},"modified":"2017-06-29T21:06:28","modified_gmt":"2017-06-30T00:06:28","slug":"fne-defende-retomada-de-obras-em-lancamento-da-frente-parlamentar-da-engenharia-no-df","status":"publish","type":"post","link":"https:\/\/construcaocivil.siriusmarketingedesign.com.br\/?p=6727","title":{"rendered":"FNE defende retomada de obras em lan\u00e7amento  da Frente Parlamentar da Engenharia no DF"},"content":{"rendered":"<p style=\"text-align: justify;\"><span style=\"color: #000000;\"><span style=\"color: #993300;\">Junho, 2017<\/span> &#8211; O Brasil possui cerca de 5 mil obras p\u00fablicas paradas em empreendimentos de grande, m\u00e9dio e pequeno porte. Se retomadas, ajudar\u00e3o na gera\u00e7\u00e3o de emprego e melhoria da infraestrutura. A avalia\u00e7\u00e3o foi feita pelo presidente da Federa\u00e7\u00e3o Nacional dos Engenheiros (FNE), Murilo Pinheiro, nesta quinta-feira (29\/6), durante o lan\u00e7amento da Frente Parlamentar da Engenharia, Infraestrutura e Desenvolvimento na C\u00e2mara Legislativa do Distrito Federal.<\/span><\/p>\n<p style=\"text-align: justify;\"><span style=\"color: #000000;\"><em><span style=\"color: #000080;\">\u201cA Frente Parlamentar da Engenharia \u00e9 mais um passo na discuss\u00e3o da engenharia, em que profissionais da \u00e1rea tecnol\u00f3gica podem contribuir com ideias e propostas que ajudem o Parlamento e o Executivo a fazer do Brasil um Pais mais justo e com mais oportunidade\u201d<\/span><\/em>, disse ele. E frisou: <em><span style=\"color: #000080;\">\u201cPoder\u00edamos come\u00e7ar dizendo que a coisa mais r\u00e1pida a ser feita seria terminar as obras paradas. Para o engenheiro, essa \u00e9 a obra mais cara.\u201d<\/span><\/em><\/span><\/p>\n<p style=\"text-align: justify;\"><span style=\"color: #000000;\"><strong>Engenharia<\/strong> \u2013 <span style=\"color: #0000ff;\">A Frente Parlamentar Mista da Engenharia, Infraestrutura e Desenvolvimento<\/span> foi criada em novembro no Congresso Nacional. Desde ent\u00e3o, a iniciativa vem sendo lan\u00e7ada nos diversos estados brasileiros.<\/span><\/p>\n<p style=\"text-align: justify;\"><span style=\"color: #000000;\">O objetivo \u00e9 refor\u00e7ar a import\u00e2ncia da engenharia no debate nacional sobre as condi\u00e7\u00f5es para a melhoria da infraestrutura e retomada das obras p\u00fablicas paradas e do crescimento.<\/span><\/p>\n<p style=\"text-align: justify;\"><span style=\"color: #000000;\">A mobiliza\u00e7\u00e3o nacional feita pela Frente Parlamentar tamb\u00e9m visa sensibilizar o governo a retroceder nas mudan\u00e7as feitas na pol\u00edtica de conte\u00fado nacional para os pr\u00f3ximos leil\u00f5es \u00e0 explora\u00e7\u00e3o e produ\u00e7\u00e3o de petr\u00f3leo e reverter a decis\u00e3o da Petrobras, que retomou as obras do Complexo Petroqu\u00edmico do Rio de Janeiro (Comperj) com licita\u00e7\u00f5es sem a participa\u00e7\u00e3o brasileira.<em><span style=\"color: #000080;\"> \u201cForam convidadas 30 empresas estrangeiras e nenhuma empresa nacional. E enquanto isso, o Brasil continua perdendo empregos\u201d<\/span><\/em>, disse o presidente da Frente Parlamentar Mista da Engenharia, deputado federal Ronaldo Lessa (PDT\/AL).<\/span><\/p>\n<p style=\"text-align: justify;\"><span style=\"color: #000000;\">Segundo ele, a Frente j\u00e1 est\u00e1 em atua\u00e7\u00e3o no Acre, Alagoas, Bahia e agora no Distrito Federal e essa mobiliza\u00e7\u00e3o chegar\u00e1 tamb\u00e9m a S\u00e3o Paulo e Paran\u00e1.<\/span><\/p>\n<p style=\"text-align: justify;\"><span style=\"color: #000000;\">Lessa lembrou que a Frente \u00e9 o f\u00f3rum adequado para a discuss\u00e3o sobre os temas de conte\u00fado nacional, sobre a import\u00e2ncia de se ter uma carreira de Estado ligada \u00e0 engenharia e tamb\u00e9m o combate ao exerc\u00edcio ilegal da profiss\u00e3o<\/span><\/p>\n<p style=\"text-align: justify;\"><span style=\"color: #000000;\">Distrito Federal \u2013 Na capital federal, a presidente da Frente Parlamentar ser\u00e1 a deputada distrital Celina Le\u00e3o (PPS). Ela disse que aproveitar\u00e1 a iniciativa para discutir projetos do Distrito Federal que tratam da lei de uso e ocupa\u00e7\u00e3o do solo e do tombamento de Bras\u00edlia. Observou ainda que a crise econ\u00f4mica afetou a constru\u00e7\u00e3o civil e isso provocou o fechamento de 40 mil postos de trabalho na cidade, o que deve ser objeto de debates e propostas para reverter esse quadro.<\/span><\/p>\n<p style=\"text-align: justify;\">\n<p>&nbsp;<\/p>\n","protected":false},"excerpt":{"rendered":"<p>Junho, 2017 &#8211; O Brasil possui cerca de 5 mil obras p\u00fablicas paradas em empreendimentos de grande, m\u00e9dio e pequeno porte. Se retomadas, ajudar\u00e3o na gera\u00e7\u00e3o de emprego e melhoria da infraestrutura. A avalia\u00e7\u00e3o foi feita pelo presidente da Federa\u00e7\u00e3o Nacional dos Engenheiros (FNE), Murilo Pinheiro, nesta quinta-feira (29\/6), durante o lan\u00e7amento da Frente Parlamentar [&hellip;]<\/p>\n","protected":false},"author":1,"featured_media":0,"comment_status":"open","ping_status":"open","sticky":false,"template":"","format":"standard","meta":{"_uag_custom_page_level_css":"","footnotes":""},"categories":[31],"tags":[202,1569,1721,2545,3025,3856,5247,5390,6105,6310,8016],"class_list":["post-6727","post","type-post","status-publish","format-standard","hentry","category-infraestrutura","tag-5-mil-obras-publicas-paradas","tag-brasilia","tag-camara-legislativa-do-distrito-federal","tag-complexo-petroquimico-do-rio-de-janeiro-comperj","tag-conteudo-local","tag-economia","tag-frente-parlamentar-mista-da-engenharia","tag-geracao-de-emprego","tag-infraestrutura-e-desenvolvimento","tag-investimentos","tag-murilo-pinheiro-presidente-da-fne"],"blocksy_meta":[],"spectra_blocks_featured_image_url":null,"spectra_blocks_author_info":{"display_name":"Jornal da Constru\u00e7\u00e3o Civil","avatar_url":"https:\/\/secure.gravatar.com\/avatar\/973c9774fd44ddaceb026973c4962faa70fc512bc4c9da68e8ebb40fecee6540?s=96&d=mm&r=g","author_link":"https:\/\/construcaocivil.siriusmarketingedesign.com.br\/?author=1","description":"Desde de 2013, levando muitas informa\u00e7\u00f5es, lan\u00e7amentos e produtos de qualidade para toda cadeia produtiva da constru\u00e7\u00e3o. O Futuro da constru\u00e7\u00e3o passa por aqui,"},"uagb_featured_image_src":{"full":false,"thumbnail":false,"medium":false,"medium_large":false,"large":false,"1536x1536":false,"2048x2048":false},"uagb_author_info":{"display_name":"Jornal da Constru\u00e7\u00e3o Civil","author_link":"https:\/\/construcaocivil.siriusmarketingedesign.com.br\/?author=1"},"uagb_comment_info":0,"uagb_excerpt":"Junho, 2017 &#8211; O Brasil possui cerca de 5 mil obras p\u00fablicas paradas em empreendimentos de grande, m\u00e9dio e pequeno porte. Se retomadas, ajudar\u00e3o na gera\u00e7\u00e3o de emprego e melhoria da infraestrutura. A avalia\u00e7\u00e3o foi feita pelo presidente da Federa\u00e7\u00e3o Nacional dos Engenheiros (FNE), Murilo Pinheiro, nesta quinta-feira (29\/6), durante o lan\u00e7amento da Frente Parlamentar&hellip;","_links":{"self":[{"href":"https:\/\/construcaocivil.siriusmarketingedesign.com.br\/index.php?rest_route=\/wp\/v2\/posts\/6727","targetHints":{"allow":["GET"]}}],"collection":[{"href":"https:\/\/construcaocivil.siriusmarketingedesign.com.br\/index.php?rest_route=\/wp\/v2\/posts"}],"about":[{"href":"https:\/\/construcaocivil.siriusmarketingedesign.com.br\/index.php?rest_route=\/wp\/v2\/types\/post"}],"author":[{"embeddable":true,"href":"https:\/\/construcaocivil.siriusmarketingedesign.com.br\/index.php?rest_route=\/wp\/v2\/users\/1"}],"replies":[{"embeddable":true,"href":"https:\/\/construcaocivil.siriusmarketingedesign.com.br\/index.php?rest_route=%2Fwp%2Fv2%2Fcomments&post=6727"}],"version-history":[{"count":0,"href":"https:\/\/construcaocivil.siriusmarketingedesign.com.br\/index.php?rest_route=\/wp\/v2\/posts\/6727\/revisions"}],"wp:attachment":[{"href":"https:\/\/construcaocivil.siriusmarketingedesign.com.br\/index.php?rest_route=%2Fwp%2Fv2%2Fmedia&parent=6727"}],"wp:term":[{"taxonomy":"category","embeddable":true,"href":"https:\/\/construcaocivil.siriusmarketingedesign.com.br\/index.php?rest_route=%2Fwp%2Fv2%2Fcategories&post=6727"},{"taxonomy":"post_tag","embeddable":true,"href":"https:\/\/construcaocivil.siriusmarketingedesign.com.br\/index.php?rest_route=%2Fwp%2Fv2%2Ftags&post=6727"}],"curies":[{"name":"wp","href":"https:\/\/api.w.org\/{rel}","templated":true}]}}