{"id":6729,"date":"2017-06-30T14:35:13","date_gmt":"2017-06-30T17:35:13","guid":{"rendered":"http:\/\/www.jornaldaconstrucaocivil.com.br\/?p=6729"},"modified":"2017-06-30T14:35:13","modified_gmt":"2017-06-30T17:35:13","slug":"confianca-dos-empresarios-mineiros-da-construcao-recua-em-junho","status":"publish","type":"post","link":"https:\/\/construcaocivil.siriusmarketingedesign.com.br\/?p=6729","title":{"rendered":"Confian\u00e7a dos empres\u00e1rios mineiros da Constru\u00e7\u00e3o recua em junho"},"content":{"rendered":"<p style=\"text-align: justify;\"><span style=\"color: #000000;\"><span style=\"color: #993300;\">Belo Horizonte, junho de 2017<\/span>&#8211; A pesquisa sobre o \u00cdndice de Confian\u00e7a do Empres\u00e1rio da Ind\u00fastria da Constru\u00e7\u00e3o de Minas Gerais (Iceicon-MG) continua apontando falta de confian\u00e7a dos empres\u00e1rios do setor. Em junho, o indicador registrou 46,3 pontos, uma diminui\u00e7\u00e3o de 2,9 pontos, se comparada ao m\u00eas de maio (49,2 pontos). Foi o menor patamar apurado desde o in\u00edcio de 2017.<\/span><\/p>\n<p style=\"text-align: justify;\"><span style=\"color: #000000;\">Os indicadores variam de 0 a 100. Valores acima dos 50 pontos indicam empres\u00e1rios confiantes, e abaixo dos 50, executivos pessimistas.<\/span><\/p>\n<p style=\"text-align: justify;\"><span style=\"color: #000000;\">Apesar da queda mensal, os dados apontam que o \u00edndice acumulou eleva\u00e7\u00e3o de 2,8 pontos no primeiro semestre e foi o melhor para o m\u00eas de junho dos \u00faltimos quatro anos. Comparado a junho de 2016, observa-se incremento de 12,6 pontos.<\/span><\/p>\n<p style=\"text-align: justify;\"><span style=\"color: #000000;\">J\u00e1 o indicador nacional, que em maio foi de 52,7 pontos, recuou 2,3 pontos e registrou 50,4 pontos em junho, sinalizando construtores cautelosos.<\/span><\/p>\n<p style=\"text-align: justify;\"><span style=\"color: #000000;\">Segundo o economista e coordenador do Sindicato da Ind\u00fastria da Constru\u00e7\u00e3o Civil no Estado de Minas Gerais (Sinduscon MG), Daniel Furletti,<em><span style=\"color: #000080;\"> &#8220;a retra\u00e7\u00e3o do Iceicon-MG foi provocada pela queda de seus dois componentes: condi\u00e7\u00f5es atuais de neg\u00f3cio e expectativas. Neste contexto, o cen\u00e1rio pol\u00edtico mais conturbado pode ajudar a compreender o resultado mensal&#8221;<\/span><\/em>, diz.<\/span><\/p>\n<p style=\"text-align: justify;\"><span style=\"color: #000000;\">O \u00edndice de condi\u00e7\u00f5es de neg\u00f3cio decresceu 3,3 pontos na passagem de maio (43,4 pontos) para junho (40,1 pontos), demonstrando maior insatisfa\u00e7\u00e3o dos empres\u00e1rios. Apesar do recuo em rela\u00e7\u00e3o ao m\u00eas anterior, o indicador foi 16,1 pontos superior ao de junho do ano passado e acumulou crescimento de 4,9 pontos nos primeiros seis meses de 2017.<\/span><\/p>\n<p style=\"text-align: justify;\"><span style=\"color: #000000;\">As expectativas para os pr\u00f3ximos seis meses tamb\u00e9m recuaram na compara\u00e7\u00e3o mensal, com redu\u00e7\u00e3o de 2,3 pontos no \u00edndice em junho (49,8 pontos), contra maio (52,1 pontos). Com esse resultado, o indicador voltou a situar-se abaixo da linha divis\u00f3ria dos 50 pontos &#8211; n\u00famero que separa as expectativas negativas das positivas &#8211; ap\u00f3s uma sequ\u00eancia de cinco meses apontando empres\u00e1rios mais confiantes em rela\u00e7\u00e3o ao futuro pr\u00f3ximo. No confronto com junho de 2016, o \u00edndice cresceu 11,2 pontos e, no primeiro semestre de 2017, acumulou eleva\u00e7\u00e3o de 2,2 pontos.<\/span><\/p>\n<p style=\"text-align: justify;\">Fonte: Imprensa\/Sinduscon-MG<\/p>\n","protected":false},"excerpt":{"rendered":"<p>Belo Horizonte, junho de 2017&#8211; A pesquisa sobre o \u00cdndice de Confian\u00e7a do Empres\u00e1rio da Ind\u00fastria da Constru\u00e7\u00e3o de Minas Gerais (Iceicon-MG) continua apontando falta de confian\u00e7a dos empres\u00e1rios do setor. Em junho, o indicador registrou 46,3 pontos, uma diminui\u00e7\u00e3o de 2,9 pontos, se comparada ao m\u00eas de maio (49,2 pontos). Foi o menor patamar [&hellip;]<\/p>\n","protected":false},"author":1,"featured_media":0,"comment_status":"open","ping_status":"open","sticky":false,"template":"","format":"standard","meta":{"_uag_custom_page_level_css":"","footnotes":""},"categories":[33],"tags":[2736,2826,2933,3486,3856,5570,5858,7672,11157],"class_list":["post-6729","post","type-post","status-publish","format-standard","hentry","category-mercado","tag-confianca-recua-devido-crise-politica","tag-construcao-civil","tag-construtora","tag-desconfianca-do-mercado","tag-economia","tag-governo-temer","tag-iceicon-mg","tag-minas-gerais","tag-sinduscon-mg"],"blocksy_meta":[],"spectra_blocks_featured_image_url":null,"spectra_blocks_author_info":{"display_name":"Jornal da Constru\u00e7\u00e3o Civil","avatar_url":"https:\/\/secure.gravatar.com\/avatar\/973c9774fd44ddaceb026973c4962faa70fc512bc4c9da68e8ebb40fecee6540?s=96&d=mm&r=g","author_link":"https:\/\/construcaocivil.siriusmarketingedesign.com.br\/?author=1","description":"Desde de 2013, levando muitas informa\u00e7\u00f5es, lan\u00e7amentos e produtos de qualidade para toda cadeia produtiva da constru\u00e7\u00e3o. O Futuro da constru\u00e7\u00e3o passa por aqui,"},"uagb_featured_image_src":{"full":false,"thumbnail":false,"medium":false,"medium_large":false,"large":false,"1536x1536":false,"2048x2048":false},"uagb_author_info":{"display_name":"Jornal da Constru\u00e7\u00e3o Civil","author_link":"https:\/\/construcaocivil.siriusmarketingedesign.com.br\/?author=1"},"uagb_comment_info":0,"uagb_excerpt":"Belo Horizonte, junho de 2017&#8211; A pesquisa sobre o \u00cdndice de Confian\u00e7a do Empres\u00e1rio da Ind\u00fastria da Constru\u00e7\u00e3o de Minas Gerais (Iceicon-MG) continua apontando falta de confian\u00e7a dos empres\u00e1rios do setor. Em junho, o indicador registrou 46,3 pontos, uma diminui\u00e7\u00e3o de 2,9 pontos, se comparada ao m\u00eas de maio (49,2 pontos). Foi o menor patamar&hellip;","_links":{"self":[{"href":"https:\/\/construcaocivil.siriusmarketingedesign.com.br\/index.php?rest_route=\/wp\/v2\/posts\/6729","targetHints":{"allow":["GET"]}}],"collection":[{"href":"https:\/\/construcaocivil.siriusmarketingedesign.com.br\/index.php?rest_route=\/wp\/v2\/posts"}],"about":[{"href":"https:\/\/construcaocivil.siriusmarketingedesign.com.br\/index.php?rest_route=\/wp\/v2\/types\/post"}],"author":[{"embeddable":true,"href":"https:\/\/construcaocivil.siriusmarketingedesign.com.br\/index.php?rest_route=\/wp\/v2\/users\/1"}],"replies":[{"embeddable":true,"href":"https:\/\/construcaocivil.siriusmarketingedesign.com.br\/index.php?rest_route=%2Fwp%2Fv2%2Fcomments&post=6729"}],"version-history":[{"count":0,"href":"https:\/\/construcaocivil.siriusmarketingedesign.com.br\/index.php?rest_route=\/wp\/v2\/posts\/6729\/revisions"}],"wp:attachment":[{"href":"https:\/\/construcaocivil.siriusmarketingedesign.com.br\/index.php?rest_route=%2Fwp%2Fv2%2Fmedia&parent=6729"}],"wp:term":[{"taxonomy":"category","embeddable":true,"href":"https:\/\/construcaocivil.siriusmarketingedesign.com.br\/index.php?rest_route=%2Fwp%2Fv2%2Fcategories&post=6729"},{"taxonomy":"post_tag","embeddable":true,"href":"https:\/\/construcaocivil.siriusmarketingedesign.com.br\/index.php?rest_route=%2Fwp%2Fv2%2Ftags&post=6729"}],"curies":[{"name":"wp","href":"https:\/\/api.w.org\/{rel}","templated":true}]}}