{"id":6752,"date":"2017-07-01T11:41:27","date_gmt":"2017-07-01T14:41:27","guid":{"rendered":"http:\/\/www.jornaldaconstrucaocivil.com.br\/?p=6752"},"modified":"2017-07-01T11:41:27","modified_gmt":"2017-07-01T14:41:27","slug":"professores-da-fgv-analisam-anuncio-da-petrobras-sobre-flexibilizacao-de-preco-dos-combustiveis","status":"publish","type":"post","link":"https:\/\/construcaocivil.siriusmarketingedesign.com.br\/?p=6752","title":{"rendered":"Professores da FGV analisam anuncio da Petrobras sobre flexibiliza\u00e7\u00e3o de pre\u00e7o dos combust\u00edveis"},"content":{"rendered":"<p style=\"text-align: justify;\"><span style=\"color: #000000;\"><span style=\"color: #993300;\">Rio, julho, 2017<\/span> &#8211; O economista Andr\u00e9 Nassif, professor dos MBAs da Funda\u00e7\u00e3o Getulio Vargas (FGV), avalia a mudan\u00e7a na pol\u00edtica de reajuste dos pre\u00e7os da gasolina e do diesel comercializados pela Petrobras em suas refinarias em todo o pa\u00eds como acertada. Segundo ele, a pol\u00edtica de controle de pre\u00e7o dos combust\u00edveis pelo governo federal, adotada em 2014, n\u00e3o deve ser repetida.<\/span><\/p>\n<p style=\"text-align: justify;\"><span style=\"color: #000000;\"><em><span style=\"color: #000080;\">&#8220;A interfer\u00eancia no valor cobrado nas bombas acabou afetando as empresas do setor e criou um grande endividamento da Petrobras. Os agentes econ\u00f4micos j\u00e1 perceberam que o pre\u00e7o interno n\u00e3o vai variar tanto nos pr\u00f3ximos anos&#8221;<\/span><\/em>, avalia Andr\u00e9 Nassif. Ele ressalta, no entanto, que o governo deve ter cuidado para evitar que os indicadores da infla\u00e7\u00e3o sejam impactados. Opini\u00e3o compartilhada com a do coordenador do MBA Executivo de Gest\u00e3o e de Neg\u00f3cios em Petr\u00f3leo e G\u00e1s da FGV, Alberto Machado Neto.<\/span><\/p>\n<p style=\"text-align: justify;\"><span style=\"color: #000000;\"><em><span style=\"color: #000080;\">&#8220;O governo tem que ter sempre uma an\u00e1lise macro. N\u00f3s produzimos boa parte do petr\u00f3leo consumido no pa\u00eds, logo os aumentos devem ser proporcionais \u00e0 quantidade importada. Os acr\u00e9scimos nos pre\u00e7os n\u00e3o devem ser equivalentes aos que podem acontecer internacionalmente porque n\u00e3o somos um pa\u00eds que importa tanto quanto outros que nada produzem&#8221;<\/span><\/em>, observa Alberto Machado Neto.<\/span><\/p>\n<p style=\"text-align: justify;\"><span style=\"color: #000000;\">O coordenador do MBA Executivo de Gest\u00e3o e de Neg\u00f3cios em Petr\u00f3leo e G\u00e1s da FGV destaca ainda que a Petrobras, por ser estatal, n\u00e3o deveria ter uma vis\u00e3o estritamente de mercado. <em><span style=\"color: #000080;\">&#8220;Os aumentos n\u00e3o podem visar apenas o lucro e, sim, tamb\u00e9m a sociedade&#8221;<\/span><\/em>, opina Alberto Machado Neto.<\/span><\/p>\n","protected":false},"excerpt":{"rendered":"<p>Rio, julho, 2017 &#8211; O economista Andr\u00e9 Nassif, professor dos MBAs da Funda\u00e7\u00e3o Getulio Vargas (FGV), avalia a mudan\u00e7a na pol\u00edtica de reajuste dos pre\u00e7os da gasolina e do diesel comercializados pela Petrobras em suas refinarias em todo o pa\u00eds como acertada. Segundo ele, a pol\u00edtica de controle de pre\u00e7o dos combust\u00edveis pelo governo federal, [&hellip;]<\/p>\n","protected":false},"author":1,"featured_media":0,"comment_status":"open","ping_status":"open","sticky":false,"template":"","format":"standard","meta":{"_uag_custom_page_level_css":"","footnotes":""},"categories":[1],"tags":[3856,4288,5028,5121,7470,8424,8859,8869,9058,9229,11265],"class_list":["post-6752","post","type-post","status-publish","format-standard","hentry","category-sem-categoria","tag-economia","tag-energia","tag-fgv","tag-flexibilizacao-de-preco-dos-combustiveis","tag-mercado","tag-oleo-e-gas","tag-petrobras","tag-petroleo-e-gas","tag-politica-de-controle-de-precos","tag-preco-dos-combustiveis","tag-sociedade"],"blocksy_meta":[],"spectra_blocks_featured_image_url":null,"spectra_blocks_author_info":{"display_name":"Jornal da Constru\u00e7\u00e3o Civil","avatar_url":"https:\/\/secure.gravatar.com\/avatar\/973c9774fd44ddaceb026973c4962faa70fc512bc4c9da68e8ebb40fecee6540?s=96&d=mm&r=g","author_link":"https:\/\/construcaocivil.siriusmarketingedesign.com.br\/?author=1","description":"Desde de 2013, levando muitas informa\u00e7\u00f5es, lan\u00e7amentos e produtos de qualidade para toda cadeia produtiva da constru\u00e7\u00e3o. O Futuro da constru\u00e7\u00e3o passa por aqui,"},"uagb_featured_image_src":{"full":false,"thumbnail":false,"medium":false,"medium_large":false,"large":false,"1536x1536":false,"2048x2048":false},"uagb_author_info":{"display_name":"Jornal da Constru\u00e7\u00e3o Civil","author_link":"https:\/\/construcaocivil.siriusmarketingedesign.com.br\/?author=1"},"uagb_comment_info":0,"uagb_excerpt":"Rio, julho, 2017 &#8211; O economista Andr\u00e9 Nassif, professor dos MBAs da Funda\u00e7\u00e3o Getulio Vargas (FGV), avalia a mudan\u00e7a na pol\u00edtica de reajuste dos pre\u00e7os da gasolina e do diesel comercializados pela Petrobras em suas refinarias em todo o pa\u00eds como acertada. Segundo ele, a pol\u00edtica de controle de pre\u00e7o dos combust\u00edveis pelo governo federal,&hellip;","_links":{"self":[{"href":"https:\/\/construcaocivil.siriusmarketingedesign.com.br\/index.php?rest_route=\/wp\/v2\/posts\/6752","targetHints":{"allow":["GET"]}}],"collection":[{"href":"https:\/\/construcaocivil.siriusmarketingedesign.com.br\/index.php?rest_route=\/wp\/v2\/posts"}],"about":[{"href":"https:\/\/construcaocivil.siriusmarketingedesign.com.br\/index.php?rest_route=\/wp\/v2\/types\/post"}],"author":[{"embeddable":true,"href":"https:\/\/construcaocivil.siriusmarketingedesign.com.br\/index.php?rest_route=\/wp\/v2\/users\/1"}],"replies":[{"embeddable":true,"href":"https:\/\/construcaocivil.siriusmarketingedesign.com.br\/index.php?rest_route=%2Fwp%2Fv2%2Fcomments&post=6752"}],"version-history":[{"count":0,"href":"https:\/\/construcaocivil.siriusmarketingedesign.com.br\/index.php?rest_route=\/wp\/v2\/posts\/6752\/revisions"}],"wp:attachment":[{"href":"https:\/\/construcaocivil.siriusmarketingedesign.com.br\/index.php?rest_route=%2Fwp%2Fv2%2Fmedia&parent=6752"}],"wp:term":[{"taxonomy":"category","embeddable":true,"href":"https:\/\/construcaocivil.siriusmarketingedesign.com.br\/index.php?rest_route=%2Fwp%2Fv2%2Fcategories&post=6752"},{"taxonomy":"post_tag","embeddable":true,"href":"https:\/\/construcaocivil.siriusmarketingedesign.com.br\/index.php?rest_route=%2Fwp%2Fv2%2Ftags&post=6752"}],"curies":[{"name":"wp","href":"https:\/\/api.w.org\/{rel}","templated":true}]}}