{"id":6758,"date":"2017-07-01T12:51:56","date_gmt":"2017-07-01T15:51:56","guid":{"rendered":"http:\/\/www.jornaldaconstrucaocivil.com.br\/?p=6758"},"modified":"2017-07-01T12:51:56","modified_gmt":"2017-07-01T15:51:56","slug":"edp-brasil-apresenta-workshop-no-brasil-solar-power-2017","status":"publish","type":"post","link":"https:\/\/construcaocivil.siriusmarketingedesign.com.br\/?p=6758","title":{"rendered":"EDP Brasil apresenta workshop no Brasil Solar Power 2017"},"content":{"rendered":"<p style=\"text-align: justify;\"><span style=\"color: #000000;\"><span style=\"color: #993300;\">S\u00e3o Paulo, julho de 2017<\/span> \u2013 A EDP Solar, \u00e1rea da EDP Brasil focada no desenvolvimento de projetos de gera\u00e7\u00e3o distribu\u00edda fotovoltaica, marcar\u00e1 presen\u00e7a no Brasil Solar Power 2017, segunda edi\u00e7\u00e3o do congresso que re\u00fane os principais nomes do segmento no Brasil e no mundo. A Companhia ser\u00e1 um dos destaques da programa\u00e7\u00e3o, com um workshop na quinta-feira (06), \u00e0s 17h30, sobre as diferen\u00e7as entre a compra e o aluguel de energia solar no mercado corporativo.<\/span><\/p>\n<p style=\"text-align: justify;\"><span style=\"color: #000000;\">No semin\u00e1rio, o diretor da EDP Carlos Eduardo Fontoura apresentar\u00e1 as vantagens do aluguel de sistemas de gera\u00e7\u00e3o fotovoltaica. Ser\u00e1 uma oportunidade para os representantes de empresas interessadas na aquisi\u00e7\u00e3o de projetos solares aprenderem sobre poss\u00edveis modelos de neg\u00f3cio e conhecerem as solu\u00e7\u00f5es da Companhia nessa \u00e1rea.<\/span><\/p>\n<p style=\"text-align: justify;\"><span style=\"color: #000000;\">A Empresa, que atua nas \u00e1reas de gera\u00e7\u00e3o, distribui\u00e7\u00e3o, comercializa\u00e7\u00e3o e solu\u00e7\u00f5es em energia e em 2016 ingressou tamb\u00e9m no setor de transmiss\u00e3o, contar\u00e1 ainda com um estande no qual ser\u00e3o apresentados os servi\u00e7os da EDP Solar e onde ser\u00e3o recebidos convidados e participantes do evento.<\/span><\/p>\n<p style=\"text-align: justify;\"><span style=\"color: #000000;\">O Brasil Solar Power se configura como um dos principais eventos do segmento de gera\u00e7\u00e3o solar do Pa\u00eds. O evento re\u00fane congresso, workshops e feira de neg\u00f3cios.<\/span><\/p>\n<p><strong><span style=\"color: #0000ff;\">EDP no Brasil Solar Power 2017<\/span><\/strong><\/p>\n<p><span style=\"color: #0000ff;\">Quando: 06\/07 (quinta-feira), \u00e0s 17h30<\/span><\/p>\n<p><span style=\"color: #0000ff;\">Onde: Centro de Conven\u00e7\u00f5es SulAm\u00e9rica<\/span><\/p>\n<p><span style=\"color: #0000ff;\">Endere\u00e7o: Rua Beatriz Larragoiti Lucas &#8211; Cidade Nova &#8211; Centro &#8211; Rio de Janeiro\/RJ<\/span><\/p>\n<p>Site:<span style=\"text-decoration: underline;\"><span style=\"color: #0000ff; text-decoration: underline;\">www.brasilsolarpower.com.br\u00a0<\/span><\/span><\/p>\n","protected":false},"excerpt":{"rendered":"<p>S\u00e3o Paulo, julho de 2017 \u2013 A EDP Solar, \u00e1rea da EDP Brasil focada no desenvolvimento de projetos de gera\u00e7\u00e3o distribu\u00edda fotovoltaica, marcar\u00e1 presen\u00e7a no Brasil Solar Power 2017, segunda edi\u00e7\u00e3o do congresso que re\u00fane os principais nomes do segmento no Brasil e no mundo. A Companhia ser\u00e1 um dos destaques da programa\u00e7\u00e3o, com um [&hellip;]<\/p>\n","protected":false},"author":1,"featured_media":0,"comment_status":"open","ping_status":"open","sticky":false,"template":"","format":"standard","meta":{"_uag_custom_page_level_css":"","footnotes":""},"categories":[27],"tags":[631,1556,2743,3954,3955,4288,4324,4928,7470,9757,12529],"class_list":["post-6758","post","type-post","status-publish","format-standard","hentry","category-acontece","tag-aluguel-de-energia-solar","tag-brasil-solar-power-2017","tag-congresso","tag-edp-brasil","tag-edp-solar","tag-energia","tag-energias-renovaveis","tag-feira-de-negocios","tag-mercado","tag-projetos-de-geracao-distribuida-fotovoltaica","tag-workshops"],"blocksy_meta":[],"spectra_blocks_featured_image_url":null,"spectra_blocks_author_info":{"display_name":"Jornal da Constru\u00e7\u00e3o Civil","avatar_url":"https:\/\/secure.gravatar.com\/avatar\/973c9774fd44ddaceb026973c4962faa70fc512bc4c9da68e8ebb40fecee6540?s=96&d=mm&r=g","author_link":"https:\/\/construcaocivil.siriusmarketingedesign.com.br\/?author=1","description":"Desde de 2013, levando muitas informa\u00e7\u00f5es, lan\u00e7amentos e produtos de qualidade para toda cadeia produtiva da constru\u00e7\u00e3o. O Futuro da constru\u00e7\u00e3o passa por aqui,"},"uagb_featured_image_src":{"full":false,"thumbnail":false,"medium":false,"medium_large":false,"large":false,"1536x1536":false,"2048x2048":false},"uagb_author_info":{"display_name":"Jornal da Constru\u00e7\u00e3o Civil","author_link":"https:\/\/construcaocivil.siriusmarketingedesign.com.br\/?author=1"},"uagb_comment_info":0,"uagb_excerpt":"S\u00e3o Paulo, julho de 2017 \u2013 A EDP Solar, \u00e1rea da EDP Brasil focada no desenvolvimento de projetos de gera\u00e7\u00e3o distribu\u00edda fotovoltaica, marcar\u00e1 presen\u00e7a no Brasil Solar Power 2017, segunda edi\u00e7\u00e3o do congresso que re\u00fane os principais nomes do segmento no Brasil e no mundo. A Companhia ser\u00e1 um dos destaques da programa\u00e7\u00e3o, com um&hellip;","_links":{"self":[{"href":"https:\/\/construcaocivil.siriusmarketingedesign.com.br\/index.php?rest_route=\/wp\/v2\/posts\/6758","targetHints":{"allow":["GET"]}}],"collection":[{"href":"https:\/\/construcaocivil.siriusmarketingedesign.com.br\/index.php?rest_route=\/wp\/v2\/posts"}],"about":[{"href":"https:\/\/construcaocivil.siriusmarketingedesign.com.br\/index.php?rest_route=\/wp\/v2\/types\/post"}],"author":[{"embeddable":true,"href":"https:\/\/construcaocivil.siriusmarketingedesign.com.br\/index.php?rest_route=\/wp\/v2\/users\/1"}],"replies":[{"embeddable":true,"href":"https:\/\/construcaocivil.siriusmarketingedesign.com.br\/index.php?rest_route=%2Fwp%2Fv2%2Fcomments&post=6758"}],"version-history":[{"count":0,"href":"https:\/\/construcaocivil.siriusmarketingedesign.com.br\/index.php?rest_route=\/wp\/v2\/posts\/6758\/revisions"}],"wp:attachment":[{"href":"https:\/\/construcaocivil.siriusmarketingedesign.com.br\/index.php?rest_route=%2Fwp%2Fv2%2Fmedia&parent=6758"}],"wp:term":[{"taxonomy":"category","embeddable":true,"href":"https:\/\/construcaocivil.siriusmarketingedesign.com.br\/index.php?rest_route=%2Fwp%2Fv2%2Fcategories&post=6758"},{"taxonomy":"post_tag","embeddable":true,"href":"https:\/\/construcaocivil.siriusmarketingedesign.com.br\/index.php?rest_route=%2Fwp%2Fv2%2Ftags&post=6758"}],"curies":[{"name":"wp","href":"https:\/\/api.w.org\/{rel}","templated":true}]}}