{"id":6777,"date":"2017-07-03T20:48:48","date_gmt":"2017-07-03T23:48:48","guid":{"rendered":"http:\/\/www.jornaldaconstrucaocivil.com.br\/?p=6777"},"modified":"2017-07-03T20:48:48","modified_gmt":"2017-07-03T23:48:48","slug":"mostrasustentavel-viabiliza-doacao-de-sistema-de-energia-solar-ao-lar-dos-velhinhos-de-campinas","status":"publish","type":"post","link":"https:\/\/construcaocivil.siriusmarketingedesign.com.br\/?p=6777","title":{"rendered":"Mostra+Sustent\u00e1vel viabiliza doa\u00e7\u00e3o de sistema de energia solar ao Lar dos Velhinhos de Campinas"},"content":{"rendered":"<p style=\"text-align: justify;\"><span style=\"color: #000000;\"><span style=\"color: #993300;\">Julho, 2017<\/span> &#8211; Na pr\u00f3xima quarta-feira (5) ser\u00e1 realizada a instala\u00e7\u00e3o do sistema de energia solar doado pela ENGIE Solar, como parte das interven\u00e7\u00f5es da <span style=\"color: #0000ff;\">Mostra+Sustent\u00e1vel<\/span> no Lar dos Velhinhos de Campinas (LVC). A cerim\u00f4nia de entrega ser\u00e1 \u00e0s 10h, com a presen\u00e7a dos presidentes do LVC, Mauro Calais, e da ENGIE Solar, Rodolfo de Sousa Pinto. Tamb\u00e9m estar\u00e3o no local os coordenadores da Mostra + Sustent\u00e1vel, Fernando Caparica e Lav\u00ednia Aires.<\/span><\/p>\n<figure id=\"attachment_6779\" aria-describedby=\"caption-attachment-6779\" style=\"width: 251px\" class=\"wp-caption alignleft\"><a href=\"http:\/\/www.jornaldaconstrucaocivil.com.br\/wp-content\/uploads\/2017\/07\/AA-LAR-VELHINHOS.jpg\"><img loading=\"lazy\" decoding=\"async\" class=\"wp-image-6779\" src=\"http:\/\/www.jornaldaconstrucaocivil.com.br\/wp-content\/uploads\/2017\/07\/AA-LAR-VELHINHOS-1024x683.jpg\" alt=\"AA LAR VELHINHOS\" width=\"251\" height=\"167\" \/><\/a><figcaption id=\"caption-attachment-6779\" class=\"wp-caption-text\">Lar dos Velhinhos de Campinas (LVC), receber\u00e1 da Engie Solar instal\u00e7\u00e3o sistema de energia solar. Cr\u00e9ditos: Divulga\u00e7\u00e3o<\/figcaption><\/figure>\n<p style=\"text-align: justify;\"><span style=\"color: #000000;\">O sistema fotovoltaico, avaliado em R$ 25 mil, ser\u00e1 instalado no pr\u00e9dio que est\u00e1 sendo revitalizado pela<span style=\"color: #0000ff;\"> Mostra + Sustent\u00e1vel<\/span> e resultar\u00e1 em uma economia anual de R$ 2.500,00 para o LVC.<\/span><\/p>\n<p style=\"text-align: justify;\"><span style=\"color: #000000;\"><em><span style=\"color: #000080;\">\u201cO sistema agregar\u00e1 muito \u00e0 entidade, que al\u00e9m da economia e abatimento nas despesas mensais, estar\u00e1 colaborando com o meio ambiente e proporcionar\u00e1 que tenhamos a possibilidade de investir esse recurso economizado em outras \u00e1reas do LVC\u201d<\/span><\/em>, afirma Calais.<\/span><\/p>\n<p style=\"text-align: justify;\"><span style=\"color: #000000;\"><span style=\"color: #000080;\"><em>\u201cO LVC realiza um trabalho muito importante com os idosos da regi\u00e3o e estamos muito felizes em poder finalizar essa doa\u00e7\u00e3o. Esperamos que a economia gerada pelo sistema de energia solar ajude o LVC a continuar com sua bela miss\u00e3o\u201d<\/em><\/span>, completa Rodolfo de Sousa Pinto, presidente da ENGIE Solar.<\/span><\/p>\n<p style=\"text-align: justify;\"><span style=\"color: #000000;\">Atualmente abrigando 79 idosos, o LVC possui 112 anos de hist\u00f3ria e \u00e9 refer\u00eancia nacional no cuidado ao idoso carente, sendo uma das maiores e mais reconhecidas institui\u00e7\u00f5es de abrigo para idosos no Brasil. Oferece servi\u00e7os de psicologia, enfermagem 24h, \u00e1rea m\u00e9dica, nutri\u00e7\u00e3o, fisioterapia e dentista.<\/span><\/p>\n<p style=\"text-align: justify;\"><strong><span style=\"color: #000000;\">Mostra + Sustent\u00e1vel<\/span><\/strong><\/p>\n<p style=\"text-align: justify;\"><span style=\"color: #000000;\">Socialmente justa, economicamente vi\u00e1vel e ecologicamente correta. Com o trip\u00e9 da sustentabilidade em seu DNA, a <span style=\"color: #0000ff;\">Mostra+Sustent\u00e1vel 2017<\/span>, em sua primeira edi\u00e7\u00e3o, promover\u00e1 a reforma e readequa\u00e7\u00e3o de um dos mais antigos pavilh\u00f5es do Lar dos Velhinhos de Campinas. O espa\u00e7o abrigar\u00e1 os diferentes setores administrativos que hoje est\u00e3o descentralizados. Ao p\u00fablico, a <span style=\"color: #0000ff;\">Mostra+Sustent\u00e1vel<\/span> ser\u00e1 apresentada entre os dias 7 de setembro e 12 de outubro. <em><span style=\"color: #000080;\">\u201cContar com a parceria da ENGIE, uma das maiores empresas de energia do mundo, j\u00e1 em nossa primeira edi\u00e7\u00e3o \u00e9 motivo de grande orgulho e satisfa\u00e7\u00e3o, refor\u00e7ando nossa convic\u00e7\u00e3o de que a<span style=\"color: #0000ff;\"> Mostra + Sustent\u00e1vel<\/span> \u00e9 um instrumento de transforma\u00e7\u00e3o social colaborativo e sustent\u00e1vel que j\u00e1 nasceu forte e veio para ficar\u201d<\/span><\/em>, diz Caparica.<\/span><\/p>\n","protected":false},"excerpt":{"rendered":"<p>Julho, 2017 &#8211; Na pr\u00f3xima quarta-feira (5) ser\u00e1 realizada a instala\u00e7\u00e3o do sistema de energia solar doado pela ENGIE Solar, como parte das interven\u00e7\u00f5es da Mostra+Sustent\u00e1vel no Lar dos Velhinhos de Campinas (LVC). A cerim\u00f4nia de entrega ser\u00e1 \u00e0s 10h, com a presen\u00e7a dos presidentes do LVC, Mauro Calais, e da ENGIE Solar, Rodolfo de [&hellip;]<\/p>\n","protected":false},"author":1,"featured_media":6779,"comment_status":"open","ping_status":"open","sticky":false,"template":"","format":"standard","meta":{"_uag_custom_page_level_css":"","footnotes":""},"categories":[37],"tags":[4312,4315,4362,6293,6732,7889,11190,11470],"class_list":["post-6777","post","type-post","status-publish","format-standard","has-post-thumbnail","hentry","category-sustentabilidade","tag-energia-renovavel","tag-energia-solar","tag-engie-solar","tag-intervencao-no-predio","tag-lar-dos-velhinhos-de-campinas-sp","tag-mostrasustentavel-2017","tag-sistema-de-instalacao-fotovoltaico","tag-sustentabilidade"],"blocksy_meta":[],"spectra_blocks_featured_image_url":[],"spectra_blocks_author_info":{"display_name":"Jornal da Constru\u00e7\u00e3o Civil","avatar_url":"https:\/\/secure.gravatar.com\/avatar\/973c9774fd44ddaceb026973c4962faa70fc512bc4c9da68e8ebb40fecee6540?s=96&d=mm&r=g","author_link":"https:\/\/construcaocivil.siriusmarketingedesign.com.br\/?author=1","description":"Desde de 2013, levando muitas informa\u00e7\u00f5es, lan\u00e7amentos e produtos de qualidade para toda cadeia produtiva da constru\u00e7\u00e3o. O Futuro da constru\u00e7\u00e3o passa por aqui,"},"uagb_featured_image_src":{"full":false,"thumbnail":false,"medium":false,"medium_large":false,"large":false,"1536x1536":false,"2048x2048":false},"uagb_author_info":{"display_name":"Jornal da Constru\u00e7\u00e3o Civil","author_link":"https:\/\/construcaocivil.siriusmarketingedesign.com.br\/?author=1"},"uagb_comment_info":0,"uagb_excerpt":"Julho, 2017 &#8211; Na pr\u00f3xima quarta-feira (5) ser\u00e1 realizada a instala\u00e7\u00e3o do sistema de energia solar doado pela ENGIE Solar, como parte das interven\u00e7\u00f5es da Mostra+Sustent\u00e1vel no Lar dos Velhinhos de Campinas (LVC). A cerim\u00f4nia de entrega ser\u00e1 \u00e0s 10h, com a presen\u00e7a dos presidentes do LVC, Mauro Calais, e da ENGIE Solar, Rodolfo de&hellip;","_links":{"self":[{"href":"https:\/\/construcaocivil.siriusmarketingedesign.com.br\/index.php?rest_route=\/wp\/v2\/posts\/6777","targetHints":{"allow":["GET"]}}],"collection":[{"href":"https:\/\/construcaocivil.siriusmarketingedesign.com.br\/index.php?rest_route=\/wp\/v2\/posts"}],"about":[{"href":"https:\/\/construcaocivil.siriusmarketingedesign.com.br\/index.php?rest_route=\/wp\/v2\/types\/post"}],"author":[{"embeddable":true,"href":"https:\/\/construcaocivil.siriusmarketingedesign.com.br\/index.php?rest_route=\/wp\/v2\/users\/1"}],"replies":[{"embeddable":true,"href":"https:\/\/construcaocivil.siriusmarketingedesign.com.br\/index.php?rest_route=%2Fwp%2Fv2%2Fcomments&post=6777"}],"version-history":[{"count":0,"href":"https:\/\/construcaocivil.siriusmarketingedesign.com.br\/index.php?rest_route=\/wp\/v2\/posts\/6777\/revisions"}],"wp:attachment":[{"href":"https:\/\/construcaocivil.siriusmarketingedesign.com.br\/index.php?rest_route=%2Fwp%2Fv2%2Fmedia&parent=6777"}],"wp:term":[{"taxonomy":"category","embeddable":true,"href":"https:\/\/construcaocivil.siriusmarketingedesign.com.br\/index.php?rest_route=%2Fwp%2Fv2%2Fcategories&post=6777"},{"taxonomy":"post_tag","embeddable":true,"href":"https:\/\/construcaocivil.siriusmarketingedesign.com.br\/index.php?rest_route=%2Fwp%2Fv2%2Ftags&post=6777"}],"curies":[{"name":"wp","href":"https:\/\/api.w.org\/{rel}","templated":true}]}}