{"id":6795,"date":"2017-07-04T16:48:09","date_gmt":"2017-07-04T19:48:09","guid":{"rendered":"http:\/\/www.jornaldaconstrucaocivil.com.br\/?p=6795"},"modified":"2017-07-04T16:48:09","modified_gmt":"2017-07-04T19:48:09","slug":"prefeitura-de-contagem-e-sinduscon-mg-firmam-parceria-para-implantacao-do-programa-alvara-na-hora","status":"publish","type":"post","link":"https:\/\/construcaocivil.siriusmarketingedesign.com.br\/?p=6795","title":{"rendered":"Prefeitura de Contagem e Sinduscon-MG firmam parceria para implanta\u00e7\u00e3o do Programa Alvar\u00e1 Na Hora"},"content":{"rendered":"<p style=\"text-align: justify;\"><span style=\"color: #000000;\">O prefeito de Contagem, Alex de Freitas, e o presidente do Sindicato da Ind\u00fastria da Constru\u00e7\u00e3o Civil no Estado de Minas Gerais (Sinduscon MG), Andre Campos, assinaram um conv\u00eanio para implanta\u00e7\u00e3o do Programa Alvar\u00e1 na Hora na cidade da regi\u00e3o metropolitana.<\/span><\/p>\n<figure id=\"attachment_6796\" aria-describedby=\"caption-attachment-6796\" style=\"width: 329px\" class=\"wp-caption alignleft\"><a href=\"http:\/\/www.jornaldaconstrucaocivil.com.br\/wp-content\/uploads\/2017\/07\/AA-Prefeito-de-Contagem-assina-parceria-Alavr\u00e1-na-Hora.jpg\"><img loading=\"lazy\" decoding=\"async\" class=\"wp-image-6796\" src=\"http:\/\/www.jornaldaconstrucaocivil.com.br\/wp-content\/uploads\/2017\/07\/AA-Prefeito-de-Contagem-assina-parceria-Alavr\u00e1-na-Hora.jpg\" width=\"329\" height=\"274\" \/><\/a><figcaption id=\"caption-attachment-6796\" class=\"wp-caption-text\">Prefeito de Contagem assina parceria Alavr\u00e1 na Hora. Cr\u00e9ditos: Divulga\u00e7\u00e3o<\/figcaption><\/figure>\n<p style=\"text-align: justify;\"><span style=\"color: #000000;\"><span style=\"color: #993300;\">Junho, 2017<\/span> &#8211; Considerado um marco na desburocratiza\u00e7\u00e3o para a constru\u00e7\u00e3o civil de Belo Horizonte, o projeto revolucionou o processo de licenciamento de edifica\u00e7\u00f5es na capital mineira ao reduzir para at\u00e9 sete dias um processo que chegava a demorar mais de seis meses.<\/span><\/p>\n<p style=\"text-align: justify;\"><span style=\"color: #000000;\">O acordo, firmado durante o Fim de Tarde Sinduscon-MG, evento que reuniu cerca de 150 empres\u00e1rios da constru\u00e7\u00e3o civil nesta semana, vai permitir que Contagem tenha um processo de licenciamento de edifica\u00e7\u00f5es on-line. Dessa forma, o projeto arquitet\u00f4nico ser\u00e1 protocolado via internet, permitindo que o prazo para realiza\u00e7\u00e3o de todo o tr\u00e2mite passe de uma m\u00e9dia de seis meses para sete dias, conforme cada caso.<\/span><\/p>\n<p style=\"text-align: justify;\"><span style=\"color: #000000;\">Segundo o prefeito Alex de Freitas, a parceria com o Sinduscon-MG permitir\u00e1 que a cidade de Contagem resgate a confian\u00e7a do setor da constru\u00e7\u00e3o.<span style=\"color: #000080;\"><em> &#8220;O munic\u00edpio tem \u00f3tima localiza\u00e7\u00e3o geogr\u00e1fica e oportunidades nos setores imobili\u00e1rios e industriais que ser\u00e3o otimizados com o programa&#8221;<\/em><\/span>, destaca.<\/span><\/p>\n<p style=\"text-align: justify;\"><span style=\"color: #000000;\"><span style=\"color: #000080;\"><em>&#8220;Estamos dando um passo important\u00edssimo, j\u00e1 que, no passado, Contagem foi considerada uma das piores cidades em aprova\u00e7\u00e3o de projetos, o que fez com que muita gente deixasse de investir no munic\u00edpio devido \u00e0 burocracia. O Alvar\u00e1 na Hora foi idealizado em parceria com o munic\u00edpio de Belo Horizonte e \u00e9 um sucesso. Contagem tamb\u00e9m vai ganhar muito com essa iniciativa&#8221;<\/em><\/span>, afirma o presidente do Sinduscon-MG, Andre Campos.<\/span><\/p>\n<p style=\"text-align: justify;\"><span style=\"color: #000000;\">Al\u00e9m de Contagem, o sindicato tamb\u00e9m assinou um conv\u00eanio para implanta\u00e7\u00e3o do Alvar\u00e1 na Hora em Ribeir\u00e3o das Neves. <em><span style=\"color: #000080;\">&#8220;Realizamos uma palestra para apresentar a plataforma on-line aos funcion\u00e1rios da prefeitura e o programa entrar\u00e1 em pleno funcionamento nos pr\u00f3ximos meses&#8221;<\/span><\/em>, explica Campos.<\/span><\/p>\n<p style=\"text-align: justify;\"><span style=\"color: #000000;\">Em Uberl\u00e2ndia, primeira cidade a aderir no Tri\u00e2ngulo Mineiro, a nova forma de tramita\u00e7\u00e3o dos requerimentos de alvar\u00e1s de constru\u00e7\u00e3o deve entrar em vigor no m\u00eas de setembro. As negocia\u00e7\u00f5es continuam em andamento em Governador Valadares, Nova lima, Juiz de Fora, Uberaba, Montes Claros, Pouso Alegre, Santa Luzia e Lagoa Santa.<\/span><\/p>\n","protected":false},"excerpt":{"rendered":"<p>O prefeito de Contagem, Alex de Freitas, e o presidente do Sindicato da Ind\u00fastria da Constru\u00e7\u00e3o Civil no Estado de Minas Gerais (Sinduscon MG), Andre Campos, assinaram um conv\u00eanio para implanta\u00e7\u00e3o do Programa Alvar\u00e1 na Hora na cidade da regi\u00e3o metropolitana. Junho, 2017 &#8211; Considerado um marco na desburocratiza\u00e7\u00e3o para a constru\u00e7\u00e3o civil de Belo [&hellip;]<\/p>\n","protected":false},"author":1,"featured_media":6796,"comment_status":"open","ping_status":"open","sticky":false,"template":"","format":"standard","meta":{"_uag_custom_page_level_css":"","footnotes":""},"categories":[27],"tags":[2826,3012,3856,6319,6856,9372,9581,11157,12020],"class_list":["post-6795","post","type-post","status-publish","format-standard","has-post-thumbnail","hentry","category-acontece","tag-construcao-civil","tag-contagem-mg","tag-economia","tag-investimentos-e-obras","tag-licenciamento-de-edificacoes-on-line","tag-presidente-do-sinduscon-mg-andre-campos","tag-programa-alvara-na-hora","tag-sinduscon-mg","tag-uberlandia-mg"],"blocksy_meta":[],"spectra_blocks_featured_image_url":[],"spectra_blocks_author_info":{"display_name":"Jornal da Constru\u00e7\u00e3o Civil","avatar_url":"https:\/\/secure.gravatar.com\/avatar\/973c9774fd44ddaceb026973c4962faa70fc512bc4c9da68e8ebb40fecee6540?s=96&d=mm&r=g","author_link":"https:\/\/construcaocivil.siriusmarketingedesign.com.br\/?author=1","description":"Desde de 2013, levando muitas informa\u00e7\u00f5es, lan\u00e7amentos e produtos de qualidade para toda cadeia produtiva da constru\u00e7\u00e3o. O Futuro da constru\u00e7\u00e3o passa por aqui,"},"uagb_featured_image_src":{"full":false,"thumbnail":false,"medium":false,"medium_large":false,"large":false,"1536x1536":false,"2048x2048":false},"uagb_author_info":{"display_name":"Jornal da Constru\u00e7\u00e3o Civil","author_link":"https:\/\/construcaocivil.siriusmarketingedesign.com.br\/?author=1"},"uagb_comment_info":0,"uagb_excerpt":"O prefeito de Contagem, Alex de Freitas, e o presidente do Sindicato da Ind\u00fastria da Constru\u00e7\u00e3o Civil no Estado de Minas Gerais (Sinduscon MG), Andre Campos, assinaram um conv\u00eanio para implanta\u00e7\u00e3o do Programa Alvar\u00e1 na Hora na cidade da regi\u00e3o metropolitana. Junho, 2017 &#8211; Considerado um marco na desburocratiza\u00e7\u00e3o para a constru\u00e7\u00e3o civil de Belo&hellip;","_links":{"self":[{"href":"https:\/\/construcaocivil.siriusmarketingedesign.com.br\/index.php?rest_route=\/wp\/v2\/posts\/6795","targetHints":{"allow":["GET"]}}],"collection":[{"href":"https:\/\/construcaocivil.siriusmarketingedesign.com.br\/index.php?rest_route=\/wp\/v2\/posts"}],"about":[{"href":"https:\/\/construcaocivil.siriusmarketingedesign.com.br\/index.php?rest_route=\/wp\/v2\/types\/post"}],"author":[{"embeddable":true,"href":"https:\/\/construcaocivil.siriusmarketingedesign.com.br\/index.php?rest_route=\/wp\/v2\/users\/1"}],"replies":[{"embeddable":true,"href":"https:\/\/construcaocivil.siriusmarketingedesign.com.br\/index.php?rest_route=%2Fwp%2Fv2%2Fcomments&post=6795"}],"version-history":[{"count":0,"href":"https:\/\/construcaocivil.siriusmarketingedesign.com.br\/index.php?rest_route=\/wp\/v2\/posts\/6795\/revisions"}],"wp:attachment":[{"href":"https:\/\/construcaocivil.siriusmarketingedesign.com.br\/index.php?rest_route=%2Fwp%2Fv2%2Fmedia&parent=6795"}],"wp:term":[{"taxonomy":"category","embeddable":true,"href":"https:\/\/construcaocivil.siriusmarketingedesign.com.br\/index.php?rest_route=%2Fwp%2Fv2%2Fcategories&post=6795"},{"taxonomy":"post_tag","embeddable":true,"href":"https:\/\/construcaocivil.siriusmarketingedesign.com.br\/index.php?rest_route=%2Fwp%2Fv2%2Ftags&post=6795"}],"curies":[{"name":"wp","href":"https:\/\/api.w.org\/{rel}","templated":true}]}}