{"id":6805,"date":"2017-07-05T19:02:08","date_gmt":"2017-07-05T22:02:08","guid":{"rendered":"http:\/\/www.jornaldaconstrucaocivil.com.br\/?p=6805"},"modified":"2017-07-05T19:02:08","modified_gmt":"2017-07-05T22:02:08","slug":"vendas-do-varejo-de-material-de-construcao-se-mantem-estaveis-em-junho","status":"publish","type":"post","link":"https:\/\/construcaocivil.siriusmarketingedesign.com.br\/?p=6805","title":{"rendered":"Vendas do varejo de material de constru\u00e7\u00e3o se mant\u00eam est\u00e1veis em junho"},"content":{"rendered":"<p style=\"text-align: justify;\"><span style=\"color: #000080;\"><em><strong>Desempenho do setor no primeiro semestre ficou 4% acima do mesmo per\u00edodo do ano passado. No acumulado dos \u00faltimos 12 meses, no entanto, setor tem retra\u00e7\u00e3o de 5%<\/strong><\/em><\/span><\/p>\n<p style=\"text-align: justify;\"><span style=\"color: #000000;\"><span style=\"color: #993300;\">Julho, 2017<\/span> &#8211; As vendas no varejo de material de constru\u00e7\u00e3o ficaram est\u00e1veis no m\u00eas de junho com rela\u00e7\u00e3o ao mesmo per\u00edodo do ano passado. J\u00e1 na compara\u00e7\u00e3o com maio, o volume de vendas no m\u00eas foi 2% inferior. Os dados s\u00e3o da Pesquisa Tracking mensal da Anamaco, que entrevistou 530 lojistas entre os dias 26 e 30 de junho.<\/span><\/p>\n<p style=\"text-align: justify;\"><span style=\"color: #000000;\"><em><span style=\"color: #000080;\">&#8220;Com estes resultados, as vendas do primeiro semestre de 2017 apresentam um pequeno crescimento sobre 2016, de 4%. Nos \u00faltimos 12 meses, no entanto, o setor ainda tem retra\u00e7\u00e3o de 5%&#8221;<\/span><\/em>, explica Cl\u00e1udio Conz, presidente da Anamaco.<\/span><\/p>\n<p style=\"text-align: justify;\">\n<figure id=\"attachment_2926\" aria-describedby=\"caption-attachment-2926\" style=\"width: 318px\" class=\"wp-caption alignleft\"><a href=\"http:\/\/www.jornaldaconstrucaocivil.com.br\/wp-content\/uploads\/2016\/08\/MATERIAL-DE-CONSTRUCAO.jpg\"><img loading=\"lazy\" decoding=\"async\" class=\"wp-image-2926\" src=\"http:\/\/www.jornaldaconstrucaocivil.com.br\/wp-content\/uploads\/2016\/08\/MATERIAL-DE-CONSTRUCAO.jpg\" width=\"318\" height=\"238\" \/><\/a><figcaption id=\"caption-attachment-2926\" class=\"wp-caption-text\">Vendas de material de constru\u00e7\u00e3o se mant\u00e9m est\u00e1veis em Junho. Cr\u00e9ditos: JCC<\/figcaption><\/figure>\n<p style=\"text-align: justify;\"><span style=\"color: #000000;\">Segundo o presidente da Anamaco, mesmo que modesta, a rea\u00e7\u00e3o do setor indica que o varejo est\u00e1 se recuperando das quedas sofridas nos \u00faltimos dois anos. <em><span style=\"color: #000080;\">&#8220;2016 e 2015 foram anos muito ruins para o nosso setor, muito afetados pela falta de cr\u00e9dito ao consumidor e pelos problemas econ\u00f4micos que o Brasil vinha enfrentando. Em situa\u00e7\u00f5es como essa, de dois anos seguidos de retra\u00e7\u00e3o depois de mais de 10 anos consecutivos batendo recorde hist\u00f3rico de faturamento, qualquer recupera\u00e7\u00e3o precisa ser muito estudada, mas n\u00e3o podemos deixar de ser otimistas, j\u00e1 que o nosso setor sempre melhora quando h\u00e1 uma maior oferta de cr\u00e9dito&#8221;,<\/span><\/em> explica.<\/span><\/p>\n<p style=\"text-align: justify;\"><span style=\"color: #000000;\">Segundo a Anamaco, o segundo semestre do ano, tradicionalmente, corresponde a 65% das vendas do varejo de material de constru\u00e7\u00e3o e a previs\u00e3o \u00e9 que at\u00e9 o final de 2017 o setor apresente um crescimento de 5% sobre 2016.<\/span><\/p>\n<p style=\"text-align: justify;\"><span style=\"color: #000000;\"><em><span style=\"color: #000080;\">&#8220;Al\u00e9m da libera\u00e7\u00e3o dos recursos das contas inativas do FGTS, o Cart\u00e3o Reforma \u00e9 outra medida que deve impactar positivamente o nosso desempenho, afinal o programa deve atingir o teto de R$ 1 bilh\u00e3o s\u00f3 em 2017. A reforma trabalhista tamb\u00e9m ter\u00e1 forte influ\u00eancia na inten\u00e7\u00e3o de novos investimentos e contrata\u00e7\u00f5es, pois facilitar\u00e1, principalmente com o trabalho intermitente, a contrata\u00e7\u00e3o de pessoas para melhorar o atendimento em hor\u00e1rios de maior movimento nas nossas lojas&#8221;<\/span><\/em>, completa Conz.<\/span><\/p>\n<p style=\"text-align: justify;\"><span style=\"color: #000000;\">De acordo com a pesquisa da Anamaco, quatro regi\u00f5es do pa\u00eds apresentaram retra\u00e7\u00e3o de vendas em junho: Norte e Sul ( -10%) e Sudeste e Centro-Oeste (-6%). J\u00e1 o Nordeste apresentou um resultado 2% superior ao m\u00eas anterior.<\/span><\/p>\n<p style=\"text-align: justify;\"><span style=\"color: #000000;\">Para julho, 61% dos lojistas entrevistados esperam que o volume de vendas cres\u00e7a no m\u00eas. O mercado, por\u00e9m, mostra-se sens\u00edvel \u00e0 instabilidade pol\u00edtica. O pessimismo do setor com rela\u00e7\u00e3o \u00e0s a\u00e7\u00f5es do Governo nos pr\u00f3ximos 12 meses \u00e9 de 43%.<\/span><\/p>\n<p style=\"text-align: justify;\"><span style=\"color: #000000;\">Apesar disso, 13% dos entrevistados pretendem contratar novos funcion\u00e1rios em julho (aumento de 2% com rela\u00e7\u00e3o a maio) e 1\/3 dos lojistas pretendem fazer novos investimentos ainda em 2017.<\/span><\/p>\n<p style=\"text-align: justify;\"><span style=\"color: #000000;\">A Pesquisa Tracking Anamaco tem o apoio da Anfacer, Abrafati e Instituto Crisotila Brasil.<\/span><\/p>\n<p style=\"text-align: justify;\"><span style=\"color: #993300;\">Fonte: Imprensa\/Anamaco<\/span><\/p>\n","protected":false},"excerpt":{"rendered":"<p>Desempenho do setor no primeiro semestre ficou 4% acima do mesmo per\u00edodo do ano passado. No acumulado dos \u00faltimos 12 meses, no entanto, setor tem retra\u00e7\u00e3o de 5% Julho, 2017 &#8211; As vendas no varejo de material de constru\u00e7\u00e3o ficaram est\u00e1veis no m\u00eas de junho com rela\u00e7\u00e3o ao mesmo per\u00edodo do ano passado. J\u00e1 na [&hellip;]<\/p>\n","protected":false},"author":1,"featured_media":2926,"comment_status":"open","ping_status":"open","sticky":false,"template":"","format":"standard","meta":{"_uag_custom_page_level_css":"","footnotes":""},"categories":[33],"tags":[338,705,726,1888,3160,3903,5020,5554,6310,7019,7362,12317,12329],"class_list":["post-6805","post","type-post","status-publish","format-standard","has-post-thumbnail","hentry","category-mercado","tag-abrafati","tag-anamaco","tag-anfacer","tag-cartao-reforma","tag-creditos-para-compra-de-material-de-construcao","tag-economia-travada","tag-fgts","tag-governo-federal","tag-investimentos","tag-lojistas","tag-material-de-construcao","tag-vendas-do-varejo","tag-vendas-no-nivel-lento"],"blocksy_meta":[],"spectra_blocks_featured_image_url":[],"spectra_blocks_author_info":{"display_name":"Jornal da Constru\u00e7\u00e3o Civil","avatar_url":"https:\/\/secure.gravatar.com\/avatar\/973c9774fd44ddaceb026973c4962faa70fc512bc4c9da68e8ebb40fecee6540?s=96&d=mm&r=g","author_link":"https:\/\/construcaocivil.siriusmarketingedesign.com.br\/?author=1","description":"Desde de 2013, levando muitas informa\u00e7\u00f5es, lan\u00e7amentos e produtos de qualidade para toda cadeia produtiva da constru\u00e7\u00e3o. O Futuro da constru\u00e7\u00e3o passa por aqui,"},"uagb_featured_image_src":{"full":false,"thumbnail":false,"medium":false,"medium_large":false,"large":false,"1536x1536":false,"2048x2048":false},"uagb_author_info":{"display_name":"Jornal da Constru\u00e7\u00e3o Civil","author_link":"https:\/\/construcaocivil.siriusmarketingedesign.com.br\/?author=1"},"uagb_comment_info":0,"uagb_excerpt":"Desempenho do setor no primeiro semestre ficou 4% acima do mesmo per\u00edodo do ano passado. No acumulado dos \u00faltimos 12 meses, no entanto, setor tem retra\u00e7\u00e3o de 5% Julho, 2017 &#8211; As vendas no varejo de material de constru\u00e7\u00e3o ficaram est\u00e1veis no m\u00eas de junho com rela\u00e7\u00e3o ao mesmo per\u00edodo do ano passado. J\u00e1 na&hellip;","_links":{"self":[{"href":"https:\/\/construcaocivil.siriusmarketingedesign.com.br\/index.php?rest_route=\/wp\/v2\/posts\/6805","targetHints":{"allow":["GET"]}}],"collection":[{"href":"https:\/\/construcaocivil.siriusmarketingedesign.com.br\/index.php?rest_route=\/wp\/v2\/posts"}],"about":[{"href":"https:\/\/construcaocivil.siriusmarketingedesign.com.br\/index.php?rest_route=\/wp\/v2\/types\/post"}],"author":[{"embeddable":true,"href":"https:\/\/construcaocivil.siriusmarketingedesign.com.br\/index.php?rest_route=\/wp\/v2\/users\/1"}],"replies":[{"embeddable":true,"href":"https:\/\/construcaocivil.siriusmarketingedesign.com.br\/index.php?rest_route=%2Fwp%2Fv2%2Fcomments&post=6805"}],"version-history":[{"count":0,"href":"https:\/\/construcaocivil.siriusmarketingedesign.com.br\/index.php?rest_route=\/wp\/v2\/posts\/6805\/revisions"}],"wp:attachment":[{"href":"https:\/\/construcaocivil.siriusmarketingedesign.com.br\/index.php?rest_route=%2Fwp%2Fv2%2Fmedia&parent=6805"}],"wp:term":[{"taxonomy":"category","embeddable":true,"href":"https:\/\/construcaocivil.siriusmarketingedesign.com.br\/index.php?rest_route=%2Fwp%2Fv2%2Fcategories&post=6805"},{"taxonomy":"post_tag","embeddable":true,"href":"https:\/\/construcaocivil.siriusmarketingedesign.com.br\/index.php?rest_route=%2Fwp%2Fv2%2Ftags&post=6805"}],"curies":[{"name":"wp","href":"https:\/\/api.w.org\/{rel}","templated":true}]}}