{"id":6808,"date":"2017-07-05T19:14:58","date_gmt":"2017-07-05T22:14:58","guid":{"rendered":"http:\/\/www.jornaldaconstrucaocivil.com.br\/?p=6808"},"modified":"2017-07-05T19:14:58","modified_gmt":"2017-07-05T22:14:58","slug":"artigo-papo-com-o-arquiteto","status":"publish","type":"post","link":"https:\/\/construcaocivil.siriusmarketingedesign.com.br\/?p=6808","title":{"rendered":"Artigo: Papo com o arquiteto"},"content":{"rendered":"<p style=\"text-align: justify;\">Por Eloi Bastos<\/p>\n<p style=\"text-align: justify;\"><span style=\"color: #000080;\"><strong><em>Vamos falar sobre arquitetura inclusiva?<\/em><\/strong><\/span><\/p>\n<p style=\"text-align: justify;\"><span style=\"color: #000000;\"><span style=\"color: #993300;\">Julho, 2017<\/span> &#8211; Inclus\u00e3o. Palavra bastante utilizada nos dias de hoje em todos os segmentos da sociedade. E quando falamos de arquitetura, a inclus\u00e3o (ou n\u00e3o) fica ainda mais evidente, uma vez que trabalhamos com a forma concreta (literalmente) da palavra. Mas, para pensar um projeto inclusivo, temos que entender para quem vamos construir.<\/span><\/p>\n<figure id=\"attachment_6809\" aria-describedby=\"caption-attachment-6809\" style=\"width: 341px\" class=\"wp-caption alignleft\"><a href=\"http:\/\/www.jornaldaconstrucaocivil.com.br\/wp-content\/uploads\/2017\/07\/AA-Eloi_Bastos.jpeg\"><img loading=\"lazy\" decoding=\"async\" class=\"wp-image-6809 size-full\" src=\"http:\/\/www.jornaldaconstrucaocivil.com.br\/wp-content\/uploads\/2017\/07\/AA-Eloi_Bastos.jpeg\" width=\"341\" height=\"333\" \/><\/a><figcaption id=\"caption-attachment-6809\" class=\"wp-caption-text\"><span style=\"color: #993300;\"> Eloi Bastos<\/span><\/figcaption><\/figure>\n<p style=\"text-align: justify;\"><span style=\"color: #000000;\">A inclus\u00e3o \u00e9 automaticamente entendida como a facilidade proposta aos deficientes f\u00edsicos e idosos. Mas, tamb\u00e9m temos que pensar nas gestantes, crian\u00e7as, pessoas obesas, enfim, toda pessoa que n\u00e3o atende ao modelo padr\u00e3o. Arquitetura inclusiva \u00e9, ent\u00e3o, a arquitetura que reconhece e respeita a diversidade humana e gera acessibilidade para todos.<\/span><\/p>\n<p style=\"text-align: justify;\"><span style=\"color: #000000;\">Quando nos propomos a fazer um projeto inclusivo, os conceitos <span style=\"color: #0000ff;\">FUN\u00c7\u00c3O<\/span>, <span style=\"color: #0000ff;\">PL\u00c1STICA<\/span> <span style=\"color: #0000ff;\">E T\u00c9CNICA<\/span> devem ser pensados de forma ampliada, com ideias solid\u00e1rias. Colocar-se no lugar do outro, por que n\u00e3o?<\/span><\/p>\n<p style=\"text-align: justify;\"><span style=\"color: #000000;\">Historicamente, a primeira padroniza\u00e7\u00e3o de acessibilidade surgiu nos Estados Unidos em meados dos anos 50. Isso se deu pelo fato de, no p\u00f3s Segunda Guerra Mundial, muitos veteranos mutilados sofriam com as amputa\u00e7\u00f5es e mobilidade reduzida. No Brasil, somente na d\u00e9cada de 80 come\u00e7aram a ocorrer transforma\u00e7\u00f5es no que tange a legisla\u00e7\u00e3o e algumas poucas interven\u00e7\u00f5es espaciais.<\/span><\/p>\n<p style=\"text-align: justify;\"><span style=\"color: #000000;\">Uma norma t\u00e9cnica brasileira muito relevante \u00e9 a NBR 9050\/04 &#8211; Acessibilidade a Edifica\u00e7\u00f5es, Mobili\u00e1rio, Espa\u00e7os e Equipamentos Urbanos e que tem for\u00e7a de lei federal. Nesse documento existem diversos par\u00e2metros obrigat\u00f3rios para que as produ\u00e7\u00f5es arquitet\u00f4nicas respeitem a diversidade.<\/span><\/p>\n<p style=\"text-align: justify;\"><span style=\"color: #000000;\">Mas, reitero, a arquitetura inclusiva \u00e9 uma \u00e1rea que requer mais que t\u00e9cnica e expertise em constru\u00e7\u00e3o. \u00c9 um segmento que demanda sensibiliza\u00e7\u00e3o e aten\u00e7\u00e3o \u00e0s quest\u00f5es sociais. Afinal, atualmente cerca de 15% do total de brasileiros tem alguma defici\u00eancia f\u00edsica e 8,5% s\u00e3o idosos. E temos que avaliar ainda que a popula\u00e7\u00e3o idosa segue uma tend\u00eancia crescente, visto um aumento significativo da expectativa de vida.<\/span><\/p>\n<p style=\"text-align: justify;\"><span style=\"color: #000000;\">Praticar a arquitetura inclusiva \u00e9 trabalhar com consci\u00eancia coletiva. \u00c9 se mostrar um profissional atento \u00e0s tend\u00eancias e \u00e0s necessidades do mundo. \u00c9 colocar-se \u00e0 servi\u00e7o da transforma\u00e7\u00e3o das sociedades.<\/span><\/p>\n<p style=\"text-align: justify;\"><span style=\"color: #000000;\">Que sejamos arquitetos de bem-estar e dias melhores para todos, sem exce\u00e7\u00e3o.<\/span><\/p>\n<p style=\"text-align: justify;\"><span style=\"color: #003366;\">Eloi Bastos &#8211;\u00a0Arquitetura e Marketing Imobili\u00e1rio &#8211;\u00a0<span style=\"color: #0000ff;\">comunicacao@eloibastos.com.br<\/span><\/span><\/p>\n<p>&nbsp;<\/p>\n","protected":false},"excerpt":{"rendered":"<p>Por Eloi Bastos Vamos falar sobre arquitetura inclusiva? Julho, 2017 &#8211; Inclus\u00e3o. Palavra bastante utilizada nos dias de hoje em todos os segmentos da sociedade. E quando falamos de arquitetura, a inclus\u00e3o (ou n\u00e3o) fica ainda mais evidente, uma vez que trabalhamos com a forma concreta (literalmente) da palavra. Mas, para pensar um projeto inclusivo, [&hellip;]<\/p>\n","protected":false},"author":1,"featured_media":0,"comment_status":"open","ping_status":"open","sticky":false,"template":"","format":"standard","meta":{"_uag_custom_page_level_css":"","footnotes":""},"categories":[28],"tags":[372,911,926,2821,3418,3919,4428,4530,7563,7769,8072,11265],"class_list":["post-6808","post","type-post","status-publish","format-standard","hentry","category-arquitetura","tag-acessibilidade","tag-arquitetura","tag-arquitetura-inclusiva","tag-construcao","tag-deficiencia-fisica","tag-edificacoes","tag-equipamentos-urbanos","tag-espacos","tag-mercado-imobiliario","tag-mobiliario","tag-nbr-905004","tag-sociedade"],"blocksy_meta":[],"spectra_blocks_featured_image_url":null,"spectra_blocks_author_info":{"display_name":"Jornal da Constru\u00e7\u00e3o Civil","avatar_url":"https:\/\/secure.gravatar.com\/avatar\/973c9774fd44ddaceb026973c4962faa70fc512bc4c9da68e8ebb40fecee6540?s=96&d=mm&r=g","author_link":"https:\/\/construcaocivil.siriusmarketingedesign.com.br\/?author=1","description":"Desde de 2013, levando muitas informa\u00e7\u00f5es, lan\u00e7amentos e produtos de qualidade para toda cadeia produtiva da constru\u00e7\u00e3o. O Futuro da constru\u00e7\u00e3o passa por aqui,"},"uagb_featured_image_src":{"full":false,"thumbnail":false,"medium":false,"medium_large":false,"large":false,"1536x1536":false,"2048x2048":false},"uagb_author_info":{"display_name":"Jornal da Constru\u00e7\u00e3o Civil","author_link":"https:\/\/construcaocivil.siriusmarketingedesign.com.br\/?author=1"},"uagb_comment_info":0,"uagb_excerpt":"Por Eloi Bastos Vamos falar sobre arquitetura inclusiva? Julho, 2017 &#8211; Inclus\u00e3o. Palavra bastante utilizada nos dias de hoje em todos os segmentos da sociedade. E quando falamos de arquitetura, a inclus\u00e3o (ou n\u00e3o) fica ainda mais evidente, uma vez que trabalhamos com a forma concreta (literalmente) da palavra. Mas, para pensar um projeto inclusivo,&hellip;","_links":{"self":[{"href":"https:\/\/construcaocivil.siriusmarketingedesign.com.br\/index.php?rest_route=\/wp\/v2\/posts\/6808","targetHints":{"allow":["GET"]}}],"collection":[{"href":"https:\/\/construcaocivil.siriusmarketingedesign.com.br\/index.php?rest_route=\/wp\/v2\/posts"}],"about":[{"href":"https:\/\/construcaocivil.siriusmarketingedesign.com.br\/index.php?rest_route=\/wp\/v2\/types\/post"}],"author":[{"embeddable":true,"href":"https:\/\/construcaocivil.siriusmarketingedesign.com.br\/index.php?rest_route=\/wp\/v2\/users\/1"}],"replies":[{"embeddable":true,"href":"https:\/\/construcaocivil.siriusmarketingedesign.com.br\/index.php?rest_route=%2Fwp%2Fv2%2Fcomments&post=6808"}],"version-history":[{"count":0,"href":"https:\/\/construcaocivil.siriusmarketingedesign.com.br\/index.php?rest_route=\/wp\/v2\/posts\/6808\/revisions"}],"wp:attachment":[{"href":"https:\/\/construcaocivil.siriusmarketingedesign.com.br\/index.php?rest_route=%2Fwp%2Fv2%2Fmedia&parent=6808"}],"wp:term":[{"taxonomy":"category","embeddable":true,"href":"https:\/\/construcaocivil.siriusmarketingedesign.com.br\/index.php?rest_route=%2Fwp%2Fv2%2Fcategories&post=6808"},{"taxonomy":"post_tag","embeddable":true,"href":"https:\/\/construcaocivil.siriusmarketingedesign.com.br\/index.php?rest_route=%2Fwp%2Fv2%2Ftags&post=6808"}],"curies":[{"name":"wp","href":"https:\/\/api.w.org\/{rel}","templated":true}]}}