{"id":6821,"date":"2017-07-07T16:57:48","date_gmt":"2017-07-07T19:57:48","guid":{"rendered":"http:\/\/www.jornaldaconstrucaocivil.com.br\/?p=6821"},"modified":"2017-07-07T16:57:48","modified_gmt":"2017-07-07T19:57:48","slug":"blumenau-e-uma-das-31-cidades-do-pais-que-promove-o-dia-nacional-da-construcao-social","status":"publish","type":"post","link":"https:\/\/construcaocivil.siriusmarketingedesign.com.br\/?p=6821","title":{"rendered":"Blumenau \u00e9 uma das 31 cidades do pa\u00eds que promove o Dia Nacional da Constru\u00e7\u00e3o Social"},"content":{"rendered":"<p style=\"text-align: justify;\"><span style=\"color: #000080;\"><em><strong>Evento gratuito \u00e9 voltado para a promo\u00e7\u00e3o da sa\u00fade dos trabalhadores da constru\u00e7\u00e3o civil e familiares\u00a0\u00a0\u00a0\u00a0\u00a0\u00a0\u00a0\u00a0<\/strong><\/em><\/span><\/p>\n<figure id=\"attachment_6822\" aria-describedby=\"caption-attachment-6822\" style=\"width: 308px\" class=\"wp-caption alignleft\"><a href=\"http:\/\/www.jornaldaconstrucaocivil.com.br\/wp-content\/uploads\/2017\/07\/A-Foto_011-2017-Dia-Nacional-da-Constru\u00e7\u00e3o-Social-Foto-Edson-Pelence.jpg\"><img loading=\"lazy\" decoding=\"async\" class=\"wp-image-6822\" src=\"http:\/\/www.jornaldaconstrucaocivil.com.br\/wp-content\/uploads\/2017\/07\/A-Foto_011-2017-Dia-Nacional-da-Constru\u00e7\u00e3o-Social-Foto-Edson-Pelence-1024x683.jpg\" width=\"308\" height=\"205\" \/><\/a><figcaption id=\"caption-attachment-6822\" class=\"wp-caption-text\">Dia Nacional da Constru\u00e7\u00e3o Social &#8211; Foto Edson Pelence<\/figcaption><\/figure>\n<p style=\"text-align: justify;\"><span style=\"color: #000000;\"><span style=\"color: #993300;\">Julho, 2017<\/span> &#8211; Um dia dedicado para a integra\u00e7\u00e3o, valoriza\u00e7\u00e3o e promo\u00e7\u00e3o da sa\u00fade dos trabalhadores da constru\u00e7\u00e3o civil em todo o pa\u00eds. Essa \u00e9 a proposta do\u00a0<span style=\"text-decoration: underline;\"><span style=\"color: #0000ff;\"><b><a style=\"color: #0000ff; text-decoration: underline;\" href=\"http:\/\/www.sindusconbnu.org.br\/\" target=\"_blank\" rel=\"noreferrer\">Dia Nacional da Constru\u00e7\u00e3o Social<\/a><\/b><\/span><\/span>, que este ano ser\u00e1 realizado no dia 19 de agosto (s\u00e1bado) em 31 cidades de todo o Brasil. Em Santa Catarina, al\u00e9m de Blumenau, as cidades de Brusque e Joinville tamb\u00e9m ter\u00e3o atividades gratuitas para os trabalhadores e seus familiares.<\/span><\/p>\n<p style=\"text-align: justify;\"><span style=\"color: #000000;\">Os servi\u00e7os de sa\u00fade e beleza, atividades recreativas, esportivas e sorteios de brindes ser\u00e3o oferecidos das 14h \u00e0s 17h30min, no Complexo Esportivo do Sesi. Haver\u00e1 ainda show de m\u00e1gica, cabine fotogr\u00e1fica, corte de cabelo, limpeza de pele, maquiagem, simula\u00e7\u00e3o de pr\u00e1tica e pilotagem de moto e alimenta\u00e7\u00e3o gratuita.<\/span><\/p>\n<p style=\"text-align: justify;\"><span style=\"color: #000000;\">O evento est\u00e1 em sua 9\u00aa edi\u00e7\u00e3o e nacionalmente \u00e9 organizado pela C\u00e2mara Brasileira da Ind\u00fastria da Constru\u00e7\u00e3o (CBIC). Em Blumenau, \u00e9 promovido pelo <span style=\"text-decoration: underline;\"><span style=\"color: #0000ff; text-decoration: underline;\">\u00a0<b><a style=\"color: #0000ff; text-decoration: underline;\" href=\"http:\/\/www.sindusconbnu.org.br\/\" target=\"_blank\" rel=\"noreferrer\">Sindicato da Ind\u00fastria da Constru\u00e7\u00e3o de Blumenau (Sinduscon)<\/a><\/b><\/span><\/span>, Servi\u00e7o Social da Ind\u00fastria da Constru\u00e7\u00e3o (Seconci) e Sindicato dos Trabalhadores nas Ind\u00fastrias da Constru\u00e7\u00e3o e do Mobili\u00e1rio de Blumenau (Siticom). Para participar, os trabalhadores devem fazer a sua inscri\u00e7\u00e3o at\u00e9 o dia 11 de agosto na empresa que trabalham ou no Siticom, que est\u00e1 localizado na Rua Professor Lu\u00eds Schwartz, 81, no Bairro Velha, em Blumenau. As vagas s\u00e3o limitadas.<\/span><\/p>\n<p style=\"text-align: justify;\">Fonte: Imprensa\/ Sinduscon &#8211; Blumenau<\/p>\n","protected":false},"excerpt":{"rendered":"<p>Evento gratuito \u00e9 voltado para a promo\u00e7\u00e3o da sa\u00fade dos trabalhadores da constru\u00e7\u00e3o civil e familiares\u00a0\u00a0\u00a0\u00a0\u00a0\u00a0\u00a0\u00a0 Julho, 2017 &#8211; Um dia dedicado para a integra\u00e7\u00e3o, valoriza\u00e7\u00e3o e promo\u00e7\u00e3o da sa\u00fade dos trabalhadores da constru\u00e7\u00e3o civil em todo o pa\u00eds. Essa \u00e9 a proposta do\u00a0Dia Nacional da Constru\u00e7\u00e3o Social, que este ano ser\u00e1 realizado no dia [&hellip;]<\/p>\n","protected":false},"author":1,"featured_media":6822,"comment_status":"open","ping_status":"open","sticky":false,"template":"","format":"standard","meta":{"_uag_custom_page_level_css":"","footnotes":""},"categories":[37],"tags":[1072,1458,3624,4551,10928,10950,11130,11148,11383],"class_list":["post-6821","post","type-post","status-publish","format-standard","has-post-thumbnail","hentry","category-sustentabilidade","tag-atividades-recreativas","tag-blumenau-sc","tag-dia-nacional-da-construcao-social","tag-esportivas","tag-servico-social-da-industria-da-construcao-seconci","tag-servicos-de-saude-e-beleza","tag-sindicato-dos-trabalhadores-nas-industrias-da-construcao-e-do-mobiliario-de-blumenau-siticom","tag-sinduscon-blumenau","tag-sorteios-de-brindes"],"blocksy_meta":[],"spectra_blocks_featured_image_url":[],"spectra_blocks_author_info":{"display_name":"Jornal da Constru\u00e7\u00e3o Civil","avatar_url":"https:\/\/secure.gravatar.com\/avatar\/973c9774fd44ddaceb026973c4962faa70fc512bc4c9da68e8ebb40fecee6540?s=96&d=mm&r=g","author_link":"https:\/\/construcaocivil.siriusmarketingedesign.com.br\/?author=1","description":"Desde de 2013, levando muitas informa\u00e7\u00f5es, lan\u00e7amentos e produtos de qualidade para toda cadeia produtiva da constru\u00e7\u00e3o. O Futuro da constru\u00e7\u00e3o passa por aqui,"},"uagb_featured_image_src":{"full":false,"thumbnail":false,"medium":false,"medium_large":false,"large":false,"1536x1536":false,"2048x2048":false},"uagb_author_info":{"display_name":"Jornal da Constru\u00e7\u00e3o Civil","author_link":"https:\/\/construcaocivil.siriusmarketingedesign.com.br\/?author=1"},"uagb_comment_info":0,"uagb_excerpt":"Evento gratuito \u00e9 voltado para a promo\u00e7\u00e3o da sa\u00fade dos trabalhadores da constru\u00e7\u00e3o civil e familiares\u00a0\u00a0\u00a0\u00a0\u00a0\u00a0\u00a0\u00a0 Julho, 2017 &#8211; Um dia dedicado para a integra\u00e7\u00e3o, valoriza\u00e7\u00e3o e promo\u00e7\u00e3o da sa\u00fade dos trabalhadores da constru\u00e7\u00e3o civil em todo o pa\u00eds. Essa \u00e9 a proposta do\u00a0Dia Nacional da Constru\u00e7\u00e3o Social, que este ano ser\u00e1 realizado no dia&hellip;","_links":{"self":[{"href":"https:\/\/construcaocivil.siriusmarketingedesign.com.br\/index.php?rest_route=\/wp\/v2\/posts\/6821","targetHints":{"allow":["GET"]}}],"collection":[{"href":"https:\/\/construcaocivil.siriusmarketingedesign.com.br\/index.php?rest_route=\/wp\/v2\/posts"}],"about":[{"href":"https:\/\/construcaocivil.siriusmarketingedesign.com.br\/index.php?rest_route=\/wp\/v2\/types\/post"}],"author":[{"embeddable":true,"href":"https:\/\/construcaocivil.siriusmarketingedesign.com.br\/index.php?rest_route=\/wp\/v2\/users\/1"}],"replies":[{"embeddable":true,"href":"https:\/\/construcaocivil.siriusmarketingedesign.com.br\/index.php?rest_route=%2Fwp%2Fv2%2Fcomments&post=6821"}],"version-history":[{"count":0,"href":"https:\/\/construcaocivil.siriusmarketingedesign.com.br\/index.php?rest_route=\/wp\/v2\/posts\/6821\/revisions"}],"wp:attachment":[{"href":"https:\/\/construcaocivil.siriusmarketingedesign.com.br\/index.php?rest_route=%2Fwp%2Fv2%2Fmedia&parent=6821"}],"wp:term":[{"taxonomy":"category","embeddable":true,"href":"https:\/\/construcaocivil.siriusmarketingedesign.com.br\/index.php?rest_route=%2Fwp%2Fv2%2Fcategories&post=6821"},{"taxonomy":"post_tag","embeddable":true,"href":"https:\/\/construcaocivil.siriusmarketingedesign.com.br\/index.php?rest_route=%2Fwp%2Fv2%2Ftags&post=6821"}],"curies":[{"name":"wp","href":"https:\/\/api.w.org\/{rel}","templated":true}]}}