{"id":6838,"date":"2017-07-11T15:20:51","date_gmt":"2017-07-11T18:20:51","guid":{"rendered":"http:\/\/www.jornaldaconstrucaocivil.com.br\/?p=6838"},"modified":"2017-07-11T15:20:51","modified_gmt":"2017-07-11T18:20:51","slug":"angola-cables-lanca-pedra-fundamental-do-data-center-em-fortaleza","status":"publish","type":"post","link":"https:\/\/construcaocivil.siriusmarketingedesign.com.br\/?p=6838","title":{"rendered":"Angola Cables lan\u00e7a pedra fundamental do Data Center em Fortaleza"},"content":{"rendered":"<p style=\"text-align: justify;\"><span style=\"color: #000080;\"><strong><em>Com previs\u00e3o de in\u00edcio das opera\u00e7\u00f5es em 2018, na Praia do Futuro, o Data Center ocupar\u00e1 uma \u00e1rea total de 9 mil metros quadrados, quando conclu\u00edda todas as suas fases. O local estar\u00e1 apto a receber e armazenar os conte\u00fados digitais do Nordeste, sendo Fortaleza o centro do ecossistema digital da regi\u00e3o.<\/em><\/strong><\/span><\/p>\n<figure id=\"attachment_6839\" aria-describedby=\"caption-attachment-6839\" style=\"width: 312px\" class=\"wp-caption alignleft\"><a href=\"http:\/\/www.jornaldaconstrucaocivil.com.br\/wp-content\/uploads\/2017\/07\/AA-Instala\u00e7\u00e3o-da-pedra-fundamental-em-Fortaleza-CE.-Cr\u00e9ditos-Roberto-Barbosa.jpg\"><img loading=\"lazy\" decoding=\"async\" class=\"wp-image-6839\" src=\"http:\/\/www.jornaldaconstrucaocivil.com.br\/wp-content\/uploads\/2017\/07\/AA-Instala\u00e7\u00e3o-da-pedra-fundamental-em-Fortaleza-CE.-Cr\u00e9ditos-Roberto-Barbosa-1024x683.jpg\" width=\"312\" height=\"208\" \/><\/a><figcaption id=\"caption-attachment-6839\" class=\"wp-caption-text\">Instala\u00e7\u00e3o da pedra fundamental em Fortaleza (CE). Cr\u00e9ditos Roberto Barbosa<\/figcaption><\/figure>\n<p style=\"text-align: justify;\"><span style=\"color: #000000;\"><span style=\"color: #993300;\">Fortaleza<\/span>, <span style=\"color: #993300;\">11<\/span> <span style=\"color: #993300;\">de<\/span> <span style=\"color: #993300;\">julho<\/span> <span style=\"color: #993300;\">de<\/span> <span style=\"color: #993300;\">2017<\/span> \u2013 Com a presen\u00e7a de autoridades e membros dos governos Estadual e Municipal do Cear\u00e1, al\u00e9m do seu CEO, Ant\u00f3nio Nunes, a Angola Cables lan\u00e7ou a pedra fundamental que marca o in\u00edcio das obras de constru\u00e7\u00e3o do seu Data Center, na Praia do Futuro, em Fortaleza. Os servi\u00e7os preliminares \u00e0 constru\u00e7\u00e3o \u2014 que incluem o in\u00edcio da funda\u00e7\u00e3o, limpeza, drenagem e nivelamento do terreno, terraplanagem, entre outros \u2014 j\u00e1 caminham a pleno vapor. A previs\u00e3o para in\u00edcio de opera\u00e7\u00e3o ser\u00e1 o primeiro trimestre de 2018.<\/span><\/p>\n<p style=\"text-align: justify;\"><span style=\"color: #000000;\">Fruto da parceria entre a Angola Cables e a prefeitura de Fortaleza, o Data Center tem como objetivo, tornar a capital cearense um dos principais polos tecnol\u00f3gicos e de telecomunica\u00e7\u00f5es da Am\u00e9rica Latina, desenvolvendo capacidades para receber conectividade de m\u00faltiplos operadores da regi\u00e3o e internacionais. <\/span><\/p>\n<figure id=\"attachment_6840\" aria-describedby=\"caption-attachment-6840\" style=\"width: 320px\" class=\"wp-caption alignright\"><a href=\"http:\/\/www.jornaldaconstrucaocivil.com.br\/wp-content\/uploads\/2017\/07\/AA-Ilustra\u00e7\u00e3o-Data-Center-Angola-Cables.-Cr\u00e9ditos-Roberto-Barbosa-1.jpg\"><img loading=\"lazy\" decoding=\"async\" class=\"wp-image-6840\" src=\"http:\/\/www.jornaldaconstrucaocivil.com.br\/wp-content\/uploads\/2017\/07\/AA-Ilustra\u00e7\u00e3o-Data-Center-Angola-Cables.-Cr\u00e9ditos-Roberto-Barbosa-1-1024x683.jpg\" width=\"320\" height=\"213\" \/><\/a><figcaption id=\"caption-attachment-6840\" class=\"wp-caption-text\">Ilustra\u00e7\u00e3o Data Center Angola Cables. Cr\u00e9ditos Roberto Barbosa<\/figcaption><\/figure>\n<p style=\"text-align: justify;\"><span style=\"color: #000080;\"><em>\u201cA infraestrutura que estamos criando em Fortaleza servir\u00e1 como base fundamental para o desenvolvimento de uma economia digital, em toda a regi\u00e3o do Nordeste, a partir do estado do Cear\u00e1. Via Fortaleza, o pa\u00eds poder\u00e1 fazer conex\u00f5es internacionais para o mundo todo, o que significa dizer que a capital cearense ser\u00e1 ponto de refer\u00eancia a n\u00edvel de conectividade internacional para o Brasil\u201d, <\/em><span style=\"color: #000000;\">explica<\/span> <span style=\"color: #000000;\">Ant\u00f4nio<\/span> <span style=\"color: #000000;\">Nunes<\/span><em>.<\/em><\/span><\/p>\n<p style=\"text-align: justify;\"><span style=\"color: #000080;\"><em>\u201cTrata-se de um momento hist\u00f3rico para a cidade de Fortaleza e o Estado do Cear\u00e1. Em um momento t\u00e3o dif\u00edcil que o Brasil vive na sua economia, um investimento desse porte representa muito para o nosso Estado e para a capital cearense. S\u00e3o pessoas que acreditam no nosso potencial em fazer de Fortaleza um grande centro de Telecomunica\u00e7\u00f5es e conex\u00f5es da Am\u00e9rica Latina com o mundo. Esse ser\u00e1 um dos maiores Data Centers da Am\u00e9rica Latina j\u00e1 com cabos conectando com Europa, \u00c1frica e Am\u00e9rica do Norte. N\u00e3o tenho d\u00favidas que vai abrir as portas de Fortaleza para o mundo, gerando oportunidades de neg\u00f3cios a partir desta conectividade \u201d,<\/em><\/span><span style=\"color: #000000;\">conta o governador do Cear\u00e1, Camilo Santana (PT).<\/span><\/p>\n<p style=\"text-align: justify;\"><span style=\"color: #000080;\"><em>\u201cO mundo virou uma aldeia global e teremos aqui uma das sedes dessa aldeia. Isso n\u00e3o significa s\u00f3 colocar Fortaleza como um dos centros tecnol\u00f3gicos do mundo. Significa colocar a oportunidade de gera\u00e7\u00e3o de emprego e renda, bem como uma melhor qualidade de vida para o nosso povo\u201d, <\/em><\/span>diz o vice-prefeito de Fortaleza, Moroni Torgan (DEM).<\/p>\n<p style=\"text-align: justify;\">Para mais informa\u00e7\u00f5es: <span style=\"text-decoration: underline;\"><span style=\"color: #0000ff; text-decoration: underline;\"><a style=\"color: #0000ff; text-decoration: underline;\" href=\"http:\/\/www.angolacables.co.ao\/\" target=\"_blank\" rel=\"noreferrer\">www.angolacables.co.ao<\/a><\/span><\/span><\/p>\n<p style=\"text-align: justify;\">\n","protected":false},"excerpt":{"rendered":"<p>Com previs\u00e3o de in\u00edcio das opera\u00e7\u00f5es em 2018, na Praia do Futuro, o Data Center ocupar\u00e1 uma \u00e1rea total de 9 mil metros quadrados, quando conclu\u00edda todas as suas fases. O local estar\u00e1 apto a receber e armazenar os conte\u00fados digitais do Nordeste, sendo Fortaleza o centro do ecossistema digital da regi\u00e3o. Fortaleza, 11 de [&hellip;]<\/p>\n","protected":false},"author":1,"featured_media":6840,"comment_status":"open","ping_status":"open","sticky":false,"template":"","format":"standard","meta":{"_uag_custom_page_level_css":"","footnotes":""},"categories":[27],"tags":[730,1731,2112,3365,3856,5196,5541,6310,6696,7863,8144,9289,11569],"class_list":["post-6838","post","type-post","status-publish","format-standard","has-post-thumbnail","hentry","category-acontece","tag-angola-cables","tag-camilo-santana-governador-do-ceara","tag-centro-de-telecomunicacoes","tag-data-center-fortaleza","tag-economia","tag-fortaleza-capital-da-tecnologia","tag-governo-de-angola","tag-investimentos","tag-lancamento-da-pedra-fundamental-da-construcao-do-data-centers","tag-moroni-torgan-vice-prefeito","tag-nordeste","tag-prefeitura-de-fortaleza","tag-tecnologia"],"blocksy_meta":[],"spectra_blocks_featured_image_url":[],"spectra_blocks_author_info":{"display_name":"Jornal da Constru\u00e7\u00e3o Civil","avatar_url":"https:\/\/secure.gravatar.com\/avatar\/973c9774fd44ddaceb026973c4962faa70fc512bc4c9da68e8ebb40fecee6540?s=96&d=mm&r=g","author_link":"https:\/\/construcaocivil.siriusmarketingedesign.com.br\/?author=1","description":"Desde de 2013, levando muitas informa\u00e7\u00f5es, lan\u00e7amentos e produtos de qualidade para toda cadeia produtiva da constru\u00e7\u00e3o. O Futuro da constru\u00e7\u00e3o passa por aqui,"},"uagb_featured_image_src":{"full":false,"thumbnail":false,"medium":false,"medium_large":false,"large":false,"1536x1536":false,"2048x2048":false},"uagb_author_info":{"display_name":"Jornal da Constru\u00e7\u00e3o Civil","author_link":"https:\/\/construcaocivil.siriusmarketingedesign.com.br\/?author=1"},"uagb_comment_info":0,"uagb_excerpt":"Com previs\u00e3o de in\u00edcio das opera\u00e7\u00f5es em 2018, na Praia do Futuro, o Data Center ocupar\u00e1 uma \u00e1rea total de 9 mil metros quadrados, quando conclu\u00edda todas as suas fases. O local estar\u00e1 apto a receber e armazenar os conte\u00fados digitais do Nordeste, sendo Fortaleza o centro do ecossistema digital da regi\u00e3o. Fortaleza, 11 de&hellip;","_links":{"self":[{"href":"https:\/\/construcaocivil.siriusmarketingedesign.com.br\/index.php?rest_route=\/wp\/v2\/posts\/6838","targetHints":{"allow":["GET"]}}],"collection":[{"href":"https:\/\/construcaocivil.siriusmarketingedesign.com.br\/index.php?rest_route=\/wp\/v2\/posts"}],"about":[{"href":"https:\/\/construcaocivil.siriusmarketingedesign.com.br\/index.php?rest_route=\/wp\/v2\/types\/post"}],"author":[{"embeddable":true,"href":"https:\/\/construcaocivil.siriusmarketingedesign.com.br\/index.php?rest_route=\/wp\/v2\/users\/1"}],"replies":[{"embeddable":true,"href":"https:\/\/construcaocivil.siriusmarketingedesign.com.br\/index.php?rest_route=%2Fwp%2Fv2%2Fcomments&post=6838"}],"version-history":[{"count":0,"href":"https:\/\/construcaocivil.siriusmarketingedesign.com.br\/index.php?rest_route=\/wp\/v2\/posts\/6838\/revisions"}],"wp:attachment":[{"href":"https:\/\/construcaocivil.siriusmarketingedesign.com.br\/index.php?rest_route=%2Fwp%2Fv2%2Fmedia&parent=6838"}],"wp:term":[{"taxonomy":"category","embeddable":true,"href":"https:\/\/construcaocivil.siriusmarketingedesign.com.br\/index.php?rest_route=%2Fwp%2Fv2%2Fcategories&post=6838"},{"taxonomy":"post_tag","embeddable":true,"href":"https:\/\/construcaocivil.siriusmarketingedesign.com.br\/index.php?rest_route=%2Fwp%2Fv2%2Ftags&post=6838"}],"curies":[{"name":"wp","href":"https:\/\/api.w.org\/{rel}","templated":true}]}}