{"id":6847,"date":"2017-07-12T17:05:54","date_gmt":"2017-07-12T20:05:54","guid":{"rendered":"http:\/\/www.jornaldaconstrucaocivil.com.br\/?p=6847"},"modified":"2017-07-12T17:05:54","modified_gmt":"2017-07-12T20:05:54","slug":"granilita-participa-da-feiccad-jundiai-que-acontecera-entre-20-e-23-de-julho","status":"publish","type":"post","link":"https:\/\/construcaocivil.siriusmarketingedesign.com.br\/?p=6847","title":{"rendered":"Granilita participa da Feiccad Jundia\u00ed que acontecer\u00e1 entre 20 e 23 de julho"},"content":{"rendered":"<p><span style=\"color: #000080;\"><em>A empresa que comemorou recentemente 25 anos far\u00e1 sua comemora\u00e7\u00e3o junto aos clientes do interior paulista durante o evento e mostrar\u00e1 a nova identidade visual de seus cat\u00e1logos, site e logomarca<\/em> <\/span><\/p>\n<p style=\"text-align: justify;\"><span style=\"color: #000000;\"><span style=\"color: #993300;\">S\u00e3o Paulo, julho de 2017<\/span><strong> \u2013<\/strong> Com seus <strong>25 anos<\/strong> completados recentemente, a <strong>Granilita Tintas &amp; Revestimentos<\/strong>, especializada na fabrica\u00e7\u00e3o de <strong>texturas especiais<\/strong>, <strong>tintas premium<\/strong> para diversas aplica\u00e7\u00f5es e outros <strong>revestimentos<\/strong> que s\u00e3o caracterizados pela qualidade e alta tecnologia, participar\u00e1 da <strong>14\u00aa Feiccad \u2013 Feira do Im\u00f3vel, Constru\u00e7\u00e3o, Condom\u00ednios, Arquitetura e Decora\u00e7\u00e3o,<\/strong> que acontecer\u00e1 entre os dias 20 e 23 de julho, no Maxi Shopping, em Jundia\u00ed, SP.<\/span><\/p>\n<p style=\"text-align: justify;\"><span style=\"color: #000000;\">E para essa edi\u00e7\u00e3o do evento a empresa montar\u00e1 o seu estande de forma que os visitantes possam contemplar e conhecer os seus mais de 70 produtos que s\u00e3o distribu\u00eddos em oito diferentes linhas: <strong>Ativit\u00e1 Murale<\/strong>, <strong>Novit\u00e1<\/strong>, <strong>Qualit\u00e1<\/strong>, <strong>Ativit\u00e1 Vernice<\/strong>, <strong>Specialit\u00e1<\/strong>, <strong>Ativit\u00e1 Restautro<\/strong>, <strong>Ativit\u00e1 Autostrade<\/strong> e <strong>Ativit\u00e1 Intonaci<\/strong>.<\/span><\/p>\n<p style=\"text-align: justify;\"><span style=\"color: #000000;\">Vale lembrar que a <strong>Granilita Tintas &amp; Revestimentos <\/strong>possui um <strong>selo<\/strong> que atesta que a empresa \u00e9 <strong>Sustent\u00e1vel<\/strong>.<\/span><\/p>\n<p style=\"text-align: justify;\"><span style=\"color: #000000;\">Al\u00e9m disso, a empresa coloca a qualidade de seus produtos e a satisfa\u00e7\u00e3o de seus clientes sempre em primeiro lugar.<\/span><\/p>\n<p style=\"text-align: justify;\"><span style=\"color: #000000;\">Recentemente a empresa realizou o revestimento externo e interno da nova sede administrativa da <strong>Sibelco<\/strong>, multinacional do setor de minera\u00e7\u00e3o, em Jarinu, SP.<\/span><\/p>\n<p style=\"text-align: justify;\"><span style=\"color: #000000;\"><strong>Nova identidade visual<\/strong><\/span><\/p>\n<p style=\"text-align: justify;\"><span style=\"color: #000000;\">Quem visitar o estande da <strong>Granilita Tintas &amp; Revestimentos <\/strong>na <strong>14\u00aa Feiccad <\/strong>tamb\u00e9m poder\u00e1 conferir os novos cat\u00e1logos da empresa.<\/span><\/p>\n<p style=\"text-align: justify;\"><span style=\"color: #000000;\">Foram criados dois novos folders: um para os consumidores e outro mais t\u00e9cnico que \u00e9 destinado \u00e0s construtoras, arquitetos e engenheiros.<\/span><\/p>\n<p style=\"text-align: justify;\"><span style=\"color: #000000;\">O ponto forte dos cat\u00e1logos \u00e9 a uni\u00e3o das informa\u00e7\u00f5es de todas as oito linhas de produtos da empresa.<\/span><\/p>\n<p style=\"text-align: justify;\"><span style=\"color: #000000;\">J\u00e1 o logo foi modernizado com o objetivo de deixar a Loba (s\u00edmbolo da credibilidade da empresa) ainda mais marcante.<\/span><\/p>\n<p><span style=\"color: #000000;\"><strong>Novo site<\/strong><\/span><\/p>\n<p><span style=\"color: #000000;\">Ao completar 25 anos a <strong>Granilita Tintas &amp; Revestimentos <\/strong>tamb\u00e9m reformulou seu site.<\/span><\/p>\n<p><span style=\"color: #000000;\">Com novo projeto gr\u00e1fico, o portal <span style=\"text-decoration: underline;\"><span style=\"color: #0000ff; text-decoration: underline;\"><a style=\"color: #0000ff; text-decoration: underline;\" href=\"http:\/\/www.granilita.com.br\">www.granilita.com.br<\/a><\/span><\/span> ficou mais funcional, ganhou muito mais informa\u00e7\u00f5es e ainda ficou mais moderno e din\u00e2mico.<\/span><\/p>\n<p><span style=\"color: #000000;\">Com a reformula\u00e7\u00e3o tamb\u00e9m ficou mais f\u00e1cil acessar as informa\u00e7\u00f5es t\u00e9cnicas dos produtos da empresa.<\/span><\/p>\n<p style=\"text-align: justify;\"><span style=\"color: #000000;\">Al\u00e9m disso, \u00e9 poss\u00edvel conhecer diversas obras que receberam os produtos da <strong>Granilita<\/strong>.<\/span><\/p>\n<p><span style=\"color: #000000;\">No link <span style=\"text-decoration: underline;\"><span style=\"color: #0000ff; text-decoration: underline;\"><a style=\"color: #0000ff; text-decoration: underline;\" href=\"http:\/\/granilita.com.br\/wp-content\/themes\/tema-granilita\/CatalogoColoriGranilita.pdf\">http:\/\/granilita.com.br\/wp-content\/themes\/tema-granilita\/CatalogoColoriGranilita.pdf<\/a><\/span><\/span> o consumidor pode visualizar 1.840 cores dispon\u00edveis.<\/span><\/p>\n<p><span style=\"color: #000000;\"><strong>Servi\u00e7o:<\/strong><\/span><\/p>\n<p><span style=\"color: #000000;\"><strong>14\u00aa FEICCAD \u2013 Feira do Im\u00f3vel, Constru\u00e7\u00e3o, Condom\u00ednios, Arquitetura e Decora\u00e7\u00e3o<\/strong><\/span><\/p>\n<p><span style=\"color: #000000;\"><strong>Data: <\/strong>20 a 23 de julho de 2017<\/span><\/p>\n<p><span style=\"color: #000000;\"><strong>Hor\u00e1rio:<\/strong> Quinta (20\/07) e Sexta (21\/07) das 15h00 \u00e0s 22h00; S\u00e1bado (22\/07) das 12h00 \u00e0s 22h00; e Domingo (23\/07) das 12h00 \u00e0s 20h00<\/span><\/p>\n<p><span style=\"color: #000000;\"><strong>Endere\u00e7o:<\/strong> Maxi Shopping Jundia\u00ed, Avenida Frederico Ozanan, n\u00ba 6.000, Jundia\u00ed, SP<\/span><\/p>\n<p><span style=\"text-decoration: underline;\"><span style=\"color: #0000ff;\"><strong>www.feiccad.com.br<\/strong><\/span><\/span><\/p>\n","protected":false},"excerpt":{"rendered":"<p>A empresa que comemorou recentemente 25 anos far\u00e1 sua comemora\u00e7\u00e3o junto aos clientes do interior paulista durante o evento e mostrar\u00e1 a nova identidade visual de seus cat\u00e1logos, site e logomarca S\u00e3o Paulo, julho de 2017 \u2013 Com seus 25 anos completados recentemente, a Granilita Tintas &amp; Revestimentos, especializada na fabrica\u00e7\u00e3o de texturas especiais, tintas [&hellip;]<\/p>\n","protected":false},"author":1,"featured_media":0,"comment_status":"open","ping_status":"open","sticky":false,"template":"","format":"standard","meta":{"_uag_custom_page_level_css":"","footnotes":""},"categories":[33],"tags":[93,917,2692,2821,5599,6597,7019,7362,7393,7470,8295,10338,11739],"class_list":["post-6847","post","type-post","status-publish","format-standard","hentry","category-mercado","tag-14a-feiccad-feira-do-imovel","tag-arquitetura-e-decoracao","tag-condominios","tag-construcao","tag-granilita-tintas-revestimentos","tag-jundiai-sp","tag-lojistas","tag-material-de-construcao","tag-maxi-shopping","tag-mercado","tag-novos-produtos","tag-revistimentos-para-parede","tag-texturas-especiais"],"blocksy_meta":[],"spectra_blocks_featured_image_url":null,"spectra_blocks_author_info":{"display_name":"Jornal da Constru\u00e7\u00e3o Civil","avatar_url":"https:\/\/secure.gravatar.com\/avatar\/973c9774fd44ddaceb026973c4962faa70fc512bc4c9da68e8ebb40fecee6540?s=96&d=mm&r=g","author_link":"https:\/\/construcaocivil.siriusmarketingedesign.com.br\/?author=1","description":"Desde de 2013, levando muitas informa\u00e7\u00f5es, lan\u00e7amentos e produtos de qualidade para toda cadeia produtiva da constru\u00e7\u00e3o. O Futuro da constru\u00e7\u00e3o passa por aqui,"},"uagb_featured_image_src":{"full":false,"thumbnail":false,"medium":false,"medium_large":false,"large":false,"1536x1536":false,"2048x2048":false},"uagb_author_info":{"display_name":"Jornal da Constru\u00e7\u00e3o Civil","author_link":"https:\/\/construcaocivil.siriusmarketingedesign.com.br\/?author=1"},"uagb_comment_info":0,"uagb_excerpt":"A empresa que comemorou recentemente 25 anos far\u00e1 sua comemora\u00e7\u00e3o junto aos clientes do interior paulista durante o evento e mostrar\u00e1 a nova identidade visual de seus cat\u00e1logos, site e logomarca S\u00e3o Paulo, julho de 2017 \u2013 Com seus 25 anos completados recentemente, a Granilita Tintas &amp; Revestimentos, especializada na fabrica\u00e7\u00e3o de texturas especiais, tintas&hellip;","_links":{"self":[{"href":"https:\/\/construcaocivil.siriusmarketingedesign.com.br\/index.php?rest_route=\/wp\/v2\/posts\/6847","targetHints":{"allow":["GET"]}}],"collection":[{"href":"https:\/\/construcaocivil.siriusmarketingedesign.com.br\/index.php?rest_route=\/wp\/v2\/posts"}],"about":[{"href":"https:\/\/construcaocivil.siriusmarketingedesign.com.br\/index.php?rest_route=\/wp\/v2\/types\/post"}],"author":[{"embeddable":true,"href":"https:\/\/construcaocivil.siriusmarketingedesign.com.br\/index.php?rest_route=\/wp\/v2\/users\/1"}],"replies":[{"embeddable":true,"href":"https:\/\/construcaocivil.siriusmarketingedesign.com.br\/index.php?rest_route=%2Fwp%2Fv2%2Fcomments&post=6847"}],"version-history":[{"count":0,"href":"https:\/\/construcaocivil.siriusmarketingedesign.com.br\/index.php?rest_route=\/wp\/v2\/posts\/6847\/revisions"}],"wp:attachment":[{"href":"https:\/\/construcaocivil.siriusmarketingedesign.com.br\/index.php?rest_route=%2Fwp%2Fv2%2Fmedia&parent=6847"}],"wp:term":[{"taxonomy":"category","embeddable":true,"href":"https:\/\/construcaocivil.siriusmarketingedesign.com.br\/index.php?rest_route=%2Fwp%2Fv2%2Fcategories&post=6847"},{"taxonomy":"post_tag","embeddable":true,"href":"https:\/\/construcaocivil.siriusmarketingedesign.com.br\/index.php?rest_route=%2Fwp%2Fv2%2Ftags&post=6847"}],"curies":[{"name":"wp","href":"https:\/\/api.w.org\/{rel}","templated":true}]}}