{"id":6866,"date":"2017-07-13T15:59:56","date_gmt":"2017-07-13T18:59:56","guid":{"rendered":"http:\/\/www.jornaldaconstrucaocivil.com.br\/?p=6866"},"modified":"2017-07-13T15:59:56","modified_gmt":"2017-07-13T18:59:56","slug":"novos-pintores-profissionais-chegam-ao-mercado","status":"publish","type":"post","link":"https:\/\/construcaocivil.siriusmarketingedesign.com.br\/?p=6866","title":{"rendered":"Novos pintores profissionais chegam ao mercado"},"content":{"rendered":"<p style=\"text-align: justify;\"><span style=\"color: #000080;\"><em><strong>Abrafati, MRV, Seconci e Suvinil comemoram formatura do curso de pintor profissional<\/strong><\/em><\/span><\/p>\n<p style=\"text-align: justify;\"><span style=\"color: #000000;\"><span style=\"color: #993300;\">Rio, Julho, 2017<\/span> &#8211; A <span style=\"color: #0000ff;\">Associa\u00e7\u00e3o Brasileira dos Fabricantes de Tintas<\/span> em parceria com o <span style=\"color: #0000ff;\">Servi\u00e7o Social da Ind\u00fastria da Constru\u00e7\u00e3o do Rio de Janeiro (Seconci \u2013 Rio)<\/span>, e com a construtora MRV,\u00a0 com o apoio das tintas Suvinil est\u00e1 formando a terceira e quarta turmas do curso de pintor profissional em Pintura Imobili\u00e1ria.\u00a0 A cerim\u00f4nia acontecer\u00e1 na pr\u00f3xima sexta-feira, dia 14 de julho, \u00e0s 10h, no canteiro de obras Reserva Solare (Avenida Lucio Tom\u00e9 Feteira, 312 &#8211; Vila Lage, S\u00e3o Gon\u00e7alo). A atividade faz parte das a\u00e7\u00f5es do projeto Solare Vizinho do Bem, programa de relacionamento entre a MRV e a comunidade local. At\u00e9 o fim do ano, a iniciativa pretende formar cerca de 250 pessoas.<\/span><\/p>\n<figure id=\"attachment_6867\" aria-describedby=\"caption-attachment-6867\" style=\"width: 326px\" class=\"wp-caption alignleft\"><a href=\"http:\/\/www.jornaldaconstrucaocivil.com.br\/wp-content\/uploads\/2017\/07\/A-FOTO-FORMATURA-PINTOR-ABRAFATI.jpg\"><img loading=\"lazy\" decoding=\"async\" class=\"wp-image-6867\" src=\"http:\/\/www.jornaldaconstrucaocivil.com.br\/wp-content\/uploads\/2017\/07\/A-FOTO-FORMATURA-PINTOR-ABRAFATI-1024x684.jpg\" width=\"326\" height=\"218\" \/><\/a><figcaption id=\"caption-attachment-6867\" class=\"wp-caption-text\">Formatura dos novos profissionais &#8211; Pintores &#8211; ABRAFATI. Foto: Divulga\u00e7\u00e3o<\/figcaption><\/figure>\n<p style=\"text-align: justify;\"><span style=\"color: #000000;\">Durante o curso, foram utilizadas casas e constru\u00e7\u00f5es de verdade nas aulas pr\u00e1ticas, entregues \u00e0 comunidade de Vila Lage depois de totalmente repaginadas. A iniciativa n\u00e3o apenas capacitou os alunos para o of\u00edcio, mas valorizou social e economicamente a regi\u00e3o, empoderando e elevando a autoestima de seus moradores. <em><span style=\"color: #000080;\">&#8220;Qualificamos a popula\u00e7\u00e3o e ainda oferecemos um ambiente com mais qualidade de vida e bem-estar&#8221;<\/span><\/em>&#8211;\u00a0 destacou Luiz Eduardo Machado, diretor executivo da MRL Engenharia.<\/span><\/p>\n<p style=\"text-align: justify;\"><span style=\"color: #000000;\">Com carga hor\u00e1ria de 84 horas, com aulas de manh\u00e3 (das 8h \u00e0s 12h)\u00a0 ou \u00e0 tarde (das 13h \u00e0s 17h)\u00a0 s\u00e3o abordados temas como aspectos gerais da profiss\u00e3o, tecnologias de tintas e programas de qualidade, prepara\u00e7\u00e3o de superf\u00edcie e sistemas de pintura (alvenaria, metais e outros), ferramentas de pintura, aplica\u00e7\u00e3o de produto, patologia das superf\u00edcies (como solucionar problemas), mecaniza\u00e7\u00e3o de pinturas, percep\u00e7\u00e3o de cores, or\u00e7amento e planejamento da obra, meio ambiente, sustentabilidades, sa\u00fade e seguran\u00e7a. S\u00e3o duas semanas de teoria e duas semanas de pr\u00e1tica, treinamento de NR 35 (trabalho em altura). As sele\u00e7\u00f5es pra os interessados acontecem todas as ter\u00e7as-feiras, \u00e0s 14h,\u00a0 no atendimento comunit\u00e1rio do Canteiro de obras da MRV.<\/span><\/p>\n<p><span style=\"color: #003300;\"><strong>SERVI\u00c7O:<\/strong><\/span><\/p>\n<p><span style=\"color: #003300;\">Formatura \u2013 Curso de Forma\u00e7\u00e3o Profissional em Pintura Imobili\u00e1ria<\/span><\/p>\n<p><span style=\"color: #003300;\">Data: Dia 14 de julho, sexta-feira<\/span><\/p>\n<p><span style=\"color: #003300;\">Hor\u00e1rio: 10 horas<\/span><\/p>\n<p><span style=\"color: #003300;\">Local: Canteiro de Obras Reserva Solare<\/span><\/p>\n<p><span style=\"color: #003300;\">Av. Lucio Tom\u00e9 Feteira, 312 \u2013 Vila Lage, S\u00e3o Gon\u00e7alo \/ RJ<\/span><\/p>\n<p style=\"text-align: justify;\"><span style=\"color: #993300;\">Fonte: Imprensa\/Senconci-RJ<\/span><\/p>\n","protected":false},"excerpt":{"rendered":"<p>Abrafati, MRV, Seconci e Suvinil comemoram formatura do curso de pintor profissional Rio, Julho, 2017 &#8211; A Associa\u00e7\u00e3o Brasileira dos Fabricantes de Tintas em parceria com o Servi\u00e7o Social da Ind\u00fastria da Constru\u00e7\u00e3o do Rio de Janeiro (Seconci \u2013 Rio), e com a construtora MRV,\u00a0 com o apoio das tintas Suvinil est\u00e1 formando a terceira [&hellip;]<\/p>\n","protected":false},"author":1,"featured_media":6867,"comment_status":"open","ping_status":"open","sticky":false,"template":"","format":"standard","meta":{"_uag_custom_page_level_css":"","footnotes":""},"categories":[27],"tags":[1018,1812,2826,3280,4977,5176,5394,7438,7470,8512,8925,10645,10932,11486],"class_list":["post-6866","post","type-post","status-publish","format-standard","has-post-thumbnail","hentry","category-acontece","tag-associacao-brasileira-dos-fabricantes-de-tintas","tag-canteiro-de-obras-da-mrv","tag-construcao-civil","tag-curso-de-pintores","tag-ferramentas-de-pintura","tag-formacao-de-novos-profissionais","tag-geracao-de-empregos","tag-meio-ambiente","tag-mercado","tag-orcamento-e-planejamento-da-obra","tag-pintura-imobiliaria","tag-sao-goncalo-rj","tag-servico-social-da-industria-da-construcao-do-rio-de-janeiro-seconci-rio","tag-suvinil"],"blocksy_meta":[],"spectra_blocks_featured_image_url":[],"spectra_blocks_author_info":{"display_name":"Jornal da Constru\u00e7\u00e3o Civil","avatar_url":"https:\/\/secure.gravatar.com\/avatar\/973c9774fd44ddaceb026973c4962faa70fc512bc4c9da68e8ebb40fecee6540?s=96&d=mm&r=g","author_link":"https:\/\/construcaocivil.siriusmarketingedesign.com.br\/?author=1","description":"Desde de 2013, levando muitas informa\u00e7\u00f5es, lan\u00e7amentos e produtos de qualidade para toda cadeia produtiva da constru\u00e7\u00e3o. O Futuro da constru\u00e7\u00e3o passa por aqui,"},"uagb_featured_image_src":{"full":false,"thumbnail":false,"medium":false,"medium_large":false,"large":false,"1536x1536":false,"2048x2048":false},"uagb_author_info":{"display_name":"Jornal da Constru\u00e7\u00e3o Civil","author_link":"https:\/\/construcaocivil.siriusmarketingedesign.com.br\/?author=1"},"uagb_comment_info":0,"uagb_excerpt":"Abrafati, MRV, Seconci e Suvinil comemoram formatura do curso de pintor profissional Rio, Julho, 2017 &#8211; A Associa\u00e7\u00e3o Brasileira dos Fabricantes de Tintas em parceria com o Servi\u00e7o Social da Ind\u00fastria da Constru\u00e7\u00e3o do Rio de Janeiro (Seconci \u2013 Rio), e com a construtora MRV,\u00a0 com o apoio das tintas Suvinil est\u00e1 formando a terceira&hellip;","_links":{"self":[{"href":"https:\/\/construcaocivil.siriusmarketingedesign.com.br\/index.php?rest_route=\/wp\/v2\/posts\/6866","targetHints":{"allow":["GET"]}}],"collection":[{"href":"https:\/\/construcaocivil.siriusmarketingedesign.com.br\/index.php?rest_route=\/wp\/v2\/posts"}],"about":[{"href":"https:\/\/construcaocivil.siriusmarketingedesign.com.br\/index.php?rest_route=\/wp\/v2\/types\/post"}],"author":[{"embeddable":true,"href":"https:\/\/construcaocivil.siriusmarketingedesign.com.br\/index.php?rest_route=\/wp\/v2\/users\/1"}],"replies":[{"embeddable":true,"href":"https:\/\/construcaocivil.siriusmarketingedesign.com.br\/index.php?rest_route=%2Fwp%2Fv2%2Fcomments&post=6866"}],"version-history":[{"count":0,"href":"https:\/\/construcaocivil.siriusmarketingedesign.com.br\/index.php?rest_route=\/wp\/v2\/posts\/6866\/revisions"}],"wp:attachment":[{"href":"https:\/\/construcaocivil.siriusmarketingedesign.com.br\/index.php?rest_route=%2Fwp%2Fv2%2Fmedia&parent=6866"}],"wp:term":[{"taxonomy":"category","embeddable":true,"href":"https:\/\/construcaocivil.siriusmarketingedesign.com.br\/index.php?rest_route=%2Fwp%2Fv2%2Fcategories&post=6866"},{"taxonomy":"post_tag","embeddable":true,"href":"https:\/\/construcaocivil.siriusmarketingedesign.com.br\/index.php?rest_route=%2Fwp%2Fv2%2Ftags&post=6866"}],"curies":[{"name":"wp","href":"https:\/\/api.w.org\/{rel}","templated":true}]}}