{"id":6870,"date":"2017-07-13T16:13:37","date_gmt":"2017-07-13T19:13:37","guid":{"rendered":"http:\/\/www.jornaldaconstrucaocivil.com.br\/?p=6870"},"modified":"2017-07-13T16:13:37","modified_gmt":"2017-07-13T19:13:37","slug":"organizacao-internacional-divulga-relatorio-em-que-aponta-que-o-brasil-e-o-pais-mais-perigoso-para-lutar-pela-defesa-por-direitos-e-pelo-meio-ambiente","status":"publish","type":"post","link":"https:\/\/construcaocivil.siriusmarketingedesign.com.br\/?p=6870","title":{"rendered":"Organiza\u00e7\u00e3o internacional divulga relat\u00f3rio em que aponta que o Brasil \u00e9 o pa\u00eds mais perigoso para lutar pela defesa por direitos e pelo meio ambiente"},"content":{"rendered":"<p style=\"text-align: justify;\"><span style=\"color: #000080;\"><strong><em>49 defensoras e defensores assassinados em 2016, segundo dados da ONG internacional Global Witness \u2013<span style=\"color: #800080;\"> \u201cano ap\u00f3s ano, este \u00e9 o pa\u00eds mais perigoso em termos de n\u00fameros\u201d<\/span>, afirma a entidade.<\/em><\/strong><\/span><\/p>\n<p style=\"text-align: justify;\"><span style=\"color: #000000;\"><span style=\"color: #993300;\">Julho, 2017<\/span> &#8211; Segundo eles, a ind\u00fastria madeireira est\u00e1 vinculada a 16 assassinatos, enquanto propriet\u00e1rios de terras s\u00e3o suspeitos de perpetrarem v\u00e1rios assassinatos na Amaz\u00f4nia. <em><span style=\"color: #000080;\">\u201cO governo diminuiu a legisla\u00e7\u00e3o ambiental e debilitou institui\u00e7\u00f5es de direitos humanos\u201d<\/span><\/em>, afirmam. <\/span><\/p>\n<p style=\"text-align: justify;\"><span style=\"color: #000000;\">O Brasil tem sido sistematicamente o pa\u00eds mais funesto para defensoras e defensores do meio ambiente e para os que lutam pela perman\u00eancia na terra e em seus territ\u00f3rios, desde que a Global Witness come\u00e7ou a compilar dados mundiais. Em 2016, um espantoso n\u00famero de 49 pessoas foram assassinadas por protegerem suas terras: 16 delas defendendo as ricas florestas brasileiras dos madeireiros ilegais e um n\u00famero cada vez maior, lutando contra a expans\u00e3o do agroneg\u00f3cio e o seu poderoso lobby dentro do governo.<\/span><\/p>\n<p style=\"text-align: justify;\"><span style=\"color: #000000;\">Para a ONG, apesar do chocante e crescente n\u00famero de assassinatos, o governo brasileiro tem, na verdade, diminu\u00eddo a prote\u00e7\u00e3o a defensoras e defensores ambientais. Quase imediatamente ap\u00f3s assumir o poder, em agosto do ano passado, a administra\u00e7\u00e3o de Michel Temer desmantelou o Minist\u00e9rio dos Direitos Humanos. O Programa Nacional de Prote\u00e7\u00e3o aos Defensores dos Direitos Humanos conta com poucos recursos e \u00e9 ineficaz.<\/span><\/p>\n<p style=\"text-align: justify;\"><span style=\"color: #000000;\">Os assassinatos s\u00e3o emblem\u00e1ticos dos n\u00edveis extremos da viol\u00eancia rural no Brasil. A Comiss\u00e3o Pastoral da Terra (CPT) atribui isso ao avan\u00e7o agressivo, com respaldo estatal, de projetos empresariais &#8211; incluindo agroneg\u00f3cios, mineradoras e empresas de energia &#8211; sobre as terras de comunidades ind\u00edgenas e tradicionais, assim como de pequenos agricultores, os quais t\u00eam organizado uma crescente resist\u00eancia coletiva para enfrentar o problema. De acordo com a CPT, as ra\u00edzes do conflito encontram-se na hist\u00f3ria do colonialismo e da escravid\u00e3o no Brasil, e o fato de o governo nunca ter resolvido os problemas estruturais do setor agr\u00e1rio.<\/span><\/p>\n<p style=\"text-align: justify;\"><span style=\"color: #000000;\"><em><span style=\"color: #000080;\">\u201c\u00c9 por isso que muitas organiza\u00e7\u00f5es sugerem que o conflito s\u00f3 pode ser resolvido atrav\u00e9s da implementa\u00e7\u00e3o da pol\u00edtica de reforma agr\u00e1ria, estabelecida na Constitui\u00e7\u00e3o Brasileira. No entanto, a forte influ\u00eancia da elite rural sobre a pol\u00edtica nacional, a qual se aprofundou com a atual crise pol\u00edtica, tem impedido que isso aconte\u00e7a. Enquanto isso, a viol\u00eancia aumenta\u201d<\/span><\/em>, destaca a Global Witness. A CPT documentou 61 assassinatos devido a conflitos no campo no Brasil em 2016[1], maior n\u00famero dos \u00faltimos 13 anos. Em 2017, a entidade j\u00e1 registrou, at\u00e9 o momento, 46 assassinatos em conflitos no campo.<\/span><\/p>\n<p style=\"text-align: justify;\"><span style=\"color: #000000;\">Para a ONG estrangeira, <em><span style=\"color: #000080;\">\u201cpara deter o curso de assassinatos, o governo brasileiro deve fortalecer o seu apoio a defensoras e defensores do meio ambiente e da terra, especialmente nas \u00e1reas mais remotas do pa\u00eds\u201d<\/span><\/em>. \u00a0<\/span><\/p>\n<p>Estudo de caso Brasil: <a href=\"http:\/\/NHP6.trk.elasticemail.com\/tracking\/click?msgid=jGivCv8VKvF2-UXPNb3Qcw2&amp;target=https%3a%2f%2fwww.globalwitness.org%2fdocuments%2f19127%2fBRASIL_-_Estudo_de_caso_-_Global_Witness.pdf&amp;v=5xdX23RKpKsFbikfvfFHWw2&amp;lc=885468879944646754\" target=\"_blank\" rel=\"noreferrer\">https:\/\/www.globalwitness.org\/documents\/19127\/BRASIL_-_Estudo_de_caso_-_Global_Witness.pdf<\/a><\/p>\n<p style=\"text-align: justify;\"><span style=\"text-decoration: underline;\"><span style=\"color: #0000ff; text-decoration: underline;\">https:\/\/www.globalwitness.org\/en\/press-releases\/pior-ano-da-hist%C3%B3ria-para-ativistas-do-meio-ambiente-e-da-terra-pelo-menos-200-assassinados-em-2016-enquanto-crise-se-espalha-ao-redor-do-mundo\/<\/span><\/span><\/p>\n<p style=\"text-align: justify;\"><strong><span style=\"color: #000000;\">Relat\u00f3rio Completo:<\/span><\/strong><\/p>\n<p style=\"text-align: justify;\"><span style=\"color: #000000;\">Ingl\u00eas:<\/span><span style=\"text-decoration: underline;\"><span style=\"color: #0000ff; text-decoration: underline;\"> <a style=\"color: #0000ff; text-decoration: underline;\" href=\"http:\/\/NHP6.trk.elasticemail.com\/tracking\/click?msgid=jGivCv8VKvF2-UXPNb3Qcw2&amp;target=https%3a%2f%2fwww.globalwitness.org%2fdefenders2016&amp;v=_yprvOeVan20EOHpRNLp3A2&amp;lc=885468885187526758\" target=\"_blank\" rel=\"noreferrer\">https:\/\/www.globalwitness.org\/defenders2016<\/a><\/span><\/span><\/p>\n<p style=\"text-align: justify;\"><span style=\"color: #000000;\"> Espanhol:<\/span> <span style=\"text-decoration: underline;\"><span style=\"color: #0000ff;\"><a style=\"color: #0000ff; text-decoration: underline;\" href=\"http:\/\/NHP6.trk.elasticemail.com\/tracking\/click?msgid=jGivCv8VKvF2-UXPNb3Qcw2&amp;target=https%3a%2f%2fwww.globalwitness.org%2fdefensores2016&amp;v=cbPeksoifXk6vHZKk4d-hQ2&amp;lc=885468887414702090\" target=\"_blank\" rel=\"noreferrer\">https:\/\/www.globalwitness.org\/defensores2016<\/a><\/span><\/span><\/p>\n<p style=\"text-align: justify;\">Fonte: Imprensa\/CPT<\/p>\n","protected":false},"excerpt":{"rendered":"<p>49 defensoras e defensores assassinados em 2016, segundo dados da ONG internacional Global Witness \u2013 \u201cano ap\u00f3s ano, este \u00e9 o pa\u00eds mais perigoso em termos de n\u00fameros\u201d, afirma a entidade. Julho, 2017 &#8211; Segundo eles, a ind\u00fastria madeireira est\u00e1 vinculada a 16 assassinatos, enquanto propriet\u00e1rios de terras s\u00e3o suspeitos de perpetrarem v\u00e1rios assassinatos na [&hellip;]<\/p>\n","protected":false},"author":1,"featured_media":0,"comment_status":"open","ping_status":"open","sticky":false,"template":"","format":"standard","meta":{"_uag_custom_page_level_css":"","footnotes":""},"categories":[37],"tags":[1551,2499,3194,3726,4483,4885,5571,8436,10980,11721],"class_list":["post-6870","post","type-post","status-publish","format-standard","hentry","category-sustentabilidade","tag-brasil-pais-perigoso-para-trabalho-com-meio-ambiente","tag-comissao-pastoral-da-terra","tag-crimes","tag-disputa-por-terra","tag-escravidao-no-brasil","tag-fazendeiros","tag-governo-temer-cpt","tag-ong-global-witness","tag-setor-agrario","tag-terras-de-comunidades-indigenas-e-tradicionais"],"blocksy_meta":[],"spectra_blocks_featured_image_url":null,"spectra_blocks_author_info":{"display_name":"Jornal da Constru\u00e7\u00e3o Civil","avatar_url":"https:\/\/secure.gravatar.com\/avatar\/973c9774fd44ddaceb026973c4962faa70fc512bc4c9da68e8ebb40fecee6540?s=96&d=mm&r=g","author_link":"https:\/\/construcaocivil.siriusmarketingedesign.com.br\/?author=1","description":"Desde de 2013, levando muitas informa\u00e7\u00f5es, lan\u00e7amentos e produtos de qualidade para toda cadeia produtiva da constru\u00e7\u00e3o. O Futuro da constru\u00e7\u00e3o passa por aqui,"},"uagb_featured_image_src":{"full":false,"thumbnail":false,"medium":false,"medium_large":false,"large":false,"1536x1536":false,"2048x2048":false},"uagb_author_info":{"display_name":"Jornal da Constru\u00e7\u00e3o Civil","author_link":"https:\/\/construcaocivil.siriusmarketingedesign.com.br\/?author=1"},"uagb_comment_info":0,"uagb_excerpt":"49 defensoras e defensores assassinados em 2016, segundo dados da ONG internacional Global Witness \u2013 \u201cano ap\u00f3s ano, este \u00e9 o pa\u00eds mais perigoso em termos de n\u00fameros\u201d, afirma a entidade. Julho, 2017 &#8211; Segundo eles, a ind\u00fastria madeireira est\u00e1 vinculada a 16 assassinatos, enquanto propriet\u00e1rios de terras s\u00e3o suspeitos de perpetrarem v\u00e1rios assassinatos na&hellip;","_links":{"self":[{"href":"https:\/\/construcaocivil.siriusmarketingedesign.com.br\/index.php?rest_route=\/wp\/v2\/posts\/6870","targetHints":{"allow":["GET"]}}],"collection":[{"href":"https:\/\/construcaocivil.siriusmarketingedesign.com.br\/index.php?rest_route=\/wp\/v2\/posts"}],"about":[{"href":"https:\/\/construcaocivil.siriusmarketingedesign.com.br\/index.php?rest_route=\/wp\/v2\/types\/post"}],"author":[{"embeddable":true,"href":"https:\/\/construcaocivil.siriusmarketingedesign.com.br\/index.php?rest_route=\/wp\/v2\/users\/1"}],"replies":[{"embeddable":true,"href":"https:\/\/construcaocivil.siriusmarketingedesign.com.br\/index.php?rest_route=%2Fwp%2Fv2%2Fcomments&post=6870"}],"version-history":[{"count":0,"href":"https:\/\/construcaocivil.siriusmarketingedesign.com.br\/index.php?rest_route=\/wp\/v2\/posts\/6870\/revisions"}],"wp:attachment":[{"href":"https:\/\/construcaocivil.siriusmarketingedesign.com.br\/index.php?rest_route=%2Fwp%2Fv2%2Fmedia&parent=6870"}],"wp:term":[{"taxonomy":"category","embeddable":true,"href":"https:\/\/construcaocivil.siriusmarketingedesign.com.br\/index.php?rest_route=%2Fwp%2Fv2%2Fcategories&post=6870"},{"taxonomy":"post_tag","embeddable":true,"href":"https:\/\/construcaocivil.siriusmarketingedesign.com.br\/index.php?rest_route=%2Fwp%2Fv2%2Ftags&post=6870"}],"curies":[{"name":"wp","href":"https:\/\/api.w.org\/{rel}","templated":true}]}}