{"id":6905,"date":"2017-07-19T11:47:02","date_gmt":"2017-07-19T14:47:02","guid":{"rendered":"http:\/\/www.jornaldaconstrucaocivil.com.br\/?p=6905"},"modified":"2017-07-19T11:47:02","modified_gmt":"2017-07-19T14:47:02","slug":"lampadas-de-led-sem-certificacao-do-inmetro-deixarao-de-circular-no-brasil","status":"publish","type":"post","link":"https:\/\/construcaocivil.siriusmarketingedesign.com.br\/?p=6905","title":{"rendered":"L\u00e2mpadas de LED sem certifica\u00e7\u00e3o do Inmetro deixar\u00e3o de circular no Brasil"},"content":{"rendered":"<p style=\"text-align: justify;\"><span style=\"color: #000080;\"><em><strong>Medida passou a valer para empresas de m\u00e9dio e grande porte na segunda-feira (17) e PMEs ter\u00e3o at\u00e9 janeiro para se adequarem. Regulamenta\u00e7\u00e3o deve trazer mais qualidade ao setor e seguran\u00e7a para o consumidor final, aponta Renan Medeiros, diretor comercial da Blumenau Ilumina\u00e7\u00e3o<\/strong><\/em><\/span><\/p>\n<p style=\"text-align: justify;\"><span style=\"color: #000000;\"><span style=\"color: #993300;\">Julho, 2017<\/span> &#8211; Componente cada vez mais comum no mercado de ilumina\u00e7\u00e3o, o LED conquista consumidores no pa\u00eds. S\u00f3 em 2016 foram mais de 81 milh\u00f5es de l\u00e2mpadas comercializadas no Brasil com esta tecnologia, 30% a mais que no ano anterior, segundo a Associa\u00e7\u00e3o Brasileira da Ind\u00fastria de Ilumina\u00e7\u00e3o (Abilux). E a populariza\u00e7\u00e3o tamb\u00e9m trouxe uma mudan\u00e7a para o mercado. A partir desta segunda-feira (17) est\u00e1 proibida a comercializa\u00e7\u00e3o por m\u00e9dias e grandes empresas de produtos sem certifica\u00e7\u00e3o do Inmetro. Para as PMEs, o prazo para adequa\u00e7\u00e3o encerra em janeiro de 2018.<\/span><\/p>\n<p style=\"text-align: justify;\">\n<figure id=\"attachment_6907\" aria-describedby=\"caption-attachment-6907\" style=\"width: 281px\" class=\"wp-caption alignleft\"><a href=\"http:\/\/www.jornaldaconstrucaocivil.com.br\/wp-content\/uploads\/2017\/07\/A-Blumenau-150623-lampadaLED3000.jpg\"><img loading=\"lazy\" decoding=\"async\" class=\"wp-image-6907 size-full\" src=\"http:\/\/www.jornaldaconstrucaocivil.com.br\/wp-content\/uploads\/2017\/07\/A-Blumenau-150623-lampadaLED3000.jpg\" alt=\"lampadaLED3000\" width=\"281\" height=\"388\" \/><\/a><figcaption id=\"caption-attachment-6907\" class=\"wp-caption-text\">L\u00e2mpadas de LED dever\u00e3o contar com certifica\u00e7\u00e3o do Inmetro. Divulga\u00e7\u00e3o<\/figcaption><\/figure>\n<p style=\"text-align: justify;\"><span style=\"color: #000000;\">Renan Medeiros, diretor comercial da Blumenau Ilumina\u00e7\u00e3o, comenta que a decis\u00e3o \u00e9 essencial para elevar a qualidade de mercado e garantir que o consumidor final tenha \u00e0 disposi\u00e7\u00e3o l\u00e2mpadas seguras e eficazes. <span style=\"color: #000080;\"><em>&#8220;Atualmente os produtos de LED comercializados no pa\u00eds s\u00e3o, essencialmente, importados. A medida do Inmetro vai apoiar na busca pela oferta de produtos que sejam de qualidade e trazer para o segmento um controle mais eficaz em rela\u00e7\u00e3o as pe\u00e7as&#8221;<\/em><\/span>, avalia.<\/span><\/p>\n<p style=\"text-align: justify;\"><span style=\"color: #000000;\">Com laborat\u00f3rio pr\u00f3prio, a Blumenau Ilumina\u00e7\u00e3o testa internamente os modelos e tamb\u00e9m j\u00e1 conta com certifica\u00e7\u00e3o das l\u00e2mpadas de LED do seu mix. Al\u00e9m do selo da entidade, que \u00e9 impresso nas embalagens, o consumidor tamb\u00e9m deve ficar atento a outras quest\u00f5es em rela\u00e7\u00e3o a qualidade do produto na hora de realizar a compra.<\/span><\/p>\n<p style=\"text-align: justify;\"><span style=\"color: #000000;\"><span style=\"color: #000080;\"><em>&#8220;Deve-se atentar ao fluxo luminoso, que \u00e9 a quantidade de luz que a l\u00e2mpada emite, pois este item \u00e9 um dos fatores mais importantes na escolha da l\u00e2mpada hoje em dia. As op\u00e7\u00f5es de LED trabalham com uma pot\u00eancia muito menor que as incandescentes e tamb\u00e9m as fluorescentes, conseguindo um \u00f3timo desempenho. Esse item \u00e9 observado no campo Equival\u00eancia e o Inmetro solicita que a empresa deixe clara a compara\u00e7\u00e3o entre os diferentes componentes&#8221;<\/em><\/span>, explica o gestor da Blumenau.<span style=\"color: #000080;\"><em> &#8220;Para facilitar, existe a Efici\u00eancia Luminosa, em que se divide o fluxo luminoso pela sua pot\u00eancia. Este valor fica destacado no selo de certifica\u00e7\u00e3o do Inmetro. Para garantir que fa\u00e7a uma boa compra, o consumidor deve observar tamb\u00e9m a temperatura de cor da l\u00e2mpada desejada, porque isso n\u00e3o tem rela\u00e7\u00e3o com quantidade de luz emitida.&#8221;<\/em><\/span>, conclui Renan.<\/span><\/p>\n<p style=\"text-align: justify;\"><span style=\"color: #000000;\">Entre as quest\u00f5es que s\u00e3o analisadas pelo Inmetro na hora da certifica\u00e7\u00e3o das l\u00e2mpadas de LED est\u00e3o a an\u00e1lise do fluxo e efici\u00eancia luminosa, o fator da pot\u00eancia, a temperatura de cor e a vida \u00fatil do produto.<\/span><\/p>\n<p>&nbsp;<\/p>\n","protected":false},"excerpt":{"rendered":"<p>Medida passou a valer para empresas de m\u00e9dio e grande porte na segunda-feira (17) e PMEs ter\u00e3o at\u00e9 janeiro para se adequarem. Regulamenta\u00e7\u00e3o deve trazer mais qualidade ao setor e seguran\u00e7a para o consumidor final, aponta Renan Medeiros, diretor comercial da Blumenau Ilumina\u00e7\u00e3o Julho, 2017 &#8211; Componente cada vez mais comum no mercado de ilumina\u00e7\u00e3o, [&hellip;]<\/p>\n","protected":false},"author":1,"featured_media":6907,"comment_status":"open","ping_status":"open","sticky":false,"template":"","format":"standard","meta":{"_uag_custom_page_level_css":"","footnotes":""},"categories":[33],"tags":[979,1459,1963,2157,6128,7503,9036,9265,9837],"class_list":["post-6905","post","type-post","status-publish","format-standard","has-post-thumbnail","hentry","category-mercado","tag-associacao-brasileira-da-industria-de-iluminacao-abilux","tag-blumenau-iluminacao","tag-casas","tag-certificacao-das-lampadas-de-led","tag-inmetro","tag-mercado-de-iluminacao","tag-pmes","tag-predios-residenciais","tag-qualidade-das-lampadas-de-led"],"blocksy_meta":[],"spectra_blocks_featured_image_url":[],"spectra_blocks_author_info":{"display_name":"Jornal da Constru\u00e7\u00e3o Civil","avatar_url":"https:\/\/secure.gravatar.com\/avatar\/973c9774fd44ddaceb026973c4962faa70fc512bc4c9da68e8ebb40fecee6540?s=96&d=mm&r=g","author_link":"https:\/\/construcaocivil.siriusmarketingedesign.com.br\/?author=1","description":"Desde de 2013, levando muitas informa\u00e7\u00f5es, lan\u00e7amentos e produtos de qualidade para toda cadeia produtiva da constru\u00e7\u00e3o. O Futuro da constru\u00e7\u00e3o passa por aqui,"},"uagb_featured_image_src":{"full":false,"thumbnail":false,"medium":false,"medium_large":false,"large":false,"1536x1536":false,"2048x2048":false},"uagb_author_info":{"display_name":"Jornal da Constru\u00e7\u00e3o Civil","author_link":"https:\/\/construcaocivil.siriusmarketingedesign.com.br\/?author=1"},"uagb_comment_info":0,"uagb_excerpt":"Medida passou a valer para empresas de m\u00e9dio e grande porte na segunda-feira (17) e PMEs ter\u00e3o at\u00e9 janeiro para se adequarem. Regulamenta\u00e7\u00e3o deve trazer mais qualidade ao setor e seguran\u00e7a para o consumidor final, aponta Renan Medeiros, diretor comercial da Blumenau Ilumina\u00e7\u00e3o Julho, 2017 &#8211; Componente cada vez mais comum no mercado de ilumina\u00e7\u00e3o,&hellip;","_links":{"self":[{"href":"https:\/\/construcaocivil.siriusmarketingedesign.com.br\/index.php?rest_route=\/wp\/v2\/posts\/6905","targetHints":{"allow":["GET"]}}],"collection":[{"href":"https:\/\/construcaocivil.siriusmarketingedesign.com.br\/index.php?rest_route=\/wp\/v2\/posts"}],"about":[{"href":"https:\/\/construcaocivil.siriusmarketingedesign.com.br\/index.php?rest_route=\/wp\/v2\/types\/post"}],"author":[{"embeddable":true,"href":"https:\/\/construcaocivil.siriusmarketingedesign.com.br\/index.php?rest_route=\/wp\/v2\/users\/1"}],"replies":[{"embeddable":true,"href":"https:\/\/construcaocivil.siriusmarketingedesign.com.br\/index.php?rest_route=%2Fwp%2Fv2%2Fcomments&post=6905"}],"version-history":[{"count":0,"href":"https:\/\/construcaocivil.siriusmarketingedesign.com.br\/index.php?rest_route=\/wp\/v2\/posts\/6905\/revisions"}],"wp:attachment":[{"href":"https:\/\/construcaocivil.siriusmarketingedesign.com.br\/index.php?rest_route=%2Fwp%2Fv2%2Fmedia&parent=6905"}],"wp:term":[{"taxonomy":"category","embeddable":true,"href":"https:\/\/construcaocivil.siriusmarketingedesign.com.br\/index.php?rest_route=%2Fwp%2Fv2%2Fcategories&post=6905"},{"taxonomy":"post_tag","embeddable":true,"href":"https:\/\/construcaocivil.siriusmarketingedesign.com.br\/index.php?rest_route=%2Fwp%2Fv2%2Ftags&post=6905"}],"curies":[{"name":"wp","href":"https:\/\/api.w.org\/{rel}","templated":true}]}}