{"id":6909,"date":"2017-07-19T12:03:37","date_gmt":"2017-07-19T15:03:37","guid":{"rendered":"http:\/\/www.jornaldaconstrucaocivil.com.br\/?p=6909"},"modified":"2017-07-19T12:03:37","modified_gmt":"2017-07-19T15:03:37","slug":"brasil-anestesiado-segue-calvario-para-sair-da-crise","status":"publish","type":"post","link":"https:\/\/construcaocivil.siriusmarketingedesign.com.br\/?p=6909","title":{"rendered":"Brasil: anestesiado pa\u00eds segue calv\u00e1rio para sair da crise"},"content":{"rendered":"<p style=\"text-align: justify;\"><em>Por Severian Rocha\u00a0<\/em><\/p>\n<p style=\"text-align: justify;\"><span style=\"color: #333399;\"><em><strong>Desemprego recorde, Crise Pol\u00edtica, Condena\u00e7\u00e3o de Lula, cassa\u00e7\u00e3o de Temer, fal\u00eancia da educa\u00e7\u00e3o, empres\u00e1rios corruptos, reforma trabalhista e da previd\u00eancia sem di\u00e1logo com a popula\u00e7\u00e3o, sa\u00fade um caos, Judici\u00e1rio desmoralizado, epidemia da viol\u00eancia e crise financeira d\u00e3o a cara do Brasil atual.<\/strong><\/em><\/span><\/p>\n<p style=\"text-align: justify;\"><a href=\"http:\/\/www.jornaldaconstrucaocivil.com.br\/wp-content\/uploads\/2017\/07\/BRASIL-ATRASADO.jpg\"><img loading=\"lazy\" decoding=\"async\" class=\"wp-image-6910 alignleft\" src=\"http:\/\/www.jornaldaconstrucaocivil.com.br\/wp-content\/uploads\/2017\/07\/BRASIL-ATRASADO-1024x618.jpg\" alt=\"BRASIL ATRASADO\" width=\"388\" height=\"234\" \/><\/a><\/p>\n<p style=\"text-align: justify;\"><span style=\"color: #000000;\"><span style=\"color: #0000ff;\">Julho, 2017<\/span> &#8211; Nos \u00faltimos 05 anos, o pa\u00eds atravessa uma enxurrada de crises. S\u00e3o crises de todas as formas e caracter\u00edsticas. Ningu\u00e9m imaginava que um pa\u00eds que produziu uma Copa do Mundo, no ano de 2014, e um ano depois, os Jogos Ol\u00edmpicos \u2013 Rio 2016 -, fosse amargar uma generalizada derrocada na economia nacional. Os hot\u00e9is, no Rio de Janeiro, as moscas, s\u00e3o um sinal deste cen\u00e1rio. E olha que no ano de 2010, o pa\u00eds, teve um PIB, de quase 7%. Pelo tamanho do nosso territ\u00f3rio, era muita riqueza e abund\u00e2ncia de investimentos por todos os cantos do pa\u00eds. Entretanto, num passe de m\u00e1gica, tudo mudou, ou melhor, a casa caiu. O crescimento era baseado apenas no consumo desenfreado. \u00a0<\/span><\/p>\n<p style=\"text-align: justify;\"><span style=\"color: #000000;\">Sem Dilma &#8211; impeachemada , hoje, j\u00e1 se v\u00e3o mais de ano da posse do presidente Michel Temer e a chamada retomada do crescimento n\u00e3o vem. Nunca houve. A inseguran\u00e7a do mercado financeiro com o presidente \u00e9 tamanha, que seu governo \u00e9 o mais impopular da hist\u00f3ria do pa\u00eds. Temer e seus fi\u00e9is escudeiros, Moreira Franco e Eliseu Padilha, nos \u00faltimos dias deixaram de lado o governo e trataram de cuidar da sua pr\u00f3pria pele. Quem o diga, os deputados da base aliada que receberam milh\u00f5es de verbas parlamentares. O presidente da c\u00e2mara Rodrigo Maia, passou a ser figura central, para assumir a presid\u00eancia da rep\u00fablica. Essa nem A\u00e9cio Neves esperava.\u00a0\u00a0<\/span><\/p>\n<figure id=\"attachment_6932\" aria-describedby=\"caption-attachment-6932\" style=\"width: 371px\" class=\"wp-caption alignright\"><a href=\"http:\/\/www.jornaldaconstrucaocivil.com.br\/wp-content\/uploads\/2017\/07\/AA-II-BBB-BRASIL-1.jpg\"><img loading=\"lazy\" decoding=\"async\" class=\"wp-image-6932\" src=\"http:\/\/www.jornaldaconstrucaocivil.com.br\/wp-content\/uploads\/2017\/07\/AA-II-BBB-BRASIL-1.jpg\" alt=\"AA II BBB BRASIL\" width=\"371\" height=\"253\" \/><\/a><figcaption id=\"caption-attachment-6932\" class=\"wp-caption-text\">Banco do Brasil j\u00e1 fechou mais de 500 ag\u00eancias banc\u00e1rias pelo pa\u00eds. Cr\u00e9ditos: JCC<\/figcaption><\/figure>\n<p style=\"text-align: justify;\"><span style=\"color: #000000;\">No setor privado, tamb\u00e9m n\u00e3o temos muito que comemorar muitos grupos empresariais e l\u00edderes empresariais nacionais, cresceram na base da corrup\u00e7\u00e3o, da arrog\u00e2ncia e da imperatividade, sem no\u00e7\u00e3o nenhuma de gest\u00e3o e compet\u00eancia. Entre muitos desses l\u00edderes corporativos brasileiros, sair nas capas das grandes revistas e jornais eram suas a\u00e7\u00f5es prediletas. Inovar, criar e desenvolver que \u00e9 bom nada. Pior de tudo, esses l\u00edderes, viraram \u00eddolos de escolas de neg\u00f3cios, f\u00f3rum empresariais, universidades e escolas. O resultado, muitos param na pris\u00e3o por falcatruas, suas empresas est\u00e3o sendo devoradas. <span style=\"color: #ff0000;\">Ser\u00e1 que esses empres\u00e1rios formaram novos l\u00edderes?<\/span><\/span><\/p>\n<p style=\"text-align: justify;\"><span style=\"color: #000000;\">Na esfera p\u00fablica, o setor judici\u00e1rio, nunca antes contestado, mostra sua cara. Uma cara, igual aos mandat\u00e1rios do pa\u00eds, em linhas gerais, um judici\u00e1rio p\u00edfio, bajulador do poder econ\u00f4mico privado e pol\u00edtico, incapaz de dialogar com a sociedade que paga seus sal\u00e1rios. Funciona numa combina\u00e7\u00e3o de faz de conta que \u00e9 feito justi\u00e7a igualmente para todos os brasileiros, ricos e pobres, negros e brancos, \u00edndios e mesti\u00e7os.\u00a0\u00a0 \u00a0\u00a0\u00a0<\/span><\/p>\n<p style=\"text-align: justify;\"><span style=\"color: #000000;\">Para sair desse lama\u00e7al terr\u00edvel acredita-se que somente uma constru\u00e7\u00e3o de um pacto verdadeiro entre sociedade civil, empres\u00e1rios, agentes p\u00fablicos, pol\u00edticos entre outros dar\u00e1 uma base real de mudan\u00e7a para o futuro do pa\u00eds. Caso contr\u00e1rio, a agonia continuar\u00e1 perturbando todos que aqui vivem s\u00e3o na verdade quererem fazer desse pa\u00eds um boom de oportunidades nas \u00e1reas econ\u00f4micas e sociais para os 260 milh\u00f5es de brasileiros. \u00a0\u00a0<\/span><\/p>\n<p style=\"text-align: justify;\">Severian Rocha \u00e9 Jornalista<\/p>\n","protected":false},"excerpt":{"rendered":"<p>Por Severian Rocha\u00a0 Desemprego recorde, Crise Pol\u00edtica, Condena\u00e7\u00e3o de Lula, cassa\u00e7\u00e3o de Temer, fal\u00eancia da educa\u00e7\u00e3o, empres\u00e1rios corruptos, reforma trabalhista e da previd\u00eancia sem di\u00e1logo com a popula\u00e7\u00e3o, sa\u00fade um caos, Judici\u00e1rio desmoralizado, epidemia da viol\u00eancia e crise financeira d\u00e3o a cara do Brasil atual. Julho, 2017 &#8211; Nos \u00faltimos 05 anos, o pa\u00eds atravessa [&hellip;]<\/p>\n","protected":false},"author":1,"featured_media":6932,"comment_status":"open","ping_status":"open","sticky":false,"template":"","format":"standard","meta":{"_uag_custom_page_level_css":"","footnotes":""},"categories":[27],"tags":[1254,3217,3221,3503,4469,5554,6365,7448,7470,7575,8460,8894,10061],"class_list":["post-6909","post","type-post","status-publish","format-standard","has-post-thumbnail","hentry","category-acontece","tag-banco-do-brasil-fecha-500-agencias-bancarias","tag-crise-politica","tag-crises-nos-estados","tag-desemprego-alto","tag-escola-de-negocios","tag-governo-federal","tag-investimentos-parados","tag-melhora-da-economia-so-em-2018","tag-mercado","tag-mercado-inseguro-com-os-rumos-do-pais","tag-operacao-lava-jato","tag-pib-fraco-em-2017","tag-reforma-trabalhista-e-da-previdencia"],"blocksy_meta":[],"spectra_blocks_featured_image_url":[],"spectra_blocks_author_info":{"display_name":"Jornal da Constru\u00e7\u00e3o Civil","avatar_url":"https:\/\/secure.gravatar.com\/avatar\/973c9774fd44ddaceb026973c4962faa70fc512bc4c9da68e8ebb40fecee6540?s=96&d=mm&r=g","author_link":"https:\/\/construcaocivil.siriusmarketingedesign.com.br\/?author=1","description":"Desde de 2013, levando muitas informa\u00e7\u00f5es, lan\u00e7amentos e produtos de qualidade para toda cadeia produtiva da constru\u00e7\u00e3o. O Futuro da constru\u00e7\u00e3o passa por aqui,"},"uagb_featured_image_src":{"full":false,"thumbnail":false,"medium":false,"medium_large":false,"large":false,"1536x1536":false,"2048x2048":false},"uagb_author_info":{"display_name":"Jornal da Constru\u00e7\u00e3o Civil","author_link":"https:\/\/construcaocivil.siriusmarketingedesign.com.br\/?author=1"},"uagb_comment_info":0,"uagb_excerpt":"Por Severian Rocha\u00a0 Desemprego recorde, Crise Pol\u00edtica, Condena\u00e7\u00e3o de Lula, cassa\u00e7\u00e3o de Temer, fal\u00eancia da educa\u00e7\u00e3o, empres\u00e1rios corruptos, reforma trabalhista e da previd\u00eancia sem di\u00e1logo com a popula\u00e7\u00e3o, sa\u00fade um caos, Judici\u00e1rio desmoralizado, epidemia da viol\u00eancia e crise financeira d\u00e3o a cara do Brasil atual. Julho, 2017 &#8211; Nos \u00faltimos 05 anos, o pa\u00eds atravessa&hellip;","_links":{"self":[{"href":"https:\/\/construcaocivil.siriusmarketingedesign.com.br\/index.php?rest_route=\/wp\/v2\/posts\/6909","targetHints":{"allow":["GET"]}}],"collection":[{"href":"https:\/\/construcaocivil.siriusmarketingedesign.com.br\/index.php?rest_route=\/wp\/v2\/posts"}],"about":[{"href":"https:\/\/construcaocivil.siriusmarketingedesign.com.br\/index.php?rest_route=\/wp\/v2\/types\/post"}],"author":[{"embeddable":true,"href":"https:\/\/construcaocivil.siriusmarketingedesign.com.br\/index.php?rest_route=\/wp\/v2\/users\/1"}],"replies":[{"embeddable":true,"href":"https:\/\/construcaocivil.siriusmarketingedesign.com.br\/index.php?rest_route=%2Fwp%2Fv2%2Fcomments&post=6909"}],"version-history":[{"count":0,"href":"https:\/\/construcaocivil.siriusmarketingedesign.com.br\/index.php?rest_route=\/wp\/v2\/posts\/6909\/revisions"}],"wp:attachment":[{"href":"https:\/\/construcaocivil.siriusmarketingedesign.com.br\/index.php?rest_route=%2Fwp%2Fv2%2Fmedia&parent=6909"}],"wp:term":[{"taxonomy":"category","embeddable":true,"href":"https:\/\/construcaocivil.siriusmarketingedesign.com.br\/index.php?rest_route=%2Fwp%2Fv2%2Fcategories&post=6909"},{"taxonomy":"post_tag","embeddable":true,"href":"https:\/\/construcaocivil.siriusmarketingedesign.com.br\/index.php?rest_route=%2Fwp%2Fv2%2Ftags&post=6909"}],"curies":[{"name":"wp","href":"https:\/\/api.w.org\/{rel}","templated":true}]}}