{"id":6926,"date":"2017-07-20T14:06:20","date_gmt":"2017-07-20T17:06:20","guid":{"rendered":"http:\/\/www.jornaldaconstrucaocivil.com.br\/?p=6926"},"modified":"2017-07-20T14:06:20","modified_gmt":"2017-07-20T17:06:20","slug":"livro-como-ser-um-lider-inclusivo-apoia-empresas-e-profissionais-que-buscam-valorizar-a-diversidade","status":"publish","type":"post","link":"https:\/\/construcaocivil.siriusmarketingedesign.com.br\/?p=6926","title":{"rendered":"Livro \u201cComo ser um l\u00edder inclusivo\u201d apoia empresas e profissionais que buscam valorizar a diversidade"},"content":{"rendered":"<p style=\"text-align: justify;\"><em><strong><span style=\"color: #000080;\">A obra, da escritora Liliane Rocha, especialista em diversidade e sustentabilidade, j\u00e1 est\u00e1 dispon\u00edvel para venda no site da Livraria Asabe\u00e7a, do grupo Scortecci<\/span><\/strong><\/em><\/p>\n<p style=\"text-align: justify;\"><span style=\"color: #000000;\"><span style=\"color: #993300;\">Julho, 2017<\/span> &#8211; Num momento em que cada vez mais o mundo fala sobre a valoriza\u00e7\u00e3o das diferen\u00e7as, igualdade de g\u00eaneros, racial, LGBT, garantia de direitos de p\u00fablicos diversos, etc, \u00e9 emergencial pensar at\u00e9 onde, ou at\u00e9 quando, as pessoas e as empresas realmente t\u00eam considerado a quest\u00e3o da valoriza\u00e7\u00e3o da diversidade como importantes para a evolu\u00e7\u00e3o da humanidade e dos neg\u00f3cios.<\/span><\/p>\n<p style=\"text-align: justify;\"><a href=\"http:\/\/www.jornaldaconstrucaocivil.com.br\/wp-content\/uploads\/2017\/07\/LIvro-II.png\"><img loading=\"lazy\" decoding=\"async\" class=\"size-full wp-image-6928 alignleft\" src=\"http:\/\/www.jornaldaconstrucaocivil.com.br\/wp-content\/uploads\/2017\/07\/LIvro-II.png\" alt=\"LIvro II\" width=\"375\" height=\"600\" \/><\/a><\/p>\n<p style=\"text-align: justify;\"><span style=\"color: #000000;\">E com o objetivo de lan\u00e7ar luz sobre essas quest\u00f5es e dar dicas sobre o importante papel dos l\u00edderes na amplia\u00e7\u00e3o n\u00e3o s\u00f3 do debate, mas principalmente para a tomada de decis\u00f5es com foco em a\u00e7\u00f5es eficientes que incluam esses p\u00fablicos, seja nos quadros funcionais ou no dia a dia de cada ser humano, a especialista no tema Liliane Rocha, que \u00e9 CEO da Gest\u00e3o Kair\u00f3s \u2013 consultoria especializada em Sustentabilidade e Diversidade decidiu relatar seus 13 anos de viv\u00eancia em grandes empresas lan\u00e7ando o livro<span style=\"color: #993300;\"> \u201cComo ser um l\u00edder inclusivo\u201d<\/span>.<\/span><\/p>\n<p style=\"text-align: justify;\"><span style=\"color: #000000;\">A obra tem como p\u00fablico-alvo l\u00edderes de qualquer \u00e1rea.<span style=\"color: #000080;\"><em> \u201cQuando eu comecei a idealizar o livro, queria impactar todas as pessoas, n\u00e3o apenas os l\u00edderes empresariais. Quero que minhas dicas e relatos alcancem todas as pessoas que, de alguma forma, ou em algum momento da vida exerce um papel de lideran\u00e7a. O livro pode ser lido por uma m\u00e3e de fam\u00edlia, um pai, l\u00edderes comunit\u00e1rios, professores, gestores de empresas, ou seja, a sua mensagem pretende atingir todo mundo\u201d<\/em><\/span>.<\/span><\/p>\n<p style=\"text-align: justify;\"><span style=\"color: #000000;\">S\u00e3o cerca de 80 p\u00e1ginas de uma leitura leve e objetiva que traz relatos, viv\u00eancias e at\u00e9 dicas de como as pessoas devem pensar a valoriza\u00e7\u00e3o da diversidade nas suas vidas, nas pequenas a\u00e7\u00f5es e que buscam contribuir para que o mundo seja um lugar mais inclusivo, finalmente.<span style=\"color: #000080;\"><em> \u201cEm algumas p\u00e1ginas eu conto epis\u00f3dios de preconceito que j\u00e1 sofri por ser negra. O que pretendo \u00e9 exemplificar e fortalecer aquelas pessoas que j\u00e1 passaram por isso e que buscam ter seus direitos garantidos\u201d<\/em><\/span>.<\/span><\/p>\n<p style=\"text-align: justify;\"><span style=\"color: #000000;\">Um dos cap\u00edtulos (Diversitywhashing) fala sobre como as empresas t\u00eam se <span style=\"color: #993300;\">\u201capoiado\u201d<\/span> no tema diversidade para lan\u00e7ar produtos, campanhas publicit\u00e1rias e atingir os p\u00fablicos de alguns segmentos, mas que fazem essas a\u00e7\u00f5es sem antes adotar uma pol\u00edtica de inclus\u00e3o de diversos dentro da pr\u00f3pria organiza\u00e7\u00e3o. <em><span style=\"color: #000080;\">\u201cCriei um nome para este tipo de iniciativa o<span style=\"color: #993300;\"> \u2018Diversitywashing\u2019<\/span>, tenho visto muito disso por a\u00ed, ou seja, empresas que se aproveitam do tema para obter lucro, mas que da porta para dentro n\u00e3o t\u00eam um programa s\u00f3lido de gest\u00e3o para Diversidade, o que \u00e9 uma pena, pois a valoriza\u00e7\u00e3o da diversidade n\u00e3o se trata de uma moda que vai passar e quem n\u00e3o estiver ciente disso ficar\u00e1 atrasado em rela\u00e7\u00e3o ao resto do mundo\u201d<\/span><\/em>.<\/span><\/p>\n<p style=\"text-align: justify;\"><span style=\"color: #000000;\"><strong>O livro est\u00e1 sendo vendido por R$ 35,00 no site: <\/strong><\/span><span style=\"text-decoration: underline;\"><span style=\"color: #0000ff; text-decoration: underline;\"><a style=\"color: #0000ff; text-decoration: underline;\" href=\"https:\/\/goo.gl\/GViJ98\" target=\"_blank\" rel=\"noreferrer\"><strong>https:\/\/goo.gl\/GViJ98<\/strong><\/a><\/span><\/span><\/p>\n","protected":false},"excerpt":{"rendered":"<p>A obra, da escritora Liliane Rocha, especialista em diversidade e sustentabilidade, j\u00e1 est\u00e1 dispon\u00edvel para venda no site da Livraria Asabe\u00e7a, do grupo Scortecci Julho, 2017 &#8211; Num momento em que cada vez mais o mundo fala sobre a valoriza\u00e7\u00e3o das diferen\u00e7as, igualdade de g\u00eaneros, racial, LGBT, garantia de direitos de p\u00fablicos diversos, etc, \u00e9 [&hellip;]<\/p>\n","protected":false},"author":1,"featured_media":6928,"comment_status":"open","ping_status":"open","sticky":false,"template":"","format":"standard","meta":{"_uag_custom_page_level_css":"","footnotes":""},"categories":[27],"tags":[3749,3755,4195,6882,6952,9071,11265,12250],"class_list":["post-6926","post","type-post","status-publish","format-standard","has-post-thumbnail","hentry","category-acontece","tag-diversidade-nas-empresas","tag-diversitywhashing","tag-empresas","tag-liliane-rocha-ceo-gestao-kairos","tag-livro-como-ser-um-lider-inclusivo","tag-politicas-publicas","tag-sociedade","tag-venda"],"blocksy_meta":[],"spectra_blocks_featured_image_url":[],"spectra_blocks_author_info":{"display_name":"Jornal da Constru\u00e7\u00e3o Civil","avatar_url":"https:\/\/secure.gravatar.com\/avatar\/973c9774fd44ddaceb026973c4962faa70fc512bc4c9da68e8ebb40fecee6540?s=96&d=mm&r=g","author_link":"https:\/\/construcaocivil.siriusmarketingedesign.com.br\/?author=1","description":"Desde de 2013, levando muitas informa\u00e7\u00f5es, lan\u00e7amentos e produtos de qualidade para toda cadeia produtiva da constru\u00e7\u00e3o. O Futuro da constru\u00e7\u00e3o passa por aqui,"},"uagb_featured_image_src":{"full":false,"thumbnail":false,"medium":false,"medium_large":false,"large":false,"1536x1536":false,"2048x2048":false},"uagb_author_info":{"display_name":"Jornal da Constru\u00e7\u00e3o Civil","author_link":"https:\/\/construcaocivil.siriusmarketingedesign.com.br\/?author=1"},"uagb_comment_info":0,"uagb_excerpt":"A obra, da escritora Liliane Rocha, especialista em diversidade e sustentabilidade, j\u00e1 est\u00e1 dispon\u00edvel para venda no site da Livraria Asabe\u00e7a, do grupo Scortecci Julho, 2017 &#8211; Num momento em que cada vez mais o mundo fala sobre a valoriza\u00e7\u00e3o das diferen\u00e7as, igualdade de g\u00eaneros, racial, LGBT, garantia de direitos de p\u00fablicos diversos, etc, \u00e9&hellip;","_links":{"self":[{"href":"https:\/\/construcaocivil.siriusmarketingedesign.com.br\/index.php?rest_route=\/wp\/v2\/posts\/6926","targetHints":{"allow":["GET"]}}],"collection":[{"href":"https:\/\/construcaocivil.siriusmarketingedesign.com.br\/index.php?rest_route=\/wp\/v2\/posts"}],"about":[{"href":"https:\/\/construcaocivil.siriusmarketingedesign.com.br\/index.php?rest_route=\/wp\/v2\/types\/post"}],"author":[{"embeddable":true,"href":"https:\/\/construcaocivil.siriusmarketingedesign.com.br\/index.php?rest_route=\/wp\/v2\/users\/1"}],"replies":[{"embeddable":true,"href":"https:\/\/construcaocivil.siriusmarketingedesign.com.br\/index.php?rest_route=%2Fwp%2Fv2%2Fcomments&post=6926"}],"version-history":[{"count":0,"href":"https:\/\/construcaocivil.siriusmarketingedesign.com.br\/index.php?rest_route=\/wp\/v2\/posts\/6926\/revisions"}],"wp:attachment":[{"href":"https:\/\/construcaocivil.siriusmarketingedesign.com.br\/index.php?rest_route=%2Fwp%2Fv2%2Fmedia&parent=6926"}],"wp:term":[{"taxonomy":"category","embeddable":true,"href":"https:\/\/construcaocivil.siriusmarketingedesign.com.br\/index.php?rest_route=%2Fwp%2Fv2%2Fcategories&post=6926"},{"taxonomy":"post_tag","embeddable":true,"href":"https:\/\/construcaocivil.siriusmarketingedesign.com.br\/index.php?rest_route=%2Fwp%2Fv2%2Ftags&post=6926"}],"curies":[{"name":"wp","href":"https:\/\/api.w.org\/{rel}","templated":true}]}}