{"id":6945,"date":"2017-07-25T15:04:50","date_gmt":"2017-07-25T18:04:50","guid":{"rendered":"http:\/\/www.jornaldaconstrucaocivil.com.br\/?p=6945"},"modified":"2017-07-25T15:04:50","modified_gmt":"2017-07-25T18:04:50","slug":"real-gabinete-portugues-comemora-180-anos-e-finaliza-obras-de-restauro","status":"publish","type":"post","link":"https:\/\/construcaocivil.siriusmarketingedesign.com.br\/?p=6945","title":{"rendered":"Real Gabinete Portugu\u00eas comemora 180 anos e finaliza obras de restauro"},"content":{"rendered":"<p style=\"text-align: justify;\"><span style=\"color: #000080;\"><em><strong>Al\u00e9m de restauro do patrim\u00f4nio arquitet\u00f4nico, pr\u00e9dio anexo foi reformado para abrigar acervo bibliogr\u00e1fico atual e novas publica\u00e7\u00f5es<\/strong><\/em><\/span><\/p>\n<p style=\"text-align: justify;\"><span style=\"color: #000000;\"><span style=\"color: #993300;\">Rio, Julho, 2017<\/span> &#8211; Em harmonia com as cores da vida urbana, cravado no Centro do Rio, est\u00e1 o Real Gabinete Portugu\u00eas de Leitura. Considerada uma das bibliotecas mais expoentes do pa\u00eds, al\u00e9m de uma das mais antigas da Am\u00e9rica Latina, a suntuosidade arquitet\u00f4nica do local j\u00e1 conferiu ao espa\u00e7o, em 2014, o quarto lugar na lista das vinte bibliotecas mais lindas do mundo, de acordo com a revista norte-americana Time. Agora, o pr\u00e9dio na Rua Lu\u00eds de Cam\u00f5es, que abriga o maior acervo de obras lusitanas fora de Portugal, teve, em maio, reforma finalizada, com o restauro arquitet\u00f4nico e amplia\u00e7\u00e3o do espa\u00e7o para armazenamento de livros.<\/span><\/p>\n<p style=\"text-align: justify;\"><span style=\"color: #000000;\">A maior reforma ap\u00f3s sua constru\u00e7\u00e3o durou dois anos. O motivo do longo per\u00edodo est\u00e1 longe de ser um ou outro empecilho. Foi, na verdade, considera\u00e7\u00e3o \u00e0s exig\u00eancias para n\u00e3o danificar o patrim\u00f4nio arquitet\u00f4nico (o pr\u00e9dio \u00e9 tombado pelo Instituto Estadual do Patrim\u00f4nio Cultural &#8211; Inepac) e bibliogr\u00e1fico, e, tamb\u00e9m, \u00e0 obrigatoriedade de manter as portas da institui\u00e7\u00e3o abertas para receber \u2013 com seguran\u00e7a \u2013 continuamente o p\u00fablico. \u00c9 o que explica Adriana Crespo, da Foco Arquitetos Associados, arquiteta respons\u00e1vel e administrante da equipe realizadora do projeto, que contou, ainda, com o trabalho da Decato, \u00e0 frente do campo de obras, e da empresa Astorga, respons\u00e1vel pelo projeto das coberturas do Real Gabinete:<\/span><\/p>\n<p style=\"text-align: justify;\"><span style=\"color: #000000;\">&#8211; Todo o processo foi bastante seguro e abrangente, dividido em algumas etapas. Na primeira, nosso objetivo foi resolver os problemas cr\u00f4nicos de infiltra\u00e7\u00e3o das \u00e1guas pluviais em todas as coberturas do pr\u00e9dio. J\u00e1 na segunda, por meio de estudos detalhados, cuidamos da restaura\u00e7\u00e3o dos bel\u00edssimos vitrais e vidros originais importados, al\u00e9m de algumas pinturas art\u00edsticas, pinturas nas paredes superiores e grupos escult\u00f3ricos. Passou tamb\u00e9m pelo restauro a fachada original, em estilo arquitet\u00f4nico neomanuelino, comum em Portugal nos s\u00e9culos XV e XVI, e houve a moderniza\u00e7\u00e3o da ilumina\u00e7\u00e3o, refor\u00e7o de tetos e paredes das salas de trabalho, halls e audit\u00f3rio.<\/span><\/p>\n<p style=\"text-align: justify;\"><strong><span style=\"color: #000000;\">Pr\u00e9dio Anexo<\/span><\/strong><\/p>\n<p style=\"text-align: justify;\"><span style=\"color: #000000;\">Junto com o restauro arquitet\u00f4nico, foram feitas obras no pr\u00e9dio anexo, adquirido recentemente para receber parte do acervo da institui\u00e7\u00e3o (ao todo, o Real Gabinete possui cerca de 350 mil obras) e dos livros que, periodicamente, v\u00eam de Portugal, j\u00e1 que uma lei portuguesa determina que as editoras enviem ao Real Gabinete livros editados por l\u00e1. O novo espa\u00e7o conta com dois pavimentos e um mezanino, em mais de mil m\u00b2. \u201cFoi constru\u00edda uma passagem interna para interligar os dois pr\u00e9dios. O Real Gabinete \u00e9 um \u00edcone da cidade do Rio de Janeiro, e o cuidado e manuten\u00e7\u00e3o tomados com este pr\u00e9dio hist\u00f3rico devem ser levados como exemplo por todos os gestores de patrim\u00f4nio no Brasil\u201d, detalha Adriana Crespo.<\/span><\/p>\n<p style=\"text-align: justify;\"><span style=\"color: #000000;\">Para o presidente do Real Gabinete Portugu\u00eas de Leitura, Francisco Gomes da Costa, a reforma \u00e9, al\u00e9m de uma obriga\u00e7\u00e3o com o patrim\u00f4nio hist\u00f3rico e bibliogr\u00e1fico da cidade, um incremento importante ao turismo do Rio de Janeiro:<\/span><\/p>\n<p style=\"text-align: justify;\"><span style=\"color: #000000;\">&#8211; O Real Gabinete \u00e9 um presente da comunidade portuguesa e, por isso, deve ser preservado e cuidado com muito carinho, mantendo vivo o esp\u00edrito lusitano na cidade. \u00c9 uma joia arquitet\u00f4nica no cora\u00e7\u00e3o do Rio de Janeiro, fonte de riqueza cultural, que pode ser apreciada em sua plenitude por todos, especialmente os amantes da leitura.<\/span><\/p>\n<p style=\"text-align: justify;\"><strong><span style=\"color: #000000;\">Um pouco sobre o Real Gabinete Portugu\u00eas de Leitura<\/span><\/strong><\/p>\n<p style=\"text-align: justify;\"><span style=\"color: #000000;\">O real Gabinete Portugu\u00eas de Leitura foi fundado em 14 de maio de 1837.\u00a0 A iniciativa da cria\u00e7\u00e3o de um Gabinete Portugu\u00eas de Leitura surgiu de um grupo de 43 imigrantes portugueses, que pretendiam dar a oportunidade a seus patr\u00edcios residentes na ent\u00e3o capital do Imp\u00e9rio de ampliar os conhecimentos. Formava-se, assim, a primeira associa\u00e7\u00e3o portuguesa no Brasil.<\/span><\/p>\n<p style=\"text-align: justify;\"><span style=\"color: #000000;\">Mais de 350 mil t\u00edtulos da Literatura Portuguesa acomodam-se elegantemente nas prateleiras do Real Gabinete Portugu\u00eas de Leitura: um quase sacro exemplar <span style=\"color: #993300;\">\u201cprinceps\u201d<\/span> (primeira edi\u00e7\u00e3o de um livro) de <span style=\"color: #993300;\">&#8220;Os Lus\u00edadas&#8221;<\/span>, de 1572, que pertenceu \u00e0 Companhia de Jesus, \u00e9 uma das raridades sob tutela da institui\u00e7\u00e3o. Possui ainda os manuscritos aut\u00f3grafos (originais) do <span style=\"color: #993300;\">\u201cAmor de Perdi\u00e7\u00e3o\u201d<\/span> (o \u00fanico no mundo), de Camilo Castelo Branco, e de<span style=\"color: #993300;\"> \u201cO dicion\u00e1rio da L\u00edngua Tupy\u201d<\/span>, em vers\u00e3o escrita \u00e0 m\u00e3o pelo poeta Gon\u00e7alves Dias, e uma pe\u00e7a de Machado de Assis feita especialmente para o lan\u00e7amento da pedra fundamental do pr\u00e9dio, que traz a assinatura do escritor.<\/span><\/p>\n<p style=\"text-align: justify;\"><span style=\"color: #000000;\">Al\u00e9m do acervo bibliogr\u00e1fico, o Real Gabinete atua como uma esp\u00e9cie de curador das rela\u00e7\u00f5es culturais e sociais luso-brasileiras, desenvolvendo atividades por meio do Centro Cultural, que abre as portas a concertos de m\u00fasica cl\u00e1ssica e erudita; do Centro de Estudos, criado em 1969 e que realiza cursos, confer\u00eancias, palestras, congressos e col\u00f3quios, bem como promove o interc\u00e2mbio e a colabora\u00e7\u00e3o com universidades e institutos culturais e art\u00edsticos do pa\u00eds e do exterior; do P\u00f3lo de Pesquisa Sobre as Rela\u00e7\u00f5es Luso-brasileiras (PPRLB), constitu\u00eddo por professores e pesquisadores de diferentes \u00e1reas do conhecimento, empenhados em aprofundar e dar visibilidade aos estudos que contemplam rela\u00e7\u00f5es entre os dois pa\u00edses; e pelo Acervo Art\u00edstico, que \u00e9 composto por obras raras, cartas, manuscritos e uma importante cole\u00e7\u00e3o numism\u00e1tica e de pinturas.<\/span><\/p>\n<p style=\"text-align: justify;\"><span style=\"color: #000000;\">A atual sede, que fica \u00e0 Rua Lu\u00eds de Cam\u00f5es, 30,\u00a0 \u00e9 a quinta a abrigar o Real Gabinete e foi inaugurada pela Princesa Isabel, em 1887. Pr\u00f3ximo \u00e0 Pra\u00e7a Tiradentes, o local a erudi\u00e7\u00e3o do local convive em harmonia com as cores da vida urbana do Centro do Rio. Em 1880, por ocasi\u00e3o da comemora\u00e7\u00e3o do terceiro centen\u00e1rio da morte de Lu\u00eds de Cam\u00f5es, foi iniciada a constru\u00e7\u00e3o do pr\u00e9dio atual, na antiga Rua da Lampadosa, hoje Lu\u00eds de Cam\u00f5es. Por l\u00e1, no sal\u00e3o de leitura, foram realizadas as primeiras reuni\u00f5es da Academia Brasileira de Letras, presidida por Machado de Assis. A primeira sede ficava localizada na antiga Rua Direita, atual 1\u00ba de Mar\u00e7o; depois passou pelas ruas S. Pedro, Quitanda e Beneditinos.<\/span><\/p>\n<p style=\"text-align: justify;\"><span style=\"color: #000000;\">Em 2014, a institui\u00e7\u00e3o digitalizou e disponibilizou em seu site todo o arquivo de manuscritos. O material \u00e9 composto por c\u00f3dices, decretos e edi\u00e7\u00f5es de livros, a maioria datada do S\u00e9c. XIX, como o manuscrito aut\u00f3grafo de<span style=\"color: #993300;\"> &#8220;Amor de Perdi\u00e7\u00e3o&#8221;<\/span>, de Camilo Castelo Branco, mas h\u00e1, ainda, documentos mais antigos, como Cartas R\u00e9gias assinadas por Marqu\u00eas do Pombal (S\u00e9c. XVIII) e o c\u00f3dice de Clavis Prophetarum (S\u00e9c. XVII), de autoria do Pe. Antonio Vieira.<\/span><\/p>\n<p style=\"text-align: justify;\"><span style=\"color: #000000;\">Recentemente, a institui\u00e7\u00e3o realizou a digitaliza\u00e7\u00e3o de 35 mil p\u00e1ginas de jornais e revistas do s\u00e9culo 19, trabalho que resultou no achado do primeiro peri\u00f3dico em l\u00edngua portuguesa de culin\u00e1ria.<\/span><\/p>\n<p style=\"text-align: justify;\"><span style=\"color: #000000;\">A biblioteca \u00e9 mantida por uma mensalidade paga pelos s\u00f3cios, por doa\u00e7\u00f5es de institui\u00e7\u00f5es brasileiras e portuguesas e pelo aluguel de im\u00f3veis doados ao gabinete por antigos s\u00f3cios. Al\u00e9m de consultar o acervo, o p\u00fablico tamb\u00e9m pode frequentar o centro de estudos, que oferece cursos gratuitos, palestras e congressos organizados por professores do Polo de Pesquisas Luso-Brasileiras.<\/span><\/p>\n<div><span style=\"color: #000000;\"><strong>Real Gabinete Portugu\u00eas de Leitura<\/strong><\/span><\/div>\n<div><span style=\"color: #000000;\">Rua Lu\u00eds de Cam\u00f5es, 30 &#8211; Centro &#8211; Rio de Janeiro &#8211; RJ &#8211; CEP: 20051-020<\/span><br \/>\n<span style=\"color: #000000;\">Telefone: (+ 55 21) 2221-3138 Tel\/Fax: (+ 55 21) 2221-2960<\/span><br \/>\n<span style=\"color: #000000;\">Hor\u00e1rio de funcionamento: de segunda a sexta-feira,<\/span><br \/>\n<span style=\"color: #000000;\">das 9 \u00e0s 18 horas<\/span><\/div>\n<div><span style=\"text-decoration: underline;\"><span style=\"color: #0000ff;\"><a style=\"color: #0000ff; text-decoration: underline;\" href=\"http:\/\/www.realgabinete.com.br\/\" target=\"_blank\" rel=\"noreferrer\">WWW.realgabinete.com.br<\/a><\/span><\/span><\/div>\n","protected":false},"excerpt":{"rendered":"<p>Al\u00e9m de restauro do patrim\u00f4nio arquitet\u00f4nico, pr\u00e9dio anexo foi reformado para abrigar acervo bibliogr\u00e1fico atual e novas publica\u00e7\u00f5es Rio, Julho, 2017 &#8211; Em harmonia com as cores da vida urbana, cravado no Centro do Rio, est\u00e1 o Real Gabinete Portugu\u00eas de Leitura. Considerada uma das bibliotecas mais expoentes do pa\u00eds, al\u00e9m de uma das mais [&hellip;]<\/p>\n","protected":false},"author":1,"featured_media":0,"comment_status":"open","ping_status":"open","sticky":false,"template":"","format":"standard","meta":{"_uag_custom_page_level_css":"","footnotes":""},"categories":[28],"tags":[459,2644,4607,6228,6953,6955,9077,9910,9911,10269,10271],"class_list":["post-6945","post","type-post","status-publish","format-standard","hentry","category-arquitetura","tag-adriana-crespo-foco-arquitetos-associados","tag-conclusao-das-obras-de-restauro","tag-estilo-arquitetonico-neomanuelino","tag-instituto-estadual-do-patrimonio-cultural-inepac","tag-livro-o-dicionario-da-lingua-tupy","tag-livro-os-lusiadas","tag-polo-de-pesquisa-sobre-as-relacoes-luso-brasileiras-pprlb","tag-real-gabinete-portugues-comemora-180-anos","tag-real-gabinete-portugues-de-leitura","tag-restauracao-belissimos-vitrais","tag-restauro-do-patrimonio-arquitetonico"],"blocksy_meta":[],"spectra_blocks_featured_image_url":null,"spectra_blocks_author_info":{"display_name":"Jornal da Constru\u00e7\u00e3o Civil","avatar_url":"https:\/\/secure.gravatar.com\/avatar\/973c9774fd44ddaceb026973c4962faa70fc512bc4c9da68e8ebb40fecee6540?s=96&d=mm&r=g","author_link":"https:\/\/construcaocivil.siriusmarketingedesign.com.br\/?author=1","description":"Desde de 2013, levando muitas informa\u00e7\u00f5es, lan\u00e7amentos e produtos de qualidade para toda cadeia produtiva da constru\u00e7\u00e3o. O Futuro da constru\u00e7\u00e3o passa por aqui,"},"uagb_featured_image_src":{"full":false,"thumbnail":false,"medium":false,"medium_large":false,"large":false,"1536x1536":false,"2048x2048":false},"uagb_author_info":{"display_name":"Jornal da Constru\u00e7\u00e3o Civil","author_link":"https:\/\/construcaocivil.siriusmarketingedesign.com.br\/?author=1"},"uagb_comment_info":0,"uagb_excerpt":"Al\u00e9m de restauro do patrim\u00f4nio arquitet\u00f4nico, pr\u00e9dio anexo foi reformado para abrigar acervo bibliogr\u00e1fico atual e novas publica\u00e7\u00f5es Rio, Julho, 2017 &#8211; Em harmonia com as cores da vida urbana, cravado no Centro do Rio, est\u00e1 o Real Gabinete Portugu\u00eas de Leitura. Considerada uma das bibliotecas mais expoentes do pa\u00eds, al\u00e9m de uma das mais&hellip;","_links":{"self":[{"href":"https:\/\/construcaocivil.siriusmarketingedesign.com.br\/index.php?rest_route=\/wp\/v2\/posts\/6945","targetHints":{"allow":["GET"]}}],"collection":[{"href":"https:\/\/construcaocivil.siriusmarketingedesign.com.br\/index.php?rest_route=\/wp\/v2\/posts"}],"about":[{"href":"https:\/\/construcaocivil.siriusmarketingedesign.com.br\/index.php?rest_route=\/wp\/v2\/types\/post"}],"author":[{"embeddable":true,"href":"https:\/\/construcaocivil.siriusmarketingedesign.com.br\/index.php?rest_route=\/wp\/v2\/users\/1"}],"replies":[{"embeddable":true,"href":"https:\/\/construcaocivil.siriusmarketingedesign.com.br\/index.php?rest_route=%2Fwp%2Fv2%2Fcomments&post=6945"}],"version-history":[{"count":0,"href":"https:\/\/construcaocivil.siriusmarketingedesign.com.br\/index.php?rest_route=\/wp\/v2\/posts\/6945\/revisions"}],"wp:attachment":[{"href":"https:\/\/construcaocivil.siriusmarketingedesign.com.br\/index.php?rest_route=%2Fwp%2Fv2%2Fmedia&parent=6945"}],"wp:term":[{"taxonomy":"category","embeddable":true,"href":"https:\/\/construcaocivil.siriusmarketingedesign.com.br\/index.php?rest_route=%2Fwp%2Fv2%2Fcategories&post=6945"},{"taxonomy":"post_tag","embeddable":true,"href":"https:\/\/construcaocivil.siriusmarketingedesign.com.br\/index.php?rest_route=%2Fwp%2Fv2%2Ftags&post=6945"}],"curies":[{"name":"wp","href":"https:\/\/api.w.org\/{rel}","templated":true}]}}