{"id":6953,"date":"2017-07-25T16:14:05","date_gmt":"2017-07-25T19:14:05","guid":{"rendered":"http:\/\/www.jornaldaconstrucaocivil.com.br\/?p=6953"},"modified":"2017-07-25T16:14:05","modified_gmt":"2017-07-25T19:14:05","slug":"placlux-inaugura-nova-unidade-industrial-na-bahia","status":"publish","type":"post","link":"https:\/\/construcaocivil.siriusmarketingedesign.com.br\/?p=6953","title":{"rendered":"PlacLux inaugura nova unidade industrial na Bahia"},"content":{"rendered":"<p style=\"text-align: justify;\"><span style=\"color: #000080;\"><em><strong>Inaugura\u00e7\u00e3o da nova unidade industrial marca comemora\u00e7\u00f5es dos 10 anos da Empresa.<\/strong><\/em><\/span><\/p>\n<figure id=\"attachment_6954\" aria-describedby=\"caption-attachment-6954\" style=\"width: 342px\" class=\"wp-caption alignleft\"><a href=\"http:\/\/www.jornaldaconstrucaocivil.com.br\/wp-content\/uploads\/2017\/07\/Unidade_Industrial_Bahia_PlacLux_1200-x800.jpg\"><img loading=\"lazy\" decoding=\"async\" class=\"wp-image-6954\" src=\"http:\/\/www.jornaldaconstrucaocivil.com.br\/wp-content\/uploads\/2017\/07\/Unidade_Industrial_Bahia_PlacLux_1200-x800-1024x683.jpg\" width=\"342\" height=\"228\" \/><\/a><figcaption id=\"caption-attachment-6954\" class=\"wp-caption-text\">Nova unidade Industrial PlacLux, no estado da Bahia. Cr\u00e9ditos: Divulga\u00e7\u00e3o<\/figcaption><\/figure>\n<p style=\"text-align: justify;\"><span style=\"color: #000000;\"><span style=\"color: #993300;\">Julho, 2017<\/span> &#8211; Com o objetivo de atender a crescente demanda do Sistema de Placa Ciment\u00edcia ProFort ds para o segmento da constru\u00e7\u00e3o a seco, a PlacLux inaugura a nova unidade industrial na Bahia. Localizada no interior do estado, em uma \u00e1rea de 50 mil m\u00b2, conta com uma linha de produ\u00e7\u00e3o considerada como uma das mais modernas do mundo, gerando mais de 100 empregos entre diretos e indiretos com a produ\u00e7\u00e3o das placas ciment\u00edcias ProFort ds, proporcionando maior competitividade e qualidade para o mercado nacional e internacional.<\/span><\/p>\n<p style=\"text-align: justify;\"><span style=\"color: #000000;\">Saiba mais em<\/span> <span style=\"text-decoration: underline;\"><span style=\"color: #0000ff; text-decoration: underline;\"><a style=\"color: #0000ff; text-decoration: underline;\" href=\"http:\/\/www.placlux.com.br\">www.placlux.com.br<\/a><\/span><\/span><\/p>\n","protected":false},"excerpt":{"rendered":"<p>Inaugura\u00e7\u00e3o da nova unidade industrial marca comemora\u00e7\u00f5es dos 10 anos da Empresa. Julho, 2017 &#8211; Com o objetivo de atender a crescente demanda do Sistema de Placa Ciment\u00edcia ProFort ds para o segmento da constru\u00e7\u00e3o a seco, a PlacLux inaugura a nova unidade industrial na Bahia. Localizada no interior do estado, em uma \u00e1rea de [&hellip;]<\/p>\n","protected":false},"author":1,"featured_media":6954,"comment_status":"open","ping_status":"open","sticky":false,"template":"","format":"standard","meta":{"_uag_custom_page_level_css":"","footnotes":""},"categories":[33],"tags":[1165,2823,2826,5394,6310,7362,8195,8963,8971],"class_list":["post-6953","post","type-post","status-publish","format-standard","has-post-thumbnail","hentry","category-mercado","tag-bahia","tag-construcao-a-seco","tag-construcao-civil","tag-geracao-de-empregos","tag-investimentos","tag-material-de-construcao","tag-nova-fabrica-na-bahia","tag-placa-cimenticia-profort-ds","tag-placlux"],"blocksy_meta":[],"spectra_blocks_featured_image_url":[],"spectra_blocks_author_info":{"display_name":"Jornal da Constru\u00e7\u00e3o Civil","avatar_url":"https:\/\/secure.gravatar.com\/avatar\/973c9774fd44ddaceb026973c4962faa70fc512bc4c9da68e8ebb40fecee6540?s=96&d=mm&r=g","author_link":"https:\/\/construcaocivil.siriusmarketingedesign.com.br\/?author=1","description":"Desde de 2013, levando muitas informa\u00e7\u00f5es, lan\u00e7amentos e produtos de qualidade para toda cadeia produtiva da constru\u00e7\u00e3o. O Futuro da constru\u00e7\u00e3o passa por aqui,"},"uagb_featured_image_src":{"full":false,"thumbnail":false,"medium":false,"medium_large":false,"large":false,"1536x1536":false,"2048x2048":false},"uagb_author_info":{"display_name":"Jornal da Constru\u00e7\u00e3o Civil","author_link":"https:\/\/construcaocivil.siriusmarketingedesign.com.br\/?author=1"},"uagb_comment_info":0,"uagb_excerpt":"Inaugura\u00e7\u00e3o da nova unidade industrial marca comemora\u00e7\u00f5es dos 10 anos da Empresa. Julho, 2017 &#8211; Com o objetivo de atender a crescente demanda do Sistema de Placa Ciment\u00edcia ProFort ds para o segmento da constru\u00e7\u00e3o a seco, a PlacLux inaugura a nova unidade industrial na Bahia. Localizada no interior do estado, em uma \u00e1rea de&hellip;","_links":{"self":[{"href":"https:\/\/construcaocivil.siriusmarketingedesign.com.br\/index.php?rest_route=\/wp\/v2\/posts\/6953","targetHints":{"allow":["GET"]}}],"collection":[{"href":"https:\/\/construcaocivil.siriusmarketingedesign.com.br\/index.php?rest_route=\/wp\/v2\/posts"}],"about":[{"href":"https:\/\/construcaocivil.siriusmarketingedesign.com.br\/index.php?rest_route=\/wp\/v2\/types\/post"}],"author":[{"embeddable":true,"href":"https:\/\/construcaocivil.siriusmarketingedesign.com.br\/index.php?rest_route=\/wp\/v2\/users\/1"}],"replies":[{"embeddable":true,"href":"https:\/\/construcaocivil.siriusmarketingedesign.com.br\/index.php?rest_route=%2Fwp%2Fv2%2Fcomments&post=6953"}],"version-history":[{"count":0,"href":"https:\/\/construcaocivil.siriusmarketingedesign.com.br\/index.php?rest_route=\/wp\/v2\/posts\/6953\/revisions"}],"wp:attachment":[{"href":"https:\/\/construcaocivil.siriusmarketingedesign.com.br\/index.php?rest_route=%2Fwp%2Fv2%2Fmedia&parent=6953"}],"wp:term":[{"taxonomy":"category","embeddable":true,"href":"https:\/\/construcaocivil.siriusmarketingedesign.com.br\/index.php?rest_route=%2Fwp%2Fv2%2Fcategories&post=6953"},{"taxonomy":"post_tag","embeddable":true,"href":"https:\/\/construcaocivil.siriusmarketingedesign.com.br\/index.php?rest_route=%2Fwp%2Fv2%2Ftags&post=6953"}],"curies":[{"name":"wp","href":"https:\/\/api.w.org\/{rel}","templated":true}]}}