{"id":6961,"date":"2017-07-27T14:52:50","date_gmt":"2017-07-27T17:52:50","guid":{"rendered":"http:\/\/www.jornaldaconstrucaocivil.com.br\/?p=6961"},"modified":"2017-07-27T14:52:50","modified_gmt":"2017-07-27T17:52:50","slug":"entidades-se-unem-para-discutir-urbanizacao-do-rio-de-janeiro-e-formas-de-tornar-a-cidade-mais-inclusiva-e-sustentavel","status":"publish","type":"post","link":"https:\/\/construcaocivil.siriusmarketingedesign.com.br\/?p=6961","title":{"rendered":"Entidades se unem para discutir urbaniza\u00e7\u00e3o do Rio de Janeiro e formas de tornar a cidade mais inclusiva e sustent\u00e1vel"},"content":{"rendered":"<p style=\"text-align: center;\"><span style=\"color: #000000;\"><span style=\"color: #000080;\"><em><strong>Inscri\u00e7\u00f5es se encerram hoje acesso pelo<\/strong><\/em><\/span>\u00a0<strong><span style=\"text-decoration: underline;\"><span style=\"color: #0000ff;\"><a style=\"color: #0000ff; text-decoration: underline;\" href=\"https:\/\/docs.google.com\/forms\/d\/1OmRjqTq5nLdUQHT0oOI08nOSEbfr5QQL8ZuSLuyQ0Fc\/viewform?edit_requested=true\" target=\"_blank\" rel=\"noreferrer\">site<\/a><\/span><\/span><\/strong><\/span><\/p>\n<p style=\"text-align: justify;\"><span style=\"color: #000000;\"><span style=\"color: #993300;\">Rio, julho, 2017<\/span> &#8211; Amanh\u00e3,\u00a0 a partir das 13h, na sede do Conselho de Arquitetura e Urbanismo do Rio de Janeiro (CAU-RJ), Rua Chile, 230, 23\u00baandar, representantes do Observat\u00f3rio Social, Casa Fluminense, Fenea, Ibase, Pastoral de Favelas, LEDUB, Funda\u00e7\u00e3o Bento Rubi\u00e3o e Observat\u00f3rio das Metr\u00f3poles avaliam formas de tornar o Rio de Janeiro, um lugar mais inclusivo e sustent\u00e1vel. O evento gratuito, aberto para toda sociedade, tamb\u00e9m vai debater a falta de planejamento urbano, crescimento desordenado, apropria\u00e7\u00e3o democr\u00e1tica do espa\u00e7o urbano e o papel social do arquiteto e urbanista, desempenhado por meio do exerc\u00edcio \u00e9tico da profiss\u00e3o. As inscri\u00e7\u00f5es se encerram hoje (27 de julho) e devem feitas pelo <span style=\"text-decoration: underline;\"><span style=\"color: #0000ff;\"><a style=\"color: #0000ff; text-decoration: underline;\" href=\"https:\/\/docs.google.com\/forms\/d\/1OmRjqTq5nLdUQHT0oOI08nOSEbfr5QQL8ZuSLuyQ0Fc\/viewform?edit_requested=true\" target=\"_blank\" rel=\"noreferrer\">site<\/a><\/span><\/span>.<\/span><\/p>\n<p style=\"text-align: justify;\"><span style=\"color: #000000;\">Ser\u00e3o duas mesas de debate, a primeira entre 14h \u00e0s 16h, denominada participa\u00e7\u00e3o e controle social na elabora\u00e7\u00e3o e implementa\u00e7\u00e3o de planos e projetos, ter\u00e1 como moderadora a conselheira e vice-presidente do CAU-RJ, Maria Isabel Tostes, e os debatedores Vitor Mihessen, da Casa Fluminense, M\u00e1rcio Andr\u00e9 Martins, da FENEA e Tatiana Bastos, do Observat\u00f3rio Social do Rio de Janeiro. Nesse painel ser\u00e1 abordada a import\u00e2ncia de planos e projetos, constru\u00eddos com participa\u00e7\u00e3o e sujeitos ao controle social, para que a cidade se torne mais inclusiva, mais sustent\u00e1vel e adaptada \u00e0s necessidades da sociedade. Ser\u00e1 apresentado, ainda, o estudo Painel de Monitoramento da Casa Fluminense, trabalho que re\u00fane avalia\u00e7\u00f5es de sete indicadores sobre as prefeituras nos 21 munic\u00edpios da regi\u00e3o metropolitana do Rio (RMRJ).<\/span><\/p>\n<p style=\"text-align: justify;\"><span style=\"color: #000000;\">A segunda mesa, entre 16h e 18h, cuja tem\u00e1tica \u00e9 o direito \u00e0 cidade no exerc\u00edcio da arquitetura e urbanismo, ser\u00e1 moderada pelo conselheiro do CAURJ, Ant\u00f4nio Augusto Ver\u00edssimo, e os participantes ser\u00e3o Ricardo Gouv\u00eaa Corr\u00eaa, da Funda\u00e7\u00e3o Bento Rubi\u00e3o, Tarcyla Fidalgo Ribeiro, do LEDUB e Luciana Correa do Lago, do Observat\u00f3rio das Metr\u00f3poles (IPPUR).\u00a0 Ser\u00e3o discutidas quest\u00f5es como urbaniza\u00e7\u00e3o e crescimento da cidade e a participa\u00e7\u00e3o da sociedade. Entre os temas abordados estar\u00e3o a lei que garante o servi\u00e7o de assist\u00eancia t\u00e9cnica gratuita para popula\u00e7\u00e3o e baixa renda em projetos de constru\u00e7\u00e3o e reformas e o marco normativo nacional sobre regulariza\u00e7\u00e3o fundi\u00e1ria.<\/span><\/p>\n<p style=\"text-align: justify;\"><span style=\"color: #000000;\">Servi\u00e7o<\/span><\/p>\n<p style=\"text-align: justify;\"><span style=\"color: #000000;\">VI Encontro CAU\/RJ com a sociedade<\/span><\/p>\n<p style=\"text-align: justify;\"><span style=\"color: #000000;\">Data: 28 de julho<\/span><\/p>\n<p style=\"text-align: justify;\"><span style=\"color: #000000;\">Local: CAU\/RJ \u2013 Avenida Rep\u00fablica do Chile 230, 23\u00baandar \u2013 Centro<\/span><\/p>\n<p style=\"text-align: justify;\"><span style=\"color: #000000;\">Hor\u00e1rio:<\/span><\/p>\n<p style=\"text-align: justify;\"><span style=\"color: #000000;\">13h (credenciamento e abertura com Jer\u00f4nimo de Moraes, presidente do CAURJ)<\/span><\/p>\n<p style=\"text-align: justify;\"><span style=\"color: #000000;\">14h \u00e0s 16h \u2013 Participa\u00e7\u00e3o e controle social na elabora\u00e7\u00e3o e implementa\u00e7\u00e3o de planos e projetos<\/span><\/p>\n<p style=\"text-align: justify;\"><span style=\"color: #000000;\">16h \u00e0s 18h &#8211; Direito \u00e0 cidade no exerc\u00edcio da arquitetura e urbanismo<\/span><\/p>\n","protected":false},"excerpt":{"rendered":"<p>Inscri\u00e7\u00f5es se encerram hoje acesso pelo\u00a0site Rio, julho, 2017 &#8211; Amanh\u00e3,\u00a0 a partir das 13h, na sede do Conselho de Arquitetura e Urbanismo do Rio de Janeiro (CAU-RJ), Rua Chile, 230, 23\u00baandar, representantes do Observat\u00f3rio Social, Casa Fluminense, Fenea, Ibase, Pastoral de Favelas, LEDUB, Funda\u00e7\u00e3o Bento Rubi\u00e3o e Observat\u00f3rio das Metr\u00f3poles avaliam formas de tornar [&hellip;]<\/p>\n","protected":false},"author":1,"featured_media":0,"comment_status":"open","ping_status":"open","sticky":false,"template":"","format":"standard","meta":{"_uag_custom_page_level_css":"","footnotes":""},"categories":[27],"tags":[1942,2778,4961,5267,5840,6162,6769,8009,8398,8711,10367,12124,12370],"class_list":["post-6961","post","type-post","status-publish","format-standard","hentry","category-acontece","tag-casa-fluminense","tag-conselho-de-arquitetura-e-urbanismo-do-rio-de-janeiro-cau-rj","tag-fenea","tag-fundacao-bento-rubiao","tag-ibase","tag-inscricoes-ate-dia-27-de-julho","tag-ledub","tag-municipios-da-regiao-metropolitana-do-rio","tag-observatorio-das-metropoles","tag-pastoral-de-favelas","tag-rio-cidade-mais-inclusiva-e-sustentavel","tag-urbanizacao-do-rio-de-janeiro","tag-vi-encontro-caurj-com-a-sociedade"],"blocksy_meta":[],"spectra_blocks_featured_image_url":null,"spectra_blocks_author_info":{"display_name":"Jornal da Constru\u00e7\u00e3o Civil","avatar_url":"https:\/\/secure.gravatar.com\/avatar\/973c9774fd44ddaceb026973c4962faa70fc512bc4c9da68e8ebb40fecee6540?s=96&d=mm&r=g","author_link":"https:\/\/construcaocivil.siriusmarketingedesign.com.br\/?author=1","description":"Desde de 2013, levando muitas informa\u00e7\u00f5es, lan\u00e7amentos e produtos de qualidade para toda cadeia produtiva da constru\u00e7\u00e3o. O Futuro da constru\u00e7\u00e3o passa por aqui,"},"uagb_featured_image_src":{"full":false,"thumbnail":false,"medium":false,"medium_large":false,"large":false,"1536x1536":false,"2048x2048":false},"uagb_author_info":{"display_name":"Jornal da Constru\u00e7\u00e3o Civil","author_link":"https:\/\/construcaocivil.siriusmarketingedesign.com.br\/?author=1"},"uagb_comment_info":0,"uagb_excerpt":"Inscri\u00e7\u00f5es se encerram hoje acesso pelo\u00a0site Rio, julho, 2017 &#8211; Amanh\u00e3,\u00a0 a partir das 13h, na sede do Conselho de Arquitetura e Urbanismo do Rio de Janeiro (CAU-RJ), Rua Chile, 230, 23\u00baandar, representantes do Observat\u00f3rio Social, Casa Fluminense, Fenea, Ibase, Pastoral de Favelas, LEDUB, Funda\u00e7\u00e3o Bento Rubi\u00e3o e Observat\u00f3rio das Metr\u00f3poles avaliam formas de tornar&hellip;","_links":{"self":[{"href":"https:\/\/construcaocivil.siriusmarketingedesign.com.br\/index.php?rest_route=\/wp\/v2\/posts\/6961","targetHints":{"allow":["GET"]}}],"collection":[{"href":"https:\/\/construcaocivil.siriusmarketingedesign.com.br\/index.php?rest_route=\/wp\/v2\/posts"}],"about":[{"href":"https:\/\/construcaocivil.siriusmarketingedesign.com.br\/index.php?rest_route=\/wp\/v2\/types\/post"}],"author":[{"embeddable":true,"href":"https:\/\/construcaocivil.siriusmarketingedesign.com.br\/index.php?rest_route=\/wp\/v2\/users\/1"}],"replies":[{"embeddable":true,"href":"https:\/\/construcaocivil.siriusmarketingedesign.com.br\/index.php?rest_route=%2Fwp%2Fv2%2Fcomments&post=6961"}],"version-history":[{"count":0,"href":"https:\/\/construcaocivil.siriusmarketingedesign.com.br\/index.php?rest_route=\/wp\/v2\/posts\/6961\/revisions"}],"wp:attachment":[{"href":"https:\/\/construcaocivil.siriusmarketingedesign.com.br\/index.php?rest_route=%2Fwp%2Fv2%2Fmedia&parent=6961"}],"wp:term":[{"taxonomy":"category","embeddable":true,"href":"https:\/\/construcaocivil.siriusmarketingedesign.com.br\/index.php?rest_route=%2Fwp%2Fv2%2Fcategories&post=6961"},{"taxonomy":"post_tag","embeddable":true,"href":"https:\/\/construcaocivil.siriusmarketingedesign.com.br\/index.php?rest_route=%2Fwp%2Fv2%2Ftags&post=6961"}],"curies":[{"name":"wp","href":"https:\/\/api.w.org\/{rel}","templated":true}]}}