{"id":6981,"date":"2017-07-31T12:02:34","date_gmt":"2017-07-31T15:02:34","guid":{"rendered":"http:\/\/www.jornaldaconstrucaocivil.com.br\/?p=6981"},"modified":"2017-07-31T12:02:34","modified_gmt":"2017-07-31T15:02:34","slug":"confianca-dos-empresarios-mineiros-da-construcao-recua-48-pontos-em-julho","status":"publish","type":"post","link":"https:\/\/construcaocivil.siriusmarketingedesign.com.br\/?p=6981","title":{"rendered":"Confian\u00e7a dos empres\u00e1rios mineiros da constru\u00e7\u00e3o recua 4,8 pontos em julho"},"content":{"rendered":"<p style=\"text-align: justify;\"><span style=\"color: #000000;\"><span style=\"color: #993300;\">Julho, 2017<\/span> &#8211; A pesquisa sobre o \u00cdndice de Confian\u00e7a do Empres\u00e1rio da Ind\u00fastria da Constru\u00e7\u00e3o de Minas Gerais (Iceicon-MG) aponta que os empres\u00e1rios do setor est\u00e3o menos confiantes. Em julho, o estudo registrou 41,5 pontos, um decr\u00e9scimo de 4,8 pontos em rela\u00e7\u00e3o a junho, com 46,3 pontos.<\/span><\/p>\n<p style=\"text-align: justify;\"><a href=\"http:\/\/www.jornaldaconstrucaocivil.com.br\/wp-content\/uploads\/2017\/07\/Contruc\u0327a\u0303o_22_01-1024x682-678x381.jpg\"><img loading=\"lazy\" decoding=\"async\" class=\"wp-image-6982 alignleft\" src=\"http:\/\/www.jornaldaconstrucaocivil.com.br\/wp-content\/uploads\/2017\/07\/Contruc\u0327a\u0303o_22_01-1024x682-678x381-1024x576.jpg\" alt=\"Contruc\u0327a\u0303o_22_01-1024x682-678x381\" width=\"322\" height=\"181\" \/><\/a><\/p>\n<p style=\"text-align: justify;\"><span style=\"color: #000000;\">O \u00edndice que acumulava crescimento de 2,8 pontos entre janeiro e junho de 2017, passou a concentrar recuo de 2,0 pontos no ano, devido a queda apurada na passagem de junho para julho. Por\u00e9m, em rela\u00e7\u00e3o a julho de 2016, observa-se aumento de 2,2 pontos.<\/span><\/p>\n<p style=\"text-align: justify;\"><span style=\"color: #000000;\">Na an\u00e1lise de seus componentes, o indicador de condi\u00e7\u00f5es atuais decresceu 1,6 pontos entre junho (40,1 pontos) e julho (38,5 pontos). Entretanto, o indicador foi 10,0 pontos superior ao de julho do ano passado (28,5 pontos) e acumulou crescimento de 3,3 pontos nos sete primeiros meses de 2017.<\/span><\/p>\n<p style=\"text-align: justify;\"><span style=\"color: #000000;\">Segundo o economista e coordenador do Sindicato da Ind\u00fastria da Constru\u00e7\u00e3o Civil no Estado de Minas Gerais (Sinduscon-MG), Daniel Furletti, o empres\u00e1rio precisa de confian\u00e7a para poder investir.<span style=\"color: #000080;\"><em> &#8220;O decr\u00e9scimo no Iceicon de Minas foi motivado, especialmente, pelo recuo no indicador de expectativas dos empres\u00e1rios, que apresentou decr\u00e9scimo de 6,7 pontos em julho, com 43,1 pontos, contra junho com 49,8 pontos&#8221;<\/em><\/span>, analisa. Ao situar-se abaixo da linha divis\u00f3ria dos 50 pontos, que separa expectativas negativas de positivas, o indicador sinaliza empres\u00e1rios pessimistas em rela\u00e7\u00e3o \u00e0 economia no curto prazo. Na compara\u00e7\u00e3o com julho de 2016, o \u00edndice recuou 1,6 pontos.<\/span><\/p>\n<p style=\"text-align: justify;\"><strong><span style=\"color: #000000;\">Sobre o Iceicon-MG<\/span><\/strong><\/p>\n<p style=\"text-align: justify;\">O \u00cdndice de Confian\u00e7a do Empres\u00e1rio da Ind\u00fastria da Constru\u00e7\u00e3o de Minas Gerais (ICEICON \u2013 MG) \u00e9 elaborado pela Ger\u00eancia de Estudos Econ\u00f4micos da Federa\u00e7\u00e3o das Ind\u00fastrias do Estado de Minas Gerais (FIEMG) em conjunto com a Confedera\u00e7\u00e3o Nacional da Ind\u00fastria (CNI) e em parceria com o Sindicato da Ind\u00fastria da Constru\u00e7\u00e3o Civil no Estado de Minas Gerais (Sinduscon-MG).<\/p>\n","protected":false},"excerpt":{"rendered":"<p>Julho, 2017 &#8211; A pesquisa sobre o \u00cdndice de Confian\u00e7a do Empres\u00e1rio da Ind\u00fastria da Constru\u00e7\u00e3o de Minas Gerais (Iceicon-MG) aponta que os empres\u00e1rios do setor est\u00e3o menos confiantes. Em julho, o estudo registrou 41,5 pontos, um decr\u00e9scimo de 4,8 pontos em rela\u00e7\u00e3o a junho, com 46,3 pontos. O \u00edndice que acumulava crescimento de 2,8 [&hellip;]<\/p>\n","protected":false},"author":1,"featured_media":6982,"comment_status":"open","ping_status":"open","sticky":false,"template":"","format":"standard","meta":{"_uag_custom_page_level_css":"","footnotes":""},"categories":[27],"tags":[2826,3217,3488,6012,6365,7470,7672,8652,9958,11118],"class_list":["post-6981","post","type-post","status-publish","format-standard","has-post-thumbnail","hentry","category-acontece","tag-construcao-civil","tag-crise-politica","tag-desconfianca-do-setor-empresarial","tag-indice-de-confianca-do-empresario-da-industria-da-construcao-de-minas-gerais-iceicon-mg","tag-investimentos-parados","tag-mercado","tag-minas-gerais","tag-parcerias-publico-privada-ppps","tag-recuo-no-indicador-de-expectativas-dos-empresarios","tag-sindicato-da-industria-da-construcao-civil-no-estado-de-minas-gerais-sinduscon-mg"],"blocksy_meta":[],"spectra_blocks_featured_image_url":[],"spectra_blocks_author_info":{"display_name":"Jornal da Constru\u00e7\u00e3o Civil","avatar_url":"https:\/\/secure.gravatar.com\/avatar\/973c9774fd44ddaceb026973c4962faa70fc512bc4c9da68e8ebb40fecee6540?s=96&d=mm&r=g","author_link":"https:\/\/construcaocivil.siriusmarketingedesign.com.br\/?author=1","description":"Desde de 2013, levando muitas informa\u00e7\u00f5es, lan\u00e7amentos e produtos de qualidade para toda cadeia produtiva da constru\u00e7\u00e3o. O Futuro da constru\u00e7\u00e3o passa por aqui,"},"uagb_featured_image_src":{"full":false,"thumbnail":false,"medium":false,"medium_large":false,"large":false,"1536x1536":false,"2048x2048":false},"uagb_author_info":{"display_name":"Jornal da Constru\u00e7\u00e3o Civil","author_link":"https:\/\/construcaocivil.siriusmarketingedesign.com.br\/?author=1"},"uagb_comment_info":0,"uagb_excerpt":"Julho, 2017 &#8211; A pesquisa sobre o \u00cdndice de Confian\u00e7a do Empres\u00e1rio da Ind\u00fastria da Constru\u00e7\u00e3o de Minas Gerais (Iceicon-MG) aponta que os empres\u00e1rios do setor est\u00e3o menos confiantes. Em julho, o estudo registrou 41,5 pontos, um decr\u00e9scimo de 4,8 pontos em rela\u00e7\u00e3o a junho, com 46,3 pontos. O \u00edndice que acumulava crescimento de 2,8&hellip;","_links":{"self":[{"href":"https:\/\/construcaocivil.siriusmarketingedesign.com.br\/index.php?rest_route=\/wp\/v2\/posts\/6981","targetHints":{"allow":["GET"]}}],"collection":[{"href":"https:\/\/construcaocivil.siriusmarketingedesign.com.br\/index.php?rest_route=\/wp\/v2\/posts"}],"about":[{"href":"https:\/\/construcaocivil.siriusmarketingedesign.com.br\/index.php?rest_route=\/wp\/v2\/types\/post"}],"author":[{"embeddable":true,"href":"https:\/\/construcaocivil.siriusmarketingedesign.com.br\/index.php?rest_route=\/wp\/v2\/users\/1"}],"replies":[{"embeddable":true,"href":"https:\/\/construcaocivil.siriusmarketingedesign.com.br\/index.php?rest_route=%2Fwp%2Fv2%2Fcomments&post=6981"}],"version-history":[{"count":0,"href":"https:\/\/construcaocivil.siriusmarketingedesign.com.br\/index.php?rest_route=\/wp\/v2\/posts\/6981\/revisions"}],"wp:attachment":[{"href":"https:\/\/construcaocivil.siriusmarketingedesign.com.br\/index.php?rest_route=%2Fwp%2Fv2%2Fmedia&parent=6981"}],"wp:term":[{"taxonomy":"category","embeddable":true,"href":"https:\/\/construcaocivil.siriusmarketingedesign.com.br\/index.php?rest_route=%2Fwp%2Fv2%2Fcategories&post=6981"},{"taxonomy":"post_tag","embeddable":true,"href":"https:\/\/construcaocivil.siriusmarketingedesign.com.br\/index.php?rest_route=%2Fwp%2Fv2%2Ftags&post=6981"}],"curies":[{"name":"wp","href":"https:\/\/api.w.org\/{rel}","templated":true}]}}