{"id":6984,"date":"2017-07-31T12:17:36","date_gmt":"2017-07-31T15:17:36","guid":{"rendered":"http:\/\/www.jornaldaconstrucaocivil.com.br\/?p=6984"},"modified":"2017-07-31T12:17:36","modified_gmt":"2017-07-31T15:17:36","slug":"artigo-o-que-se-espera-para-sao-jose-dos-pinhais-nos-proximo-anos","status":"publish","type":"post","link":"https:\/\/construcaocivil.siriusmarketingedesign.com.br\/?p=6984","title":{"rendered":"Artigo: O que se espera para S\u00e3o Jos\u00e9 dos Pinhais nos pr\u00f3ximo anos"},"content":{"rendered":"<p style=\"text-align: justify;\"><span style=\"color: #000000;\"><span style=\"color: #993300;\">Julho, 2017<\/span> &#8211; O Instituto Paranaense de Desenvolvimento Econ\u00f4mico Social (Ipardes) estima que nos pr\u00f3ximos 23 anos a popula\u00e7\u00e3o de S\u00e3o Jos\u00e9 dos Pinhais(PR) crescer\u00e1 mais de 50%. Ou seja, deixaremos de ser 300 mil e somaremos 469 mil habitantes. \u00c9 o que noticia o site <span style=\"color: #0000ff;\">pautasjp.com<\/span> na segunda-feira (17).<\/span><\/p>\n<figure id=\"attachment_6986\" aria-describedby=\"caption-attachment-6986\" style=\"width: 297px\" class=\"wp-caption alignleft\"><a href=\"http:\/\/www.jornaldaconstrucaocivil.com.br\/wp-content\/uploads\/2017\/07\/AA-Eloi_Bastos-1.jpeg\"><img loading=\"lazy\" decoding=\"async\" class=\"wp-image-6986 size-full\" src=\"http:\/\/www.jornaldaconstrucaocivil.com.br\/wp-content\/uploads\/2017\/07\/AA-Eloi_Bastos-1.jpeg\" width=\"297\" height=\"333\" \/><\/a><figcaption id=\"caption-attachment-6986\" class=\"wp-caption-text\">Eloi Bastos<\/figcaption><\/figure>\n<p style=\"text-align: justify;\"><span style=\"color: #000000;\">Esta informa\u00e7\u00e3o j\u00e1 seria o suficiente para avaliarmos algumas importantes quest\u00f5es referentes ao desenvolvimento urbano. Mas, um outro dado tamb\u00e9m chama aten\u00e7\u00e3o. Considerando-se a popula\u00e7\u00e3o flutuante, aquela composta por moradores de outros munic\u00edpios que trabalham em S\u00e3o Jos\u00e9, ser\u00e3o mais de 500 mil pessoas.<\/span><\/p>\n<p style=\"text-align: justify;\"><span style=\"color: #000000;\">Se analisarmos espa\u00e7o territorial, n\u00e3o h\u00e1 o que temer. Afinal, nosso munic\u00edpio ainda tem bastante espa\u00e7o para crescer. Por\u00e9m, para atendermos a esta crescente demanda, precisamos mais do que crescimento. Precisamos de desenvolvimento.<\/span><\/p>\n<p style=\"text-align: justify;\"><span style=\"color: #000000;\">A cidade vem expandindo para a face sudoeste, sentido Fazenda Rio Grande. Por isso \u00e9 not\u00f3rio o grande n\u00famero de conjuntos residenciais localizados na Col\u00f4nia Rio Grande e redondezas, geralmente no perfil habita\u00e7\u00e3o popular (apartamentos de dois dormit\u00f3rios e uma vaga de garagem, padr\u00e3o m\u00ednimo financiado pela Caixa Econ\u00f4mica).<\/span><\/p>\n<p style=\"text-align: justify;\"><span style=\"color: #000000;\">E assim, podemos observar ainda o perfil socioecon\u00f4mico que vem movimentando o mercado imobili\u00e1rio s\u00e3o-joseense. S\u00e3o fam\u00edlias de baixa e m\u00e9dia renda que dependem diretamente dos servi\u00e7os p\u00fablicos. Por isso, \u00e9 fundamental que tenham acesso f\u00e1cil e r\u00e1pido a equipamentos urbanos como escola, posto de sa\u00fade, transporte, policiamento, parques e \u00e1reas de lazer e conviv\u00eancia.<\/span><\/p>\n<p style=\"text-align: justify;\"><span style=\"color: #000000;\">Portanto, o que se espera \u00e9 que a regi\u00e3o sudoeste receba fortes incentivos nos pr\u00f3ximos anos. Pois um local bem estruturado, que d\u00ea condi\u00e7\u00f5es de uma vida pr\u00e1tica e din\u00e2mica, tamb\u00e9m atrair\u00e1 o com\u00e9rcio e a ind\u00fastria, aumentando a oferta de empregos \u00e0queles que moram nas proximidades. \u00c9 num cen\u00e1rio como esse que temos visto nossos construtores apostar.<\/span><\/p>\n<p style=\"text-align: justify;\"><span style=\"color: #000000;\">Do ponto de vista urban\u00edstico, n\u00e3o podemos esquecer a proporcionalidade de tudo que uma cidade oferece. Se o tr\u00e1fego aumenta, o tr\u00e2nsito precisa ser repensado. Se cresce o n\u00famero de crian\u00e7as, precisamos de mais escolas. E assim por diante. E ent\u00e3o, o que todos esperamos para os pr\u00f3ximos anos \u2013 e que sejam menos que 23 \u2013 \u00e9 que S\u00e3o Jos\u00e9 dos Pinhais alie crescimento com desenvolvimento.<\/span><\/p>\n<p style=\"text-align: justify;\"><span style=\"color: #000000;\">At\u00e9 breve!<\/span><\/p>\n<p style=\"text-align: justify;\"><span style=\"color: #000000;\">Eloi Bastos &#8211; \u00a0Arquitetura e Marketing Imobili\u00e1rio<\/span><\/p>\n<blockquote>\n<div class=\"pre\"><\/div>\n<\/blockquote>\n<p style=\"text-align: justify;\">\n","protected":false},"excerpt":{"rendered":"<p>Julho, 2017 &#8211; O Instituto Paranaense de Desenvolvimento Econ\u00f4mico Social (Ipardes) estima que nos pr\u00f3ximos 23 anos a popula\u00e7\u00e3o de S\u00e3o Jos\u00e9 dos Pinhais(PR) crescer\u00e1 mais de 50%. Ou seja, deixaremos de ser 300 mil e somaremos 469 mil habitantes. \u00c9 o que noticia o site pautasjp.com na segunda-feira (17). Esta informa\u00e7\u00e3o j\u00e1 seria o [&hellip;]<\/p>\n","protected":false},"author":1,"featured_media":0,"comment_status":"open","ping_status":"open","sticky":false,"template":"","format":"standard","meta":{"_uag_custom_page_level_css":"","footnotes":""},"categories":[30],"tags":[1679,2328,2432,2455,4142,5927,6096,6247,6310,10123,10661],"class_list":["post-6984","post","type-post","status-publish","format-standard","hentry","category-imoveis","tag-caixa-economica-federal","tag-classe-media-baixa","tag-colonia-rio-grandepr","tag-comercio","tag-empreendimentos-residenciais","tag-imoveis-e-casas","tag-infraestrutura","tag-instituto-paranaense-de-desenvolvimento-economico-social-ipardes","tag-investimentos","tag-regiao-sudoeste-do-parana","tag-sao-jose-dos-pinhais-pr"],"blocksy_meta":[],"spectra_blocks_featured_image_url":null,"spectra_blocks_author_info":{"display_name":"Jornal da Constru\u00e7\u00e3o Civil","avatar_url":"https:\/\/secure.gravatar.com\/avatar\/973c9774fd44ddaceb026973c4962faa70fc512bc4c9da68e8ebb40fecee6540?s=96&d=mm&r=g","author_link":"https:\/\/construcaocivil.siriusmarketingedesign.com.br\/?author=1","description":"Desde de 2013, levando muitas informa\u00e7\u00f5es, lan\u00e7amentos e produtos de qualidade para toda cadeia produtiva da constru\u00e7\u00e3o. O Futuro da constru\u00e7\u00e3o passa por aqui,"},"uagb_featured_image_src":{"full":false,"thumbnail":false,"medium":false,"medium_large":false,"large":false,"1536x1536":false,"2048x2048":false},"uagb_author_info":{"display_name":"Jornal da Constru\u00e7\u00e3o Civil","author_link":"https:\/\/construcaocivil.siriusmarketingedesign.com.br\/?author=1"},"uagb_comment_info":0,"uagb_excerpt":"Julho, 2017 &#8211; O Instituto Paranaense de Desenvolvimento Econ\u00f4mico Social (Ipardes) estima que nos pr\u00f3ximos 23 anos a popula\u00e7\u00e3o de S\u00e3o Jos\u00e9 dos Pinhais(PR) crescer\u00e1 mais de 50%. Ou seja, deixaremos de ser 300 mil e somaremos 469 mil habitantes. \u00c9 o que noticia o site pautasjp.com na segunda-feira (17). Esta informa\u00e7\u00e3o j\u00e1 seria o&hellip;","_links":{"self":[{"href":"https:\/\/construcaocivil.siriusmarketingedesign.com.br\/index.php?rest_route=\/wp\/v2\/posts\/6984","targetHints":{"allow":["GET"]}}],"collection":[{"href":"https:\/\/construcaocivil.siriusmarketingedesign.com.br\/index.php?rest_route=\/wp\/v2\/posts"}],"about":[{"href":"https:\/\/construcaocivil.siriusmarketingedesign.com.br\/index.php?rest_route=\/wp\/v2\/types\/post"}],"author":[{"embeddable":true,"href":"https:\/\/construcaocivil.siriusmarketingedesign.com.br\/index.php?rest_route=\/wp\/v2\/users\/1"}],"replies":[{"embeddable":true,"href":"https:\/\/construcaocivil.siriusmarketingedesign.com.br\/index.php?rest_route=%2Fwp%2Fv2%2Fcomments&post=6984"}],"version-history":[{"count":0,"href":"https:\/\/construcaocivil.siriusmarketingedesign.com.br\/index.php?rest_route=\/wp\/v2\/posts\/6984\/revisions"}],"wp:attachment":[{"href":"https:\/\/construcaocivil.siriusmarketingedesign.com.br\/index.php?rest_route=%2Fwp%2Fv2%2Fmedia&parent=6984"}],"wp:term":[{"taxonomy":"category","embeddable":true,"href":"https:\/\/construcaocivil.siriusmarketingedesign.com.br\/index.php?rest_route=%2Fwp%2Fv2%2Fcategories&post=6984"},{"taxonomy":"post_tag","embeddable":true,"href":"https:\/\/construcaocivil.siriusmarketingedesign.com.br\/index.php?rest_route=%2Fwp%2Fv2%2Ftags&post=6984"}],"curies":[{"name":"wp","href":"https:\/\/api.w.org\/{rel}","templated":true}]}}