{"id":6988,"date":"2017-07-31T18:18:11","date_gmt":"2017-07-31T21:18:11","guid":{"rendered":"http:\/\/www.jornaldaconstrucaocivil.com.br\/?p=6988"},"modified":"2017-07-31T18:18:11","modified_gmt":"2017-07-31T21:18:11","slug":"construtora-sm21-contrata-tecnico-em-eletronica-para-inicio-imediato","status":"publish","type":"post","link":"https:\/\/construcaocivil.siriusmarketingedesign.com.br\/?p=6988","title":{"rendered":"Construtora SM21 contrata T\u00e9cnico em Eletr\u00f4nica para in\u00edcio imediato"},"content":{"rendered":"<p style=\"text-align: justify;\"><span style=\"color: #000000;\"><span style=\"color: #993300;\">Rio, Julho, 2017<\/span> &#8211; A empresa com quase duas d\u00e9cadas de atua\u00e7\u00e3o no pa\u00eds est\u00e1 \u00e0 procura de um T\u00e9cnico de Eletr\u00f4nica para inicio imediato. A contrata\u00e7\u00e3o ser\u00e1 efetiva (CLT), 44 horas semanais e a oportunidade \u00e9 para trabalho no bairro de Manguinhos\/RJ.<\/span><\/p>\n<p style=\"text-align: justify;\"><a href=\"http:\/\/www.jornaldaconstrucaocivil.com.br\/wp-content\/uploads\/2017\/07\/Tecnico-em-Eletronicav4.jpg\"><img loading=\"lazy\" decoding=\"async\" class=\"wp-image-6989 alignleft\" src=\"http:\/\/www.jornaldaconstrucaocivil.com.br\/wp-content\/uploads\/2017\/07\/Tecnico-em-Eletronicav4.jpg\" alt=\"Tecnico-em-Eletronicav4\" width=\"274\" height=\"192\" \/><\/a><\/p>\n<p style=\"text-align: justify;\"><span style=\"color: #000000;\">Para participar do processo \u00e9 necess\u00e1rio que tenha curso t\u00e9cnico em eletr\u00f4nica, possuir CREA de T\u00e9cnico em Eletr\u00f4nica ativo e ter experi\u00eancia na \u00e1rea. Possuir dom\u00ednio de Sistema CCK de Gerenciamento de Energia e Utilidades ser\u00e1 o diferencial.<\/span><\/p>\n<p style=\"text-align: justify;\"><span style=\"color: #000000;\">Al\u00e9m de sal\u00e1rio compat\u00edvel com a fun\u00e7\u00e3o, a empresa oferece assist\u00eancia m\u00e9dica, odontol\u00f3gica, aux\u00edlio farm\u00e1cia, seguro de vida, vale alimenta\u00e7\u00e3o e vale transporte.<\/span><\/p>\n<p style=\"text-align: justify;\"><span style=\"color: #000000;\">Os interessados poder\u00e3o se candidatar atrav\u00e9s do site:\u00a0:\u00a0<span style=\"color: #0000ff;\"><a style=\"color: #0000ff;\" href=\"http:\/\/www.sm21.com.br\/\" target=\"_blank\" rel=\"noreferrer\">www.sm21.com.br<\/a>\u00a0<\/span>na aba <span style=\"color: #993300;\">\u201cTrabalhe na SM21\u201d<\/span> e preencher o formul\u00e1rio<\/span><\/p>\n","protected":false},"excerpt":{"rendered":"<p>Rio, Julho, 2017 &#8211; A empresa com quase duas d\u00e9cadas de atua\u00e7\u00e3o no pa\u00eds est\u00e1 \u00e0 procura de um T\u00e9cnico de Eletr\u00f4nica para inicio imediato. A contrata\u00e7\u00e3o ser\u00e1 efetiva (CLT), 44 horas semanais e a oportunidade \u00e9 para trabalho no bairro de Manguinhos\/RJ. Para participar do processo \u00e9 necess\u00e1rio que tenha curso t\u00e9cnico em eletr\u00f4nica, [&hellip;]<\/p>\n","protected":false},"author":1,"featured_media":6989,"comment_status":"open","ping_status":"open","sticky":false,"template":"","format":"standard","meta":{"_uag_custom_page_level_css":"","footnotes":""},"categories":[27],"tags":[1180,2933,2958,3141,3794,8495,11559,12178],"class_list":["post-6988","post","type-post","status-publish","format-standard","has-post-thumbnail","hentry","category-acontece","tag-bairro-de-manguinhosrj","tag-construtora","tag-construtora-sm21","tag-crea-de-tecnico-em-eletronica","tag-dominio-sistema-cck-de-gerenciamento-de-energia","tag-oportunidades-no-rio-de-janeiro","tag-tecnico-em-eletronica","tag-vaga-de-emprego"],"blocksy_meta":[],"spectra_blocks_featured_image_url":[],"spectra_blocks_author_info":{"display_name":"Jornal da Constru\u00e7\u00e3o Civil","avatar_url":"https:\/\/secure.gravatar.com\/avatar\/973c9774fd44ddaceb026973c4962faa70fc512bc4c9da68e8ebb40fecee6540?s=96&d=mm&r=g","author_link":"https:\/\/construcaocivil.siriusmarketingedesign.com.br\/?author=1","description":"Desde de 2013, levando muitas informa\u00e7\u00f5es, lan\u00e7amentos e produtos de qualidade para toda cadeia produtiva da constru\u00e7\u00e3o. O Futuro da constru\u00e7\u00e3o passa por aqui,"},"uagb_featured_image_src":{"full":false,"thumbnail":false,"medium":false,"medium_large":false,"large":false,"1536x1536":false,"2048x2048":false},"uagb_author_info":{"display_name":"Jornal da Constru\u00e7\u00e3o Civil","author_link":"https:\/\/construcaocivil.siriusmarketingedesign.com.br\/?author=1"},"uagb_comment_info":0,"uagb_excerpt":"Rio, Julho, 2017 &#8211; A empresa com quase duas d\u00e9cadas de atua\u00e7\u00e3o no pa\u00eds est\u00e1 \u00e0 procura de um T\u00e9cnico de Eletr\u00f4nica para inicio imediato. A contrata\u00e7\u00e3o ser\u00e1 efetiva (CLT), 44 horas semanais e a oportunidade \u00e9 para trabalho no bairro de Manguinhos\/RJ. Para participar do processo \u00e9 necess\u00e1rio que tenha curso t\u00e9cnico em eletr\u00f4nica,&hellip;","_links":{"self":[{"href":"https:\/\/construcaocivil.siriusmarketingedesign.com.br\/index.php?rest_route=\/wp\/v2\/posts\/6988","targetHints":{"allow":["GET"]}}],"collection":[{"href":"https:\/\/construcaocivil.siriusmarketingedesign.com.br\/index.php?rest_route=\/wp\/v2\/posts"}],"about":[{"href":"https:\/\/construcaocivil.siriusmarketingedesign.com.br\/index.php?rest_route=\/wp\/v2\/types\/post"}],"author":[{"embeddable":true,"href":"https:\/\/construcaocivil.siriusmarketingedesign.com.br\/index.php?rest_route=\/wp\/v2\/users\/1"}],"replies":[{"embeddable":true,"href":"https:\/\/construcaocivil.siriusmarketingedesign.com.br\/index.php?rest_route=%2Fwp%2Fv2%2Fcomments&post=6988"}],"version-history":[{"count":0,"href":"https:\/\/construcaocivil.siriusmarketingedesign.com.br\/index.php?rest_route=\/wp\/v2\/posts\/6988\/revisions"}],"wp:attachment":[{"href":"https:\/\/construcaocivil.siriusmarketingedesign.com.br\/index.php?rest_route=%2Fwp%2Fv2%2Fmedia&parent=6988"}],"wp:term":[{"taxonomy":"category","embeddable":true,"href":"https:\/\/construcaocivil.siriusmarketingedesign.com.br\/index.php?rest_route=%2Fwp%2Fv2%2Fcategories&post=6988"},{"taxonomy":"post_tag","embeddable":true,"href":"https:\/\/construcaocivil.siriusmarketingedesign.com.br\/index.php?rest_route=%2Fwp%2Fv2%2Ftags&post=6988"}],"curies":[{"name":"wp","href":"https:\/\/api.w.org\/{rel}","templated":true}]}}