{"id":7002,"date":"2017-08-01T15:22:14","date_gmt":"2017-08-01T18:22:14","guid":{"rendered":"http:\/\/www.jornaldaconstrucaocivil.com.br\/?p=7002"},"modified":"2017-08-01T15:22:14","modified_gmt":"2017-08-01T18:22:14","slug":"vendas-do-varejo-de-material-de-construcao-crescem-4-em-julho","status":"publish","type":"post","link":"https:\/\/construcaocivil.siriusmarketingedesign.com.br\/?p=7002","title":{"rendered":"Vendas do varejo de material de constru\u00e7\u00e3o crescem 4% em julho"},"content":{"rendered":"<p style=\"text-align: justify;\"><span style=\"color: #000080;\"><em><strong>Desempenho \u00e9 sobre m\u00eas de junho de 2017. Na compara\u00e7\u00e3o com julho do ano passado, setor apresenta queda de 5%<\/strong><\/em><\/span><\/p>\n<p style=\"text-align: justify;\"><span style=\"color: #000000;\"><span style=\"color: #993300;\">Agosto, 2017<\/span> &#8211; As vendas no varejo de material de constru\u00e7\u00e3o cresceram 4% no m\u00eas de julho com rela\u00e7\u00e3o a junho. J\u00e1 na compara\u00e7\u00e3o com julho do ano passado, o volume de vendas no m\u00eas foi 5% inferior. Os dados s\u00e3o da Pesquisa Tracking mensal da Anamaco, que entrevistou 530 lojistas entre os dias 26 a 29 de julho.<\/span><\/p>\n<p style=\"text-align: justify;\"><span style=\"color: #000000;\"><em><span style=\"color: #000080;\">&#8220;Com os resultados apresentados nos primeiros sete meses do ano, o setor apresenta crescimento de 3% sobre o mesmo per\u00edodo do ano passado&#8221;<\/span><\/em>, explica Cl\u00e1udio Conz, presidente da Anamaco. No acumulado dos \u00faltimos 12 meses, o varejo de material de constru\u00e7\u00e3o teve retra\u00e7\u00e3o de 5%.<\/span><\/p>\n<p style=\"text-align: justify;\"><span style=\"color: #000000;\">De acordo com Conz, o desempenho de vendas no m\u00eas de julho de 2016 foi o segundo melhor do ano passado. &#8220;Por isso, apesar de apresentarmos crescimento com rela\u00e7\u00e3o a junho de 2017, houve queda em rela\u00e7\u00e3o ao mesmo m\u00eas de 2016. Ainda dependemos muito do aumento da confian\u00e7a do consumidor, mas reforma n\u00e3o \u00e9 uma coisa que \u00e9 poss\u00edvel se adiar por muito tempo. As lojas est\u00e3o investindo em promo\u00e7\u00f5es para girar os estoques e o consumidor est\u00e1 aproveitando para fazer pequenas obras e reformas&#8221;, explica o presidente da Anamaco, que completa: &#8220;Aos poucos estamos sentindo o impacto da melhoria do cr\u00e9dito ao consumidor, que ainda \u00e9 pequena. \u00c9 preciso lembrar, tamb\u00e9m, que o segundo semestre do ano corresponde a 65% das vendas do varejo de material de constru\u00e7\u00e3o no ano. Por isso, estamos otimistas de que fecharemos 2017 com 5% de crescimento sobre 2016, quando tivemos um faturamento de R$ 110 bilh\u00f5es&#8221;.<\/span><\/p>\n<p style=\"text-align: justify;\"><span style=\"color: #000000;\">A pesquisa mensal da Anamaco indicou que todas as regi\u00f5es apresentaram crescimento no m\u00eas, exceto o Norte, que teve retra\u00e7\u00e3o de 5%. A regi\u00e3o com melhor desempenho no m\u00eas foi a Sul (9%), seguida do Nordeste (5%), Sudeste e Centro-Oeste (3% cada).<\/span><\/p>\n<p style=\"text-align: justify;\"><span style=\"color: #000000;\">Cerca de 56% dos entrevistados acreditam que haver\u00e1 aumento de volume de vendas de 10% j\u00e1 em agosto. O mercado, por\u00e9m, continua mostrando-se sens\u00edvel \u00e0 instabilidade pol\u00edtica. O pessimismo do setor com rela\u00e7\u00e3o \u00e0s a\u00e7\u00f5es do Governo nos pr\u00f3ximos 12 meses subiu de 43% para 48%.<\/span><\/p>\n<p style=\"text-align: justify;\"><span style=\"color: #000000;\">Doze por cento dos lojistas pretende contratar novos funcion\u00e1rios em agosto e 32% dos entrevistados pretende fazer novos investimentos ainda em 2017.<\/span><\/p>\n<p style=\"text-align: justify;\"><span style=\"color: #000000;\">A Pesquisa Tracking Anamaco tem o apoio da Anfacer, Abrafati e Instituto Crisotila Brasil.\u00a0<\/span><\/p>\n<p>&nbsp;<\/p>\n","protected":false},"excerpt":{"rendered":"<p>Desempenho \u00e9 sobre m\u00eas de junho de 2017. Na compara\u00e7\u00e3o com julho do ano passado, setor apresenta queda de 5% Agosto, 2017 &#8211; As vendas no varejo de material de constru\u00e7\u00e3o cresceram 4% no m\u00eas de julho com rela\u00e7\u00e3o a junho. J\u00e1 na compara\u00e7\u00e3o com julho do ano passado, o volume de vendas no m\u00eas [&hellip;]<\/p>\n","protected":false},"author":1,"featured_media":0,"comment_status":"open","ping_status":"open","sticky":false,"template":"","format":"standard","meta":{"_uag_custom_page_level_css":"","footnotes":""},"categories":[33],"tags":[705,3856,6177,7027,7470,10125,12292],"class_list":["post-7002","post","type-post","status-publish","format-standard","hentry","category-mercado","tag-anamaco","tag-economia","tag-instabilidade-politica-atrapalha-vendas","tag-lojistas-e-redes-de-varejos","tag-mercado","tag-regiao-sul-melhor-desempenho","tag-vendas-de-material-de-construcao"],"blocksy_meta":[],"spectra_blocks_featured_image_url":null,"spectra_blocks_author_info":{"display_name":"Jornal da Constru\u00e7\u00e3o Civil","avatar_url":"https:\/\/secure.gravatar.com\/avatar\/973c9774fd44ddaceb026973c4962faa70fc512bc4c9da68e8ebb40fecee6540?s=96&d=mm&r=g","author_link":"https:\/\/construcaocivil.siriusmarketingedesign.com.br\/?author=1","description":"Desde de 2013, levando muitas informa\u00e7\u00f5es, lan\u00e7amentos e produtos de qualidade para toda cadeia produtiva da constru\u00e7\u00e3o. O Futuro da constru\u00e7\u00e3o passa por aqui,"},"uagb_featured_image_src":{"full":false,"thumbnail":false,"medium":false,"medium_large":false,"large":false,"1536x1536":false,"2048x2048":false},"uagb_author_info":{"display_name":"Jornal da Constru\u00e7\u00e3o Civil","author_link":"https:\/\/construcaocivil.siriusmarketingedesign.com.br\/?author=1"},"uagb_comment_info":0,"uagb_excerpt":"Desempenho \u00e9 sobre m\u00eas de junho de 2017. Na compara\u00e7\u00e3o com julho do ano passado, setor apresenta queda de 5% Agosto, 2017 &#8211; As vendas no varejo de material de constru\u00e7\u00e3o cresceram 4% no m\u00eas de julho com rela\u00e7\u00e3o a junho. J\u00e1 na compara\u00e7\u00e3o com julho do ano passado, o volume de vendas no m\u00eas&hellip;","_links":{"self":[{"href":"https:\/\/construcaocivil.siriusmarketingedesign.com.br\/index.php?rest_route=\/wp\/v2\/posts\/7002","targetHints":{"allow":["GET"]}}],"collection":[{"href":"https:\/\/construcaocivil.siriusmarketingedesign.com.br\/index.php?rest_route=\/wp\/v2\/posts"}],"about":[{"href":"https:\/\/construcaocivil.siriusmarketingedesign.com.br\/index.php?rest_route=\/wp\/v2\/types\/post"}],"author":[{"embeddable":true,"href":"https:\/\/construcaocivil.siriusmarketingedesign.com.br\/index.php?rest_route=\/wp\/v2\/users\/1"}],"replies":[{"embeddable":true,"href":"https:\/\/construcaocivil.siriusmarketingedesign.com.br\/index.php?rest_route=%2Fwp%2Fv2%2Fcomments&post=7002"}],"version-history":[{"count":0,"href":"https:\/\/construcaocivil.siriusmarketingedesign.com.br\/index.php?rest_route=\/wp\/v2\/posts\/7002\/revisions"}],"wp:attachment":[{"href":"https:\/\/construcaocivil.siriusmarketingedesign.com.br\/index.php?rest_route=%2Fwp%2Fv2%2Fmedia&parent=7002"}],"wp:term":[{"taxonomy":"category","embeddable":true,"href":"https:\/\/construcaocivil.siriusmarketingedesign.com.br\/index.php?rest_route=%2Fwp%2Fv2%2Fcategories&post=7002"},{"taxonomy":"post_tag","embeddable":true,"href":"https:\/\/construcaocivil.siriusmarketingedesign.com.br\/index.php?rest_route=%2Fwp%2Fv2%2Ftags&post=7002"}],"curies":[{"name":"wp","href":"https:\/\/api.w.org\/{rel}","templated":true}]}}