{"id":7010,"date":"2017-08-01T19:58:15","date_gmt":"2017-08-01T22:58:15","guid":{"rendered":"http:\/\/www.jornaldaconstrucaocivil.com.br\/?p=7010"},"modified":"2017-08-01T19:58:15","modified_gmt":"2017-08-01T22:58:15","slug":"cozinhas-itatiaia-participa-de-feira-de-moveis-e-eletro-em-fortaleza-ce-e-apresenta-lancamento-da-marca","status":"publish","type":"post","link":"https:\/\/construcaocivil.siriusmarketingedesign.com.br\/?p=7010","title":{"rendered":"Cozinhas Itatiaia participa de feira de m\u00f3veis e eletro em Fortaleza (CE) e apresenta lan\u00e7amento da marca"},"content":{"rendered":"<p style=\"text-align: justify;\"><span style=\"color: #000080;\"><em><strong>Yes Showroom Fortaleza ser\u00e1 realizada, at\u00e9 o dia 3 de agosto, no Centro de Eventos do Cear\u00e1; empresa vai expor a novidade: cozinha Fluence<\/strong><\/em><\/span><\/p>\n<figure id=\"attachment_7011\" aria-describedby=\"caption-attachment-7011\" style=\"width: 432px\" class=\"wp-caption alignleft\"><a href=\"http:\/\/www.jornaldaconstrucaocivil.com.br\/wp-content\/uploads\/2017\/08\/AAcozinha-Fluence_Lan\u00e7amento.jpg\"><img loading=\"lazy\" decoding=\"async\" class=\"wp-image-7011\" src=\"http:\/\/www.jornaldaconstrucaocivil.com.br\/wp-content\/uploads\/2017\/08\/AAcozinha-Fluence_Lan\u00e7amento-1024x576.jpg\" width=\"432\" height=\"243\" \/><\/a><figcaption id=\"caption-attachment-7011\" class=\"wp-caption-text\">Cozinha Fluence Lan\u00e7amento<\/figcaption><\/figure>\n<p style=\"text-align: justify;\"><span style=\"color: #000000;\"><span style=\"color: #993300;\">Agosto, 2017<\/span> &#8211; A Cozinhas Itatiaia, uma das maiores ind\u00fastrias de m\u00f3veis do pa\u00eds, exp\u00f5e durante a feira Yes Showroom M\u00f3veis e Eletros, que ser\u00e1 realizada, at\u00e9 o dia 3 de agosto, em Fortaleza (CE). Para estreitar o relacionamento com os lojistas dos setores de m\u00f3veis e eletrodom\u00e9sticos, a empresa vai apresentar ao p\u00fablico o \u00faltimo lan\u00e7amento da marca: a cozinha Fluence. A feira, que se apresenta pela primeira vez na capital cearense, ocorre no Centro de Eventos do Cear\u00e1 (CEC).<\/span><\/p>\n<p style=\"text-align: justify;\"><span style=\"color: #000000;\">Para o diretor Comercial e Marketing da Cozinhas Itatiaia, Rodrigo Carneiro, a feira \u00e9 uma oportunidade de se aproximar dos clientes e lojistas, possibilitando a realiza\u00e7\u00e3o de novos neg\u00f3cios. <span style=\"color: #000080;\"><em>&#8220;Essa \u00e9 a quinta feira que participamos neste ano e a Showroom de Fortaleza, em especial, tem muita import\u00e2ncia para a Itatiaia por ser bem estrat\u00e9gica e contar com a presen\u00e7a do p\u00fablico nordestino. Vamos expor o nosso \u00faltimo lan\u00e7amento com a expectativa de bons neg\u00f3cios, uma vez que a nossa inten\u00e7\u00e3o \u00e9 sempre oferecer produtos diferenciados, que trafegam por v\u00e1rias faixas de pre\u00e7os, e acess\u00edvel para diferentes p\u00fablicos.&#8221;<\/em><\/span><\/span><\/p>\n<p style=\"text-align: justify;\"><strong><span style=\"color: #000000;\">Cozinha Fluence<\/span><\/strong><\/p>\n<p style=\"text-align: justify;\"><span style=\"color: #000000;\">Uma das novidades da Itatiaia para este ano \u00e9 a cozinha em madeira Fluence em duas vers\u00f5es: aveiro Oak e branco. Possui porta com moldura na cor do padr\u00e3o e vidro <span style=\"color: #993300;\">&#8220;reflecta&#8221;<\/span>, que \u00e9 espelhado e reflete o ambiente conforme a incid\u00eancia da luz, mas ainda tem certa transpar\u00eancia e possibilita enxergar o que tem dentro. A cozinha tamb\u00e9m tem uma exclusiva grelha em a\u00e7o para a sa\u00edda de ar quente, tampo com acabamento em padr\u00e3o concreto e duas op\u00e7\u00f5es de paneleiros profundos com um e dois espa\u00e7os para colocar fornos. Outros diferencias s\u00e3o a corredi\u00e7a met\u00e1lica, corpo e porta em MDP de 15 mm revestido, caixaria com interno branco e modula\u00e7\u00e3o que permite projetos \u00fanicos.<\/span><\/p>\n<p style=\"text-align: justify;\"><span style=\"color: #000000;\"><span style=\"color: #000080;\"><em>&#8220;O lan\u00e7amento traduz uma das nossas premissas: a inova\u00e7\u00e3o. A cozinha Fluence tem diversos detalhes exclusivos da marca, como a grelha para sa\u00edda de ar quente. Al\u00e9m disso, vamos fazer diversos lan\u00e7amentos ao longo deste ano, inclusive no setor de eletrodom\u00e9sticos. Os lojistas v\u00e3o gostar da novidade e poder\u00e3o realizar bons neg\u00f3cios no mercado&#8221;<\/em><\/span>, declara Rodrigo Carneiro.<\/span><\/p>\n","protected":false},"excerpt":{"rendered":"<p>Yes Showroom Fortaleza ser\u00e1 realizada, at\u00e9 o dia 3 de agosto, no Centro de Eventos do Cear\u00e1; empresa vai expor a novidade: cozinha Fluence Agosto, 2017 &#8211; A Cozinhas Itatiaia, uma das maiores ind\u00fastrias de m\u00f3veis do pa\u00eds, exp\u00f5e durante a feira Yes Showroom M\u00f3veis e Eletros, que ser\u00e1 realizada, at\u00e9 o dia 3 de [&hellip;]<\/p>\n","protected":false},"author":1,"featured_media":7011,"comment_status":"open","ping_status":"open","sticky":false,"template":"","format":"standard","meta":{"_uag_custom_page_level_css":"","footnotes":""},"categories":[28],"tags":[1933,3124,3125,5200,8282,8284,11041,12558],"class_list":["post-7010","post","type-post","status-publish","format-standard","has-post-thumbnail","hentry","category-arquitetura","tag-casa-e-decoracao","tag-cozinhas-itatiaia","tag-cozinhas-modernas-e-atraentes","tag-fortalezace","tag-novos-lancamentos","tag-novos-mercados","tag-setores-de-moveis-e-eletrodomesticos","tag-yes-showroom-moveis-e-eletros"],"blocksy_meta":[],"spectra_blocks_featured_image_url":[],"spectra_blocks_author_info":{"display_name":"Jornal da Constru\u00e7\u00e3o Civil","avatar_url":"https:\/\/secure.gravatar.com\/avatar\/973c9774fd44ddaceb026973c4962faa70fc512bc4c9da68e8ebb40fecee6540?s=96&d=mm&r=g","author_link":"https:\/\/construcaocivil.siriusmarketingedesign.com.br\/?author=1","description":"Desde de 2013, levando muitas informa\u00e7\u00f5es, lan\u00e7amentos e produtos de qualidade para toda cadeia produtiva da constru\u00e7\u00e3o. O Futuro da constru\u00e7\u00e3o passa por aqui,"},"uagb_featured_image_src":{"full":false,"thumbnail":false,"medium":false,"medium_large":false,"large":false,"1536x1536":false,"2048x2048":false},"uagb_author_info":{"display_name":"Jornal da Constru\u00e7\u00e3o Civil","author_link":"https:\/\/construcaocivil.siriusmarketingedesign.com.br\/?author=1"},"uagb_comment_info":0,"uagb_excerpt":"Yes Showroom Fortaleza ser\u00e1 realizada, at\u00e9 o dia 3 de agosto, no Centro de Eventos do Cear\u00e1; empresa vai expor a novidade: cozinha Fluence Agosto, 2017 &#8211; A Cozinhas Itatiaia, uma das maiores ind\u00fastrias de m\u00f3veis do pa\u00eds, exp\u00f5e durante a feira Yes Showroom M\u00f3veis e Eletros, que ser\u00e1 realizada, at\u00e9 o dia 3 de&hellip;","_links":{"self":[{"href":"https:\/\/construcaocivil.siriusmarketingedesign.com.br\/index.php?rest_route=\/wp\/v2\/posts\/7010","targetHints":{"allow":["GET"]}}],"collection":[{"href":"https:\/\/construcaocivil.siriusmarketingedesign.com.br\/index.php?rest_route=\/wp\/v2\/posts"}],"about":[{"href":"https:\/\/construcaocivil.siriusmarketingedesign.com.br\/index.php?rest_route=\/wp\/v2\/types\/post"}],"author":[{"embeddable":true,"href":"https:\/\/construcaocivil.siriusmarketingedesign.com.br\/index.php?rest_route=\/wp\/v2\/users\/1"}],"replies":[{"embeddable":true,"href":"https:\/\/construcaocivil.siriusmarketingedesign.com.br\/index.php?rest_route=%2Fwp%2Fv2%2Fcomments&post=7010"}],"version-history":[{"count":0,"href":"https:\/\/construcaocivil.siriusmarketingedesign.com.br\/index.php?rest_route=\/wp\/v2\/posts\/7010\/revisions"}],"wp:attachment":[{"href":"https:\/\/construcaocivil.siriusmarketingedesign.com.br\/index.php?rest_route=%2Fwp%2Fv2%2Fmedia&parent=7010"}],"wp:term":[{"taxonomy":"category","embeddable":true,"href":"https:\/\/construcaocivil.siriusmarketingedesign.com.br\/index.php?rest_route=%2Fwp%2Fv2%2Fcategories&post=7010"},{"taxonomy":"post_tag","embeddable":true,"href":"https:\/\/construcaocivil.siriusmarketingedesign.com.br\/index.php?rest_route=%2Fwp%2Fv2%2Ftags&post=7010"}],"curies":[{"name":"wp","href":"https:\/\/api.w.org\/{rel}","templated":true}]}}