{"id":7013,"date":"2017-08-01T20:03:14","date_gmt":"2017-08-01T23:03:14","guid":{"rendered":"http:\/\/www.jornaldaconstrucaocivil.com.br\/?p=7013"},"modified":"2017-08-01T20:03:14","modified_gmt":"2017-08-01T23:03:14","slug":"alagoas-assina-acordo-para-implantar-ferramenta-de-controle-de-residuos-industriais","status":"publish","type":"post","link":"https:\/\/construcaocivil.siriusmarketingedesign.com.br\/?p=7013","title":{"rendered":"Alagoas assina acordo para implantar ferramenta de controle de res\u00edduos industriais"},"content":{"rendered":"<p style=\"text-align: justify;\"><span style=\"color: #000080;\"><em><strong>Conv\u00eanio entre o Instituto do Meio Ambiente (IMA-AL) e a Funda\u00e7\u00e3o para o Meio Ambiente de Santa Catarina (Fatma), com o apoio da Associa\u00e7\u00e3o Brasileira de Empresas de Tratamento de Res\u00edduos e Efluentes (Abetre), prev\u00ea declara\u00e7\u00e3o obrigat\u00f3ria das empresas geradoras<\/strong><\/em><\/span><\/p>\n<p style=\"text-align: justify;\"><span style=\"color: #000000;\"><span style=\"color: #993300;\">Agosto de 2017<\/span> \u2013 O estado de Alagoas acaba de assinar um conv\u00eanio para adotar o sistema de controle de res\u00edduos industriais na regi\u00e3o. Trata-se de um acordo de coopera\u00e7\u00e3o entre o Instituto do Meio Ambiente (IMA-AL) e a Funda\u00e7\u00e3o para o Meio ambiente de Santa Catarina (Fatma), com o apoio t\u00e9cnico da Associa\u00e7\u00e3o Brasileira de Empresas de Tratamento de Res\u00edduos e Efluentes (Abetre).<\/span><\/p>\n<p style=\"text-align: justify;\"><span style=\"color: #000000;\">A proposta das autoridades alagoanas \u00e9 replicar a ferramenta de Santa Catarina, que funciona h\u00e1 mais de um ano na regi\u00e3o e conta atualmente com a ades\u00e3o de cerca de 40 mil empresas. Por ser feito de maneira online e via web, a plataforma permite o acompanhamento em tempo real de todas as etapas da cadeia de destina\u00e7\u00e3o de res\u00edduos s\u00f3lidos no estado, incluindo a gera\u00e7\u00e3o, o armazenamento, o transporte e o tratamento e disposi\u00e7\u00e3o final, mesmo quando a origem ou destino dos rejeitos for fora do territ\u00f3rio em quest\u00e3o.<\/span><\/p>\n<p style=\"text-align: justify;\"><span style=\"color: #000000;\">Para o presidente da Abetre, Carlos Fernandes, trata-se do mais moderno mecanismo declarat\u00f3rio na \u00e1rea de gest\u00e3o p\u00fablica ambiental no Brasil. Segundo o executivo, o principal avan\u00e7o \u00e9 a seguran\u00e7a do gerador com rela\u00e7\u00e3o a destina\u00e7\u00e3o correta e, sobretudo, para a preven\u00e7\u00e3o de passivos ambientais. <span style=\"color: #000080;\"><em>&#8220;Tamb\u00e9m assegura \u00e0s companhias geradoras a rastreabilidade dos res\u00edduos e a confiabilidade dos documentos comprobat\u00f3rios da destina\u00e7\u00e3o final efetuada&#8221;<\/em><\/span>, afirma Fernandes.<\/span><\/p>\n<p style=\"text-align: justify;\"><span style=\"color: #000000;\"><em><span style=\"color: #000080;\">&#8220;A nova sistem\u00e1tica oferece aos \u00f3rg\u00e3os competentes um sistema de controle mais apurado e uma radiografia completa de toda a cadeia de gest\u00e3o de res\u00edduos no estado&#8221;<\/span><\/em>, comenta o presidente da Abetre.<\/span><\/p>\n<p style=\"text-align: justify;\"><span style=\"color: #000000;\">Para viabilizar esses projetos, a equipe t\u00e9cnica da Abetre tem participado de diversas reuni\u00f5es com os \u00f3rg\u00e3os ambientais de cada estado e com as entidades de classe do setor industrial e de res\u00edduos.<\/span><\/p>\n","protected":false},"excerpt":{"rendered":"<p>Conv\u00eanio entre o Instituto do Meio Ambiente (IMA-AL) e a Funda\u00e7\u00e3o para o Meio Ambiente de Santa Catarina (Fatma), com o apoio da Associa\u00e7\u00e3o Brasileira de Empresas de Tratamento de Res\u00edduos e Efluentes (Abetre), prev\u00ea declara\u00e7\u00e3o obrigat\u00f3ria das empresas geradoras Agosto de 2017 \u2013 O estado de Alagoas acaba de assinar um conv\u00eanio para adotar [&hellip;]<\/p>\n","protected":false},"author":1,"featured_media":0,"comment_status":"open","ping_status":"open","sticky":false,"template":"","format":"standard","meta":{"_uag_custom_page_level_css":"","footnotes":""},"categories":[27],"tags":[578,995,5276,6224,7443,10250,11027,11184],"class_list":["post-7013","post","type-post","status-publish","format-standard","hentry","category-acontece","tag-alagoas","tag-associacao-brasileira-de-empresas-de-tratamento-de-residuos-e-efluentes-abetre","tag-fundacao-para-o-meio-ambiente-de-santa-catarina-fatma","tag-instituto-do-meio-ambiente-ima-al","tag-meio-ambiente-e-sustentabilidade","tag-residuos-industriais","tag-setor-industrial-e-de-residuos","tag-sistema-de-controle-de-residuos-industriais"],"blocksy_meta":[],"spectra_blocks_featured_image_url":null,"spectra_blocks_author_info":{"display_name":"Jornal da Constru\u00e7\u00e3o Civil","avatar_url":"https:\/\/secure.gravatar.com\/avatar\/973c9774fd44ddaceb026973c4962faa70fc512bc4c9da68e8ebb40fecee6540?s=96&d=mm&r=g","author_link":"https:\/\/construcaocivil.siriusmarketingedesign.com.br\/?author=1","description":"Desde de 2013, levando muitas informa\u00e7\u00f5es, lan\u00e7amentos e produtos de qualidade para toda cadeia produtiva da constru\u00e7\u00e3o. O Futuro da constru\u00e7\u00e3o passa por aqui,"},"uagb_featured_image_src":{"full":false,"thumbnail":false,"medium":false,"medium_large":false,"large":false,"1536x1536":false,"2048x2048":false},"uagb_author_info":{"display_name":"Jornal da Constru\u00e7\u00e3o Civil","author_link":"https:\/\/construcaocivil.siriusmarketingedesign.com.br\/?author=1"},"uagb_comment_info":0,"uagb_excerpt":"Conv\u00eanio entre o Instituto do Meio Ambiente (IMA-AL) e a Funda\u00e7\u00e3o para o Meio Ambiente de Santa Catarina (Fatma), com o apoio da Associa\u00e7\u00e3o Brasileira de Empresas de Tratamento de Res\u00edduos e Efluentes (Abetre), prev\u00ea declara\u00e7\u00e3o obrigat\u00f3ria das empresas geradoras Agosto de 2017 \u2013 O estado de Alagoas acaba de assinar um conv\u00eanio para adotar&hellip;","_links":{"self":[{"href":"https:\/\/construcaocivil.siriusmarketingedesign.com.br\/index.php?rest_route=\/wp\/v2\/posts\/7013","targetHints":{"allow":["GET"]}}],"collection":[{"href":"https:\/\/construcaocivil.siriusmarketingedesign.com.br\/index.php?rest_route=\/wp\/v2\/posts"}],"about":[{"href":"https:\/\/construcaocivil.siriusmarketingedesign.com.br\/index.php?rest_route=\/wp\/v2\/types\/post"}],"author":[{"embeddable":true,"href":"https:\/\/construcaocivil.siriusmarketingedesign.com.br\/index.php?rest_route=\/wp\/v2\/users\/1"}],"replies":[{"embeddable":true,"href":"https:\/\/construcaocivil.siriusmarketingedesign.com.br\/index.php?rest_route=%2Fwp%2Fv2%2Fcomments&post=7013"}],"version-history":[{"count":0,"href":"https:\/\/construcaocivil.siriusmarketingedesign.com.br\/index.php?rest_route=\/wp\/v2\/posts\/7013\/revisions"}],"wp:attachment":[{"href":"https:\/\/construcaocivil.siriusmarketingedesign.com.br\/index.php?rest_route=%2Fwp%2Fv2%2Fmedia&parent=7013"}],"wp:term":[{"taxonomy":"category","embeddable":true,"href":"https:\/\/construcaocivil.siriusmarketingedesign.com.br\/index.php?rest_route=%2Fwp%2Fv2%2Fcategories&post=7013"},{"taxonomy":"post_tag","embeddable":true,"href":"https:\/\/construcaocivil.siriusmarketingedesign.com.br\/index.php?rest_route=%2Fwp%2Fv2%2Ftags&post=7013"}],"curies":[{"name":"wp","href":"https:\/\/api.w.org\/{rel}","templated":true}]}}