{"id":7018,"date":"2017-08-01T20:22:55","date_gmt":"2017-08-01T23:22:55","guid":{"rendered":"http:\/\/www.jornaldaconstrucaocivil.com.br\/?p=7018"},"modified":"2017-08-01T20:22:55","modified_gmt":"2017-08-01T23:22:55","slug":"64-palestras-gratuitas-para-profissionais-que-atuam-na-construcao-civil","status":"publish","type":"post","link":"https:\/\/construcaocivil.siriusmarketingedesign.com.br\/?p=7018","title":{"rendered":"64 palestras gratuitas para profissionais que atuam na constru\u00e7\u00e3o civil"},"content":{"rendered":"<p style=\"text-align: justify;\"><span style=\"color: #000080;\"><em><strong>Ideia \u00e9 levar capacita\u00e7\u00e3o e atualiza\u00e7\u00e3o com conte\u00fado de qualidade, por meio de especialistas renomados. A expectativa \u00e9 receber 3.800 profissionais em tr\u00eas dias<\/strong><\/em><\/span><\/p>\n<p style=\"text-align: justify;\"><span style=\"color: #000000;\"><span style=\"color: #993300;\">Agosto, 2017<\/span> &#8211; Em agosto, em uma iniciativa in\u00e9dita, a UBM Brazil ir\u00e1 apresentar as \u201c60 ideias que mudar\u00e3o a constru\u00e7\u00e3o civil nos pr\u00f3ximos anos\u201d. O objetivo \u00e9 incentivar a capacita\u00e7\u00e3o dos profissionais que atuam na constru\u00e7\u00e3o civil oferecendo 64 palestras gratuitas que abordam temas como solu\u00e7\u00f5es para cidades, sustentabilidade, novas tecnologias e sistemas construtivos, entre outros.<\/span><\/p>\n<p style=\"text-align: justify;\"><span style=\"color: #000000;\">As palestras ser\u00e3o realizadas no S\u00e3o Paulo Expo, nos dias 23 de agosto, das 15h \u00e0s 17h, e nos dias 24 e 25 de agosto, das 11h \u00e0s 17h. O conte\u00fado, altamente qualificado, ser\u00e1 ministrado por diversos profissionais renomados do setor da constru\u00e7\u00e3o civil. A expectativa da organiza\u00e7\u00e3o \u00e9 receber cerca de 3.800 profissionais. A programa\u00e7\u00e3o acontece em paralelo ao Concrete Show South America, feira que re\u00fane a cadeia produtiva do concreto.<\/span><\/p>\n<p style=\"text-align: justify;\"><span style=\"color: #000000;\">As palestras ser\u00e3o divididas em quatro palcos simult\u00e2neos, todos num mesmo espa\u00e7o, onde, por meio de fone de ouvido, os participantes poder\u00e3o escolher qual assunto preferem assistir. Cada palestra tem a dura\u00e7\u00e3o de 40 minutos e a capacidade de comportar um p\u00fablico de at\u00e9 70 pessoas. Para participar, o profissional precisa se credenciar antecipadamente pelo site do evento, como visitante, gratuitamente no endere\u00e7o eletr\u00f4nico:<span style=\"text-decoration: underline;\"><span style=\"color: #0000ff; text-decoration: underline;\">\u00a0<\/span><\/span><\/span><span style=\"text-decoration: underline;\"><span style=\"color: #0000ff; text-decoration: underline;\"><a style=\"color: #0000ff; text-decoration: underline;\" href=\"http:\/\/www.imcgrupo.com\/link.php?code=bDpodHRwJTNBJTJGJTJGcmVndHJvbi53ZWJzaXRlc2VndXJvLmNvbSUyRnVibSUyRmNyZWQxNSUyRiUzRmV2JTNEQ09ORkNPTkNSRVRFMTc6MTAyMzUwOTUxNjp3ZWJvYnJhc0BnbWFpbC5jb206MmFkZDVmYjAzYzg0ZGUyYWY4NWRkZTA1ZDk1ZmE3Mzc0ZA==\" data-saferedirecturl=\"https:\/\/www.google.com\/url?hl=pt-PT&amp;q=http:\/\/www.imcgrupo.com\/link.php?code%3DbDpodHRwJTNBJTJGJTJGcmVndHJvbi53ZWJzaXRlc2VndXJvLmNvbSUyRnVibSUyRmNyZWQxNSUyRiUzRmV2JTNEQ09ORkNPTkNSRVRFMTc6MTAyMzUwOTUxNjp3ZWJvYnJhc0BnbWFpbC5jb206MmFkZDVmYjAzYzg0ZGUyYWY4NWRkZTA1ZDk1ZmE3Mzc0ZA%3D%3D&amp;source=gmail&amp;ust=1501715702314000&amp;usg=AFQjCNFL7ybTHayBDnSemWYwDPv3LA4kDQ\">regtron.websiteseguro.com\/ubm\/cred15\/?ev=CONFCONCRETE17<\/a>.<\/span><\/span><\/p>\n<p><span style=\"color: #993300;\">As vagas ser\u00e3o preenchidas por ordem de chegada no local.<\/span><\/p>\n<p style=\"text-align: justify;\"><span style=\"color: #000000;\">S\u00e3o nove macrotemas: Solu\u00e7\u00f5es para Cidades; Respostas Simples para Problemas Complexos; Sistemas Construtivos e Materiais Inovadores; Panorama e Tend\u00eancias do Mercado; Novas Tecnologias Aplicadas \u00e0 Constru\u00e7\u00e3o; Gest\u00e3o e Produtividade na Constru\u00e7\u00e3o; Concreto e Design: Aplica\u00e7\u00f5es Surpreendentes do Concreto; Concreto do Futuro e Sustentabilidade na Constru\u00e7\u00e3o Civil.<\/span><\/p>\n<p><span style=\"color: #000000;\">A programa\u00e7\u00e3o completa est\u00e1 em:<span style=\"text-decoration: underline;\"><span style=\"color: #0000ff; text-decoration: underline;\">\u00a0http:\/\/www.concreteshow.com.br\/pt\/conferencia\/palestras-gratuitas.<\/span><\/span><\/span><\/p>\n<p style=\"text-align: justify;\">\n","protected":false},"excerpt":{"rendered":"<p>Ideia \u00e9 levar capacita\u00e7\u00e3o e atualiza\u00e7\u00e3o com conte\u00fado de qualidade, por meio de especialistas renomados. A expectativa \u00e9 receber 3.800 profissionais em tr\u00eas dias Agosto, 2017 &#8211; Em agosto, em uma iniciativa in\u00e9dita, a UBM Brazil ir\u00e1 apresentar as \u201c60 ideias que mudar\u00e3o a constru\u00e7\u00e3o civil nos pr\u00f3ximos anos\u201d. O objetivo \u00e9 incentivar a capacita\u00e7\u00e3o [&hellip;]<\/p>\n","protected":false},"author":1,"featured_media":0,"comment_status":"open","ping_status":"open","sticky":false,"template":"","format":"standard","meta":{"_uag_custom_page_level_css":"","footnotes":""},"categories":[33],"tags":[230,2270,2656,2826,7470,8232,8287,9539,10675,11206,11470],"class_list":["post-7018","post","type-post","status-publish","format-standard","hentry","category-mercado","tag-64-palestras-gratuitas","tag-cidades-inteligentes","tag-concrete-show-south-america-2017","tag-construcao-civil","tag-mercado","tag-novas-tecnologias","tag-novos-negocios","tag-profissionais-de-area-de-construcao-civil","tag-sao-paulo-expo","tag-sistemas-construtivos","tag-sustentabilidade"],"blocksy_meta":[],"spectra_blocks_featured_image_url":null,"spectra_blocks_author_info":{"display_name":"Jornal da Constru\u00e7\u00e3o Civil","avatar_url":"https:\/\/secure.gravatar.com\/avatar\/973c9774fd44ddaceb026973c4962faa70fc512bc4c9da68e8ebb40fecee6540?s=96&d=mm&r=g","author_link":"https:\/\/construcaocivil.siriusmarketingedesign.com.br\/?author=1","description":"Desde de 2013, levando muitas informa\u00e7\u00f5es, lan\u00e7amentos e produtos de qualidade para toda cadeia produtiva da constru\u00e7\u00e3o. O Futuro da constru\u00e7\u00e3o passa por aqui,"},"uagb_featured_image_src":{"full":false,"thumbnail":false,"medium":false,"medium_large":false,"large":false,"1536x1536":false,"2048x2048":false},"uagb_author_info":{"display_name":"Jornal da Constru\u00e7\u00e3o Civil","author_link":"https:\/\/construcaocivil.siriusmarketingedesign.com.br\/?author=1"},"uagb_comment_info":0,"uagb_excerpt":"Ideia \u00e9 levar capacita\u00e7\u00e3o e atualiza\u00e7\u00e3o com conte\u00fado de qualidade, por meio de especialistas renomados. A expectativa \u00e9 receber 3.800 profissionais em tr\u00eas dias Agosto, 2017 &#8211; Em agosto, em uma iniciativa in\u00e9dita, a UBM Brazil ir\u00e1 apresentar as \u201c60 ideias que mudar\u00e3o a constru\u00e7\u00e3o civil nos pr\u00f3ximos anos\u201d. O objetivo \u00e9 incentivar a capacita\u00e7\u00e3o&hellip;","_links":{"self":[{"href":"https:\/\/construcaocivil.siriusmarketingedesign.com.br\/index.php?rest_route=\/wp\/v2\/posts\/7018","targetHints":{"allow":["GET"]}}],"collection":[{"href":"https:\/\/construcaocivil.siriusmarketingedesign.com.br\/index.php?rest_route=\/wp\/v2\/posts"}],"about":[{"href":"https:\/\/construcaocivil.siriusmarketingedesign.com.br\/index.php?rest_route=\/wp\/v2\/types\/post"}],"author":[{"embeddable":true,"href":"https:\/\/construcaocivil.siriusmarketingedesign.com.br\/index.php?rest_route=\/wp\/v2\/users\/1"}],"replies":[{"embeddable":true,"href":"https:\/\/construcaocivil.siriusmarketingedesign.com.br\/index.php?rest_route=%2Fwp%2Fv2%2Fcomments&post=7018"}],"version-history":[{"count":0,"href":"https:\/\/construcaocivil.siriusmarketingedesign.com.br\/index.php?rest_route=\/wp\/v2\/posts\/7018\/revisions"}],"wp:attachment":[{"href":"https:\/\/construcaocivil.siriusmarketingedesign.com.br\/index.php?rest_route=%2Fwp%2Fv2%2Fmedia&parent=7018"}],"wp:term":[{"taxonomy":"category","embeddable":true,"href":"https:\/\/construcaocivil.siriusmarketingedesign.com.br\/index.php?rest_route=%2Fwp%2Fv2%2Fcategories&post=7018"},{"taxonomy":"post_tag","embeddable":true,"href":"https:\/\/construcaocivil.siriusmarketingedesign.com.br\/index.php?rest_route=%2Fwp%2Fv2%2Ftags&post=7018"}],"curies":[{"name":"wp","href":"https:\/\/api.w.org\/{rel}","templated":true}]}}