{"id":7035,"date":"2017-08-04T19:58:04","date_gmt":"2017-08-04T22:58:04","guid":{"rendered":"http:\/\/www.jornaldaconstrucaocivil.com.br\/?p=7035"},"modified":"2017-08-04T19:58:04","modified_gmt":"2017-08-04T22:58:04","slug":"case-tem-novos-gerentes-de-marketing-e-vendas","status":"publish","type":"post","link":"https:\/\/construcaocivil.siriusmarketingedesign.com.br\/?p=7035","title":{"rendered":"CASE tem novos gerentes de Marketing e Vendas"},"content":{"rendered":"<p style=\"text-align: justify;\"><em><strong><span style=\"color: #000000;\">Profissionais de carreira na marca, Maur\u00edcio Moraes e Carlos Fran\u00e7a t\u00eam como meta intensificar a oferta de solu\u00e7\u00f5es de neg\u00f3cios aos seus clientes e o trabalho conjunto com a rede de concession\u00e1rios<\/span><\/strong><\/em><\/p>\n<p style=\"text-align: justify;\"><span style=\"color: #000000;\"><span style=\"color: #993300;\">Agosto, 2017<\/span> &#8211; A Case Construction Equipment, uma das marcas l\u00edderes de vendas de m\u00e1quinas de constru\u00e7\u00e3o, tem novo gerente de Marketing para a Am\u00e9rica Latina, Maur\u00edcio Moraes, 51 anos, e de Vendas para o Brasil, Carlos Fran\u00e7a, 37 anos. Os dois executivos respondem diretamente ao vice-presidente da marca, Roque Reis.<\/span><\/p>\n<figure id=\"attachment_7036\" aria-describedby=\"caption-attachment-7036\" style=\"width: 300px\" class=\"wp-caption alignleft\"><a href=\"http:\/\/www.jornaldaconstrucaocivil.com.br\/wp-content\/uploads\/2017\/08\/Maur\u00edcio-Moraes-e-Carlos-Fran\u00e7a.jpg\"><img loading=\"lazy\" decoding=\"async\" class=\"wp-image-7036 size-medium\" src=\"http:\/\/www.jornaldaconstrucaocivil.com.br\/wp-content\/uploads\/2017\/08\/Maur\u00edcio-Moraes-e-Carlos-Fran\u00e7a-300x200.jpg\" alt=\"Maur\u00edcio Moraes e Carlos Fran\u00e7a\" width=\"300\" height=\"200\" \/><\/a><figcaption id=\"caption-attachment-7036\" class=\"wp-caption-text\">Da esquerda para a direita, Maur\u00edcio Moraes assume a ger\u00eancia de Marketing da CASE para a Am\u00e9rica Latina, e Carlos Fran\u00e7a, a de Vendas para o Brasil. Cr\u00e9ditos: Alexandre Lombardi<\/figcaption><\/figure>\n<p style=\"text-align: justify;\"><span style=\"color: #000000;\">Moraes e Fran\u00e7a s\u00e3o profissionais de carreira na CASE, ambos com mais de dez anos de casa. O novo gerente de Marketing j\u00e1 passou pelas \u00e1reas de Intelig\u00eancia de Mercado, Desenvolvimento de Rede, Key Account e Comunica\u00e7\u00f5es. Moraes \u00e9 formado em Publicidade e Propaganda pela PUC, com p\u00f3s-gradua\u00e7\u00e3o em Desenvolvimento Empresarial pela Funda\u00e7\u00e3o Dom Cabral e MBA Executivo em Gest\u00e3o de Neg\u00f3cios pelo Ibmec, todos em Minas Gerais.<\/span><\/p>\n<p style=\"text-align: justify;\"><span style=\"color: #000000;\">Carlos Fran\u00e7a foi gerente de Marketing por quatro anos, tendo tamb\u00e9m passado pelas \u00e1reas de Intelig\u00eancia de Mercado e Vendas Regionais. \u00c9 formado em Administra\u00e7\u00e3o com Habilita\u00e7\u00e3o em Com\u00e9rcio Exterior pela UNA e tem MBA em Marketing na Funda\u00e7\u00e3o Dom Cabral, ambas em Belo Horizonte (MG).<\/span><\/p>\n<p style=\"text-align: justify;\"><span style=\"color: #000000;\">Moraes fica alocado em Contagem, cidade mineira onde est\u00e1 localizada a planta industrial da CASE; e Fran\u00e7a, em Sorocaba (SP), onde est\u00e1 a diretoria Comercial.<\/span><\/p>\n<p style=\"text-align: justify;\"><span style=\"color: #000000;\"><span style=\"color: #000080;\"><em>&#8220;S\u00e3o profissionais que conhecem profundamente o mercado, as necessidades do setor, e, por isso, podem ajudar a ampliar nossa oferta de solu\u00e7\u00f5es que contribuam para a lucratividade dos neg\u00f3cios dos nossos clientes&#8221;, destaca Reis. &#8220;E isso s\u00f3 pode ser feito com trabalho conjunto com a nossa rede de concession\u00e1rios e os pr\u00f3prios usu\u00e1rios das nossas m\u00e1quinas&#8221;<\/em><\/span>, esclarece o vice-presidente da CASE.<\/span><\/p>\n<p style=\"text-align: justify;\"><span style=\"color: #000000;\">\u00a0Mais informa\u00e7\u00f5es sobre a CNH industrial podem ser encontradas online em <span style=\"text-decoration: underline;\"><span style=\"color: #0000ff; text-decoration: underline;\">www.cnhind.com<\/span><\/span>.<\/span><\/p>\n","protected":false},"excerpt":{"rendered":"<p>Profissionais de carreira na marca, Maur\u00edcio Moraes e Carlos Fran\u00e7a t\u00eam como meta intensificar a oferta de solu\u00e7\u00f5es de neg\u00f3cios aos seus clientes e o trabalho conjunto com a rede de concession\u00e1rios Agosto, 2017 &#8211; A Case Construction Equipment, uma das marcas l\u00edderes de vendas de m\u00e1quinas de constru\u00e7\u00e3o, tem novo gerente de Marketing para [&hellip;]<\/p>\n","protected":false},"author":1,"featured_media":7036,"comment_status":"open","ping_status":"open","sticky":false,"template":"","format":"standard","meta":{"_uag_custom_page_level_css":"","footnotes":""},"categories":[27],"tags":[1994,2366,2826,6096,7232,7470,8279,8287],"class_list":["post-7035","post","type-post","status-publish","format-standard","has-post-thumbnail","hentry","category-acontece","tag-case-construction-equipment","tag-cnh-industrial","tag-construcao-civil","tag-infraestrutura","tag-maquinas-pesadas","tag-mercado","tag-novos-gerentes","tag-novos-negocios"],"blocksy_meta":[],"spectra_blocks_featured_image_url":[],"spectra_blocks_author_info":{"display_name":"Jornal da Constru\u00e7\u00e3o Civil","avatar_url":"https:\/\/secure.gravatar.com\/avatar\/973c9774fd44ddaceb026973c4962faa70fc512bc4c9da68e8ebb40fecee6540?s=96&d=mm&r=g","author_link":"https:\/\/construcaocivil.siriusmarketingedesign.com.br\/?author=1","description":"Desde de 2013, levando muitas informa\u00e7\u00f5es, lan\u00e7amentos e produtos de qualidade para toda cadeia produtiva da constru\u00e7\u00e3o. O Futuro da constru\u00e7\u00e3o passa por aqui,"},"uagb_featured_image_src":{"full":false,"thumbnail":false,"medium":false,"medium_large":false,"large":false,"1536x1536":false,"2048x2048":false},"uagb_author_info":{"display_name":"Jornal da Constru\u00e7\u00e3o Civil","author_link":"https:\/\/construcaocivil.siriusmarketingedesign.com.br\/?author=1"},"uagb_comment_info":0,"uagb_excerpt":"Profissionais de carreira na marca, Maur\u00edcio Moraes e Carlos Fran\u00e7a t\u00eam como meta intensificar a oferta de solu\u00e7\u00f5es de neg\u00f3cios aos seus clientes e o trabalho conjunto com a rede de concession\u00e1rios Agosto, 2017 &#8211; A Case Construction Equipment, uma das marcas l\u00edderes de vendas de m\u00e1quinas de constru\u00e7\u00e3o, tem novo gerente de Marketing para&hellip;","_links":{"self":[{"href":"https:\/\/construcaocivil.siriusmarketingedesign.com.br\/index.php?rest_route=\/wp\/v2\/posts\/7035","targetHints":{"allow":["GET"]}}],"collection":[{"href":"https:\/\/construcaocivil.siriusmarketingedesign.com.br\/index.php?rest_route=\/wp\/v2\/posts"}],"about":[{"href":"https:\/\/construcaocivil.siriusmarketingedesign.com.br\/index.php?rest_route=\/wp\/v2\/types\/post"}],"author":[{"embeddable":true,"href":"https:\/\/construcaocivil.siriusmarketingedesign.com.br\/index.php?rest_route=\/wp\/v2\/users\/1"}],"replies":[{"embeddable":true,"href":"https:\/\/construcaocivil.siriusmarketingedesign.com.br\/index.php?rest_route=%2Fwp%2Fv2%2Fcomments&post=7035"}],"version-history":[{"count":0,"href":"https:\/\/construcaocivil.siriusmarketingedesign.com.br\/index.php?rest_route=\/wp\/v2\/posts\/7035\/revisions"}],"wp:attachment":[{"href":"https:\/\/construcaocivil.siriusmarketingedesign.com.br\/index.php?rest_route=%2Fwp%2Fv2%2Fmedia&parent=7035"}],"wp:term":[{"taxonomy":"category","embeddable":true,"href":"https:\/\/construcaocivil.siriusmarketingedesign.com.br\/index.php?rest_route=%2Fwp%2Fv2%2Fcategories&post=7035"},{"taxonomy":"post_tag","embeddable":true,"href":"https:\/\/construcaocivil.siriusmarketingedesign.com.br\/index.php?rest_route=%2Fwp%2Fv2%2Ftags&post=7035"}],"curies":[{"name":"wp","href":"https:\/\/api.w.org\/{rel}","templated":true}]}}