{"id":7040,"date":"2017-08-04T20:28:57","date_gmt":"2017-08-04T23:28:57","guid":{"rendered":"http:\/\/www.jornaldaconstrucaocivil.com.br\/?p=7040"},"modified":"2017-08-04T20:28:57","modified_gmt":"2017-08-04T23:28:57","slug":"macae-convention-bureau-promove-parcerias-para-fortalecer-turismo-regional","status":"publish","type":"post","link":"https:\/\/construcaocivil.siriusmarketingedesign.com.br\/?p=7040","title":{"rendered":"Maca\u00e9 Convention Bureau promove parcerias para fortalecer turismo regional"},"content":{"rendered":"<p style=\"text-align: justify;\"><span style=\"color: #000000;\"><span style=\"color: #993300;\">Maca\u00e9, Agosto, 2017<\/span> &#8211; Um projeto que est\u00e1 saindo do papel e pretende mudar o cen\u00e1rio do turismo regional, \u00e9 a parceria entre o Maca\u00e9 Convention &amp; Visitors Bureau e a Prefeitura de Quissam\u00e3. No \u00faltimo domingo(30\/Jul), cerca de 40 empres\u00e1rios associados da institui\u00e7\u00e3o, acompanhados de suas fam\u00edlias, fizeram um famtour pela hist\u00f3rica cidade de Quissam\u00e3.<\/span><\/p>\n<figure id=\"attachment_7041\" aria-describedby=\"caption-attachment-7041\" style=\"width: 300px\" class=\"wp-caption alignleft\"><a href=\"http:\/\/www.jornaldaconstrucaocivil.com.br\/wp-content\/uploads\/2017\/08\/Parceria-entre-Mac\u00e9-Convention-Bureau-e-prefeitura-de-Quissam\u00e3-re\u00fane-empres\u00e1rios-para-conhecer-a-hist\u00f3rica-cidade_Cr\u00e9dito-Phillipe-Moacyr15.jpeg\"><img loading=\"lazy\" decoding=\"async\" class=\"wp-image-7041 size-medium\" src=\"http:\/\/www.jornaldaconstrucaocivil.com.br\/wp-content\/uploads\/2017\/08\/Parceria-entre-Mac\u00e9-Convention-Bureau-e-prefeitura-de-Quissam\u00e3-re\u00fane-empres\u00e1rios-para-conhecer-a-hist\u00f3rica-cidade_Cr\u00e9dito-Phillipe-Moacyr15-300x200.jpeg\" alt=\"Parceria entre Mac\u00e9 Convention Bureau e prefeitura de Quissam\u00e3 re\u00fane empres\u00e1rios para conhecer a hist\u00f3rica cidade_Cr\u00e9dito Phillipe Moacyr(15)\" width=\"300\" height=\"200\" \/><\/a><figcaption id=\"caption-attachment-7041\" class=\"wp-caption-text\">Parceria entre Mac\u00e9 Convention Bureau e prefeitura de Quissam\u00e3 re\u00fane empres\u00e1rios para conhecer a hist\u00f3rica cidade. Cr\u00e9dito Phillipe Moacyr<\/figcaption><\/figure>\n<p style=\"text-align: justify;\"><span style=\"color: #000000;\">Na entrada da cidade os participantes foram recepcionados pelo secret\u00e1rio de Desenvolvimento Econ\u00f4mico, Trabalho e Turismo, Arnaldo Matoso, o coordenador de Turismo, Luis Carlos e o guia local, Luis Gustavo que contou um pouco das curiosidades da cidade.<\/span><\/p>\n<p style=\"text-align: justify;\"><span style=\"color: #000000;\">Logo em seguida, o grupo partiu para o Espa\u00e7o Cultural Jos\u00e9 Carlos Barcellos, de propriedade privada, da senhora Helianna Barcellos. O local \u00e9 aberto ao p\u00fablico e re\u00fane um acervo documental, com fotos, jornais, objetos, moedas e diversos outros objetos que contam a hist\u00f3ria do munic\u00edpio.<\/span><\/p>\n<p style=\"text-align: justify;\"><span style=\"color: #000000;\">No Centro Cultural Sobradinho, todos experimentaram o famoso pastel de nata, recheado com doce de leite.\u00a0 O espa\u00e7o oferece oficinas de arte e m\u00fasica para os moradores, al\u00e9m de abrigar a Biblioteca P\u00fablica Municipal, o Cinema, o Caf\u00e9 da Romana e uma r\u00e9plica da antiga Esta\u00e7\u00e3o Ferrovi\u00e1ria.<\/span><\/p>\n<p style=\"text-align: justify;\"><span style=\"color: #000000;\">O Museu Casa Quissam\u00e3, ofereceu uma experi\u00eancia \u00edmpar, onde visitantes puderam caminhar pela casa hist\u00f3rica, que mant\u00e9m as caracter\u00edsticas da \u00e9poca, bem como ver os quadros com fotos dos antigos moradores e pinturas que os retratavam.<\/span><\/p>\n<p style=\"text-align: justify;\"><span style=\"color: #000000;\">A prefeita da cidade, F\u00e1tima Pacheco, recebeu a todos no almo\u00e7o que aconteceu na Fazenda Machadinha, conhecida por manter viva as tradi\u00e7\u00f5es do passado com armaz\u00e9m e senzalas habitadas por descendentes de escravos.\u00a0 Logo em seguida teve uma apresenta\u00e7\u00e3o de Jongo, dan\u00e7a t\u00edpica africana.<\/span><\/p>\n<p style=\"text-align: justify;\"><span style=\"color: #000000;\">Na ocasi\u00e3o ela agradeceu a presen\u00e7a de todos e ressaltou a import\u00e2ncia de parcerias no turismo para alavancar a economia da regi\u00e3o. <span style=\"color: #000080;\"><em>\u201cA solu\u00e7\u00e3o para a crise \u00e9 o turismo, vamos trabalhar para que possamos ser uma regi\u00e3o conhecida por suas belezas naturais, hist\u00f3ricas e culturais\u201d<\/em><\/span>, finalizou a prefeita.<\/span><\/p>\n<p style=\"text-align: justify;\"><span style=\"color: #000000;\">Guilherme Braga de Abreu, presidente do Maca\u00e9 Convention Bureau, tamb\u00e9m ressaltou a import\u00e2ncia da parceria entre as cidades para fomentar o turismo regional.<span style=\"color: #000080;\"><em> \u201cUnindo os atrativos das cidades, nos fortalecemos como destino tur\u00edstico, fazendo a grande roda desta ind\u00fastria girar e movimentando assim, a economia atrav\u00e9s da gera\u00e7\u00e3o de empregos diretos e indiretos\u201d<\/em><\/span>, destacou.<\/span><\/p>\n<p style=\"text-align: justify;\"><span style=\"color: #000000;\">O passeio contou com o apoio da Associa\u00e7\u00e3o Comercial e Industrial de Maca\u00e9, Firjan e Rede Petro.<\/span><\/p>\n","protected":false},"excerpt":{"rendered":"<p>Maca\u00e9, Agosto, 2017 &#8211; Um projeto que est\u00e1 saindo do papel e pretende mudar o cen\u00e1rio do turismo regional, \u00e9 a parceria entre o Maca\u00e9 Convention &amp; Visitors Bureau e a Prefeitura de Quissam\u00e3. No \u00faltimo domingo(30\/Jul), cerca de 40 empres\u00e1rios associados da institui\u00e7\u00e3o, acompanhados de suas fam\u00edlias, fizeram um famtour pela hist\u00f3rica cidade de [&hellip;]<\/p>\n","protected":false},"author":1,"featured_media":0,"comment_status":"open","ping_status":"open","sticky":false,"template":"","format":"standard","meta":{"_uag_custom_page_level_css":"","footnotes":""},"categories":[27],"tags":[2258,3527,3856,7110,7470,8021,9295,10115,12003,12007],"class_list":["post-7040","post","type-post","status-publish","format-standard","hentry","category-acontece","tag-cidade-historica-de-quissama-rj","tag-desenvolvimento-regional","tag-economia","tag-macae-convention-bureau","tag-mercado","tag-museu-casa-quissama","tag-prefeitura-de-quissama","tag-regiao-norte-fluminense","tag-turismo","tag-turismo-regional"],"blocksy_meta":[],"spectra_blocks_featured_image_url":null,"spectra_blocks_author_info":{"display_name":"Jornal da Constru\u00e7\u00e3o Civil","avatar_url":"https:\/\/secure.gravatar.com\/avatar\/973c9774fd44ddaceb026973c4962faa70fc512bc4c9da68e8ebb40fecee6540?s=96&d=mm&r=g","author_link":"https:\/\/construcaocivil.siriusmarketingedesign.com.br\/?author=1","description":"Desde de 2013, levando muitas informa\u00e7\u00f5es, lan\u00e7amentos e produtos de qualidade para toda cadeia produtiva da constru\u00e7\u00e3o. O Futuro da constru\u00e7\u00e3o passa por aqui,"},"uagb_featured_image_src":{"full":false,"thumbnail":false,"medium":false,"medium_large":false,"large":false,"1536x1536":false,"2048x2048":false},"uagb_author_info":{"display_name":"Jornal da Constru\u00e7\u00e3o Civil","author_link":"https:\/\/construcaocivil.siriusmarketingedesign.com.br\/?author=1"},"uagb_comment_info":0,"uagb_excerpt":"Maca\u00e9, Agosto, 2017 &#8211; Um projeto que est\u00e1 saindo do papel e pretende mudar o cen\u00e1rio do turismo regional, \u00e9 a parceria entre o Maca\u00e9 Convention &amp; Visitors Bureau e a Prefeitura de Quissam\u00e3. No \u00faltimo domingo(30\/Jul), cerca de 40 empres\u00e1rios associados da institui\u00e7\u00e3o, acompanhados de suas fam\u00edlias, fizeram um famtour pela hist\u00f3rica cidade de&hellip;","_links":{"self":[{"href":"https:\/\/construcaocivil.siriusmarketingedesign.com.br\/index.php?rest_route=\/wp\/v2\/posts\/7040","targetHints":{"allow":["GET"]}}],"collection":[{"href":"https:\/\/construcaocivil.siriusmarketingedesign.com.br\/index.php?rest_route=\/wp\/v2\/posts"}],"about":[{"href":"https:\/\/construcaocivil.siriusmarketingedesign.com.br\/index.php?rest_route=\/wp\/v2\/types\/post"}],"author":[{"embeddable":true,"href":"https:\/\/construcaocivil.siriusmarketingedesign.com.br\/index.php?rest_route=\/wp\/v2\/users\/1"}],"replies":[{"embeddable":true,"href":"https:\/\/construcaocivil.siriusmarketingedesign.com.br\/index.php?rest_route=%2Fwp%2Fv2%2Fcomments&post=7040"}],"version-history":[{"count":0,"href":"https:\/\/construcaocivil.siriusmarketingedesign.com.br\/index.php?rest_route=\/wp\/v2\/posts\/7040\/revisions"}],"wp:attachment":[{"href":"https:\/\/construcaocivil.siriusmarketingedesign.com.br\/index.php?rest_route=%2Fwp%2Fv2%2Fmedia&parent=7040"}],"wp:term":[{"taxonomy":"category","embeddable":true,"href":"https:\/\/construcaocivil.siriusmarketingedesign.com.br\/index.php?rest_route=%2Fwp%2Fv2%2Fcategories&post=7040"},{"taxonomy":"post_tag","embeddable":true,"href":"https:\/\/construcaocivil.siriusmarketingedesign.com.br\/index.php?rest_route=%2Fwp%2Fv2%2Ftags&post=7040"}],"curies":[{"name":"wp","href":"https:\/\/api.w.org\/{rel}","templated":true}]}}